{"id":28990,"date":"2025-10-28T19:06:57","date_gmt":"2025-10-29T01:06:57","guid":{"rendered":"https:\/\/www.aquilaguna.com\/?p=28990"},"modified":"2025-10-28T19:06:57","modified_gmt":"2025-10-29T01:06:57","slug":"inician-en-torreon-trabajos-para-profesionalizacion-de-personal-en-actividades-turisticas","status":"publish","type":"post","link":"https:\/\/www.aquilaguna.com\/index.php\/2025\/10\/28\/inician-en-torreon-trabajos-para-profesionalizacion-de-personal-en-actividades-turisticas\/","title":{"rendered":"Inician en Torre\u00f3n trabajos para profesionalizaci\u00f3n de personal en actividades tur\u00edsticas."},"content":{"rendered":"\n<p>Torre\u00f3n, Coahuila.- &#8220;Altamente positivas las tareas que en pro de la certificaci\u00f3n de\u00a0los procesos\u00a0que \u00a0 implica\u00a0la\u00a0atracci\u00f3n y atenci\u00f3n a turistas y visitantes a \u00e9sta entidad, y que\u00a0se realizan\u00a0de la mano de organismos\u00a0creados exprofeso en cada una de las regiones de Coahuila\u00a0y la Secretar\u00eda de Turismo en Coahuila para alcanzar\u00a0la calidad\u00a0competitiva que\u00a0se\u00a0demanda\u00a0en \u00e9sta importante actividad econ\u00f3mica&#8221;.\u00a0\u00a0\u00a0<\/p>\n\n\n\n<p>As\u00f3 lo reconoci\u00f3, Guillermo Mart\u00ednez Avila, el recien desigando Director de Turismo en este municipio, al ponerse en marcha este d\u00eda, los trabajos que para la profesionalizaci\u00f3n de\u00a0quienes laboran en la cadena de valor de la actividad citada\u00a0se\u00a0realiza\u00a0por parte de la Secretar\u00eda correspondiente,\u00a0&#8220;se busca alcanzar tal objetivo, para\u00a0aumentar la calidad\u00a0que se ofrezca a vistantes y turistas\u00a0en materia de servicios\u00a0de \u00e9sta \u00edndole, y que forma parte de uno de los objetivos del gobierno, del Gobernador Manolo Jim\u00e9nez Salinas&#8221;.\u00a0<\/p>\n\n\n\n<p>Para nosotros, dijo el funcionario local, &#8220;estas acciones son muy importantes, pues debe recordarse que Torre\u00f3n en los \u00faltimos a\u00f1os ha venido mejorando su infraestructura,\u00a0que ya no registra solo el turismo religioso, sino tambi\u00e9n el de negocios,\u00a0y\u00a0va en aumento el denominado turismo m\u00e9dico&#8221;.<\/p>\n\n\n\n<p>&#8220;De ah\u00ed la importancia de la emisi\u00f3n de certificaciones para quienes se\u00a0dedican en Coahuila, a\u00a0estas actividades de mucha importancia econ\u00f3mica, se complemente, pues si bien no tenemos destino de playa, tenemos otras bondades&#8221;, dijo.<\/p>\n\n\n\n<p>\u00a0&#8220;Ahora,\u00a0quiero hacer referencia en este \u00faltimo tema,\u00a0de que Torre\u00f3n cuenta con much\u00edsimas ventajas&#8221;, \u00a0 citando que, &#8220;la ciudad cuenta con una gran\u00a0infraestructura hospitalaria, eje del turismo m\u00e9dico, no solo por la existencia de dos hospitales p\u00fablicos de primer nivel como\u00a0 los son\u00a0 Cl\u00ednica de Especialidades\u00a071 del IMSS\u00a0y el nuevo Hospital Regional del ISSSTE,\u00a0sino varios m\u00e1s de alto prestigio,\u00a0de \u00edndole privado&#8221;.<\/p>\n\n\n\n<p>&#8220;Esta certificaci\u00f3n viene a sumar,\u00a0a que los servicios de\u00a0operadores, restauranteros, hoteleros, y que todos quienes forman parte de la cadena de valor, va de la mano con la autoridad, para alcanzar especializaci\u00f3n\u00a0 y estar preparados para lo que viene, y ofrecer a nuestros visitantes un servicio de calidad&#8221;.<\/p>\n\n\n\n<p>&#8220;Esto posibilita ofrecer\u00a0y prestar\u00a0excelentes servicios m\u00e9dicos, a traves de\u00a0 especialistas altamente\u00a0 preparados\u00a0en sus divesras ramos, inclu\u00edda,\u00a0cual signo de los tiempos, la que corresponde a la medicina est\u00e9tica&#8221;.\u00a0<\/p>\n\n\n\n<p>&#8220;Tenemos pues un Clsuter hospitalario, que incluye como ya mencione, muchas cl\u00ednicas de primer\u00a0 y\u00a0 segundo nivel, donde\u00a0se cuenta con muchos especialistas\u00a0en diversas ramas de la\u00a0pr\u00e1ctica m\u00e9dica&#8221;,\u00a0 reiter\u00f3 que, &#8220;las\u00a0acciones de\u00a0capacitaci\u00f3n que se llevan a cabo\u00a0este d\u00eda y\u00a0ma\u00f1ana,\u00a0 conferencias por parte de\u00a0expertos en\u00a0los temas incluidos\u00a0en la agenda,\u00a0que atrajo ya\u00a0a un interesante n\u00famero de participantes -alrededor de 400-,\u00a0no solo, locales, sino de\u00a0cada una\u00a0de las\u00a0cuatro regiones de la entidad&#8221;.\u00a0<\/p>\n\n\n\n<p><strong>JUEGO INTERNACIONAL DE FUTBOL.<\/strong><\/p>\n\n\n\n<p>De\u00a0cara al futuro inmediato,\u00a0en materia de eventos de atracci\u00f3n local, nacional e internacional, el funcionario Mart\u00ednez\u00a0 Avila se refiri\u00f3 al encuentro, a sostener, el pr\u00f3ximo 15 de noviembre y en las canchas del estadio Corona,\u00a0de la Seleccion Nacional\u00a0de M\u00e9xico versus\u00a0la Selecci\u00f3n\u00a0Nacional de\u00a0 Uruguay,\u00a0partido de\u00a0preparaci\u00f3n.\u00a0<\/p>\n\n\n\n<p>Con\u00a0este juego, dijo el funcionario, &#8220;esperamos registrar\u00a0importante derrama econ\u00f3mica,\u00a0 y ocupaci\u00f3n hotelera alta&#8221;, citando que, &#8220;la Oficina de Convenciones y\u00a0Visitantes\u00a0de Torre\u00f3n tienen ya\u00a0 avanzado los trabajos en el tema&#8221;.<\/p>\n\n\n\n<p>Estim\u00f3 que\u00a0se espera la visita de cuando menos 25 mil aficionados, estimado luego que &#8220;alrededor de 15 mil aficionados vendr\u00e1n procedentes de otros puntos del pais, e incluso del extranjero&#8221;.\u00a0\u00a0<\/p>\n\n\n\n<p>Destac\u00f3 que la selecci\u00f3n visitante, tiene\u00a0por estas tierras mexicanas muchos seguidores, creo que ese referente es importante y atractivo para muchos aficionados&#8221;.<\/p>\n\n\n\n<p>&#8220;Torre\u00f3n\u00a0tendr\u00e1\u00a0pues\u00a0en solo unos d\u00edas m\u00e1s,\u00a0la oportunidad de disfrutar un encuentro deportivo, de futbol de primera categor\u00eda&#8221;, recordando que, &#8220;tenemos ya en puerta el\u00a0nuevo Mundial&#8221;, citando que\u00a0el territorio Santos Laguna, ha sido seleccionado para ser una sede\u00a0que albergar\u00e1 una selecci\u00f3n nacional\u00a0en la concentraci\u00f3n previa para hacer sus\u00a0entrenamientos&#8221;.<\/p>\n\n\n\n<p>Eso tambi\u00e9n, consider\u00f3 el funcionario, &#8220;va a causar\u00a0una derrama\u00a0econ\u00f3mica muy importante,\u00a0pues se recibir\u00e1n incluso a visitantes extranjeros&#8221;.<\/p>\n","protected":false},"excerpt":{"rendered":"<p>Torre\u00f3n, Coahuila.- &#8220;Altamente positivas las tareas que en pro de la certificaci\u00f3n de\u00a0los procesos\u00a0que \u00a0 implica\u00a0la\u00a0atracci\u00f3n y atenci\u00f3n a turistas y visitantes a \u00e9sta entidad, y que\u00a0se realizan\u00a0de la mano de organismos\u00a0creados exprofeso en cada una de las regiones de Coahuila\u00a0y la Secretar\u00eda de Turismo en Coahuila para alcanzar\u00a0la calidad\u00a0competitiva que\u00a0se\u00a0demanda\u00a0en \u00e9sta importante actividad econ\u00f3mica&#8221;.\u00a0\u00a0\u00a0 As\u00f3 lo reconoci\u00f3, Guillermo Mart\u00ednez Avila, el recien desigando Director de Turismo en este municipio,&#8230;<\/p>\n","protected":false},"author":2,"featured_media":0,"comment_status":"closed","ping_status":"","sticky":false,"template":"","format":"standard","meta":{"footnotes":""},"categories":[5,15,28,7,34],"tags":[],"class_list":["post-28990","post","type-post","status-publish","format-standard","hentry","category-coahuila","category-gobierno-de-coahuila","category-la-laguna","category-torreon","category-turismo","wpcat-5-id","wpcat-15-id","wpcat-28-id","wpcat-7-id","wpcat-34-id"],"_links":{"self":[{"href":"https:\/\/www.aquilaguna.com\/index.php\/wp-json\/wp\/v2\/posts\/28990","targetHints":{"allow":["GET"]}}],"collection":[{"href":"https:\/\/www.aquilaguna.com\/index.php\/wp-json\/wp\/v2\/posts"}],"about":[{"href":"https:\/\/www.aquilaguna.com\/index.php\/wp-json\/wp\/v2\/types\/post"}],"author":[{"embeddable":true,"href":"https:\/\/www.aquilaguna.com\/index.php\/wp-json\/wp\/v2\/users\/2"}],"replies":[{"embeddable":true,"href":"https:\/\/www.aquilaguna.com\/index.php\/wp-json\/wp\/v2\/comments?post=28990"}],"version-history":[{"count":1,"href":"https:\/\/www.aquilaguna.com\/index.php\/wp-json\/wp\/v2\/posts\/28990\/revisions"}],"predecessor-version":[{"id":28991,"href":"https:\/\/www.aquilaguna.com\/index.php\/wp-json\/wp\/v2\/posts\/28990\/revisions\/28991"}],"wp:attachment":[{"href":"https:\/\/www.aquilaguna.com\/index.php\/wp-json\/wp\/v2\/media?parent=28990"}],"wp:term":[{"taxonomy":"category","embeddable":true,"href":"https:\/\/www.aquilaguna.com\/index.php\/wp-json\/wp\/v2\/categories?post=28990"},{"taxonomy":"post_tag","embeddable":true,"href":"https:\/\/www.aquilaguna.com\/index.php\/wp-json\/wp\/v2\/tags?post=28990"}],"curies":[{"name":"wp","href":"https:\/\/api.w.org\/{rel}","templated":true}]}}