{"id":28992,"date":"2025-10-29T17:23:04","date_gmt":"2025-10-29T23:23:04","guid":{"rendered":"https:\/\/www.aquilaguna.com\/?p=28992"},"modified":"2025-10-29T17:23:04","modified_gmt":"2025-10-29T23:23:04","slug":"presentan-libro-y-entregan-donativo-de-croquetas-los-lobos-en-accion-de-la-uadec-unidad-laguna","status":"publish","type":"post","link":"https:\/\/www.aquilaguna.com\/index.php\/2025\/10\/29\/presentan-libro-y-entregan-donativo-de-croquetas-los-lobos-en-accion-de-la-uadec-unidad-laguna\/","title":{"rendered":"Presentan Libro y Entregan Donativo de Croquetas los Lobos en Acci\u00f3n de la UAdeC Unidad Laguna."},"content":{"rendered":"\n<p>TORRE\u00d3N, Coahuila. 29 de octubre de 2025. El programa \u201cLobos en Acci\u00f3n\u201d de la<br>Universidad Aut\u00f3noma de Coahuila Unidad Laguna llev\u00f3 a cabo la presentaci\u00f3n del<br>libro \u201cNuestro Destino: Amar, Caer, Renacer\u201d, del autor N\u00e9stor Gael Meza Alonso,<br>obra que refleja la sensibilidad, el talento y la inspiraci\u00f3n del joven universitario.<\/p>\n\n\n\n<p>En el Aula 2 de la Infoteca \u201cLe\u00f3n Felipe\u201d de Ciudad Universitaria, asistieron el rector<br>Octavio Pimentel Mart\u00ednez, la coordinadora de la Unidad Laguna, Sandra L\u00f3pez<br>Chavarr\u00eda; la subcoordinadora de Responsabilidad Social, Daniela Vald\u00e9z Barr\u00f3n; el<br>autor del libro y docente de la Escuela de Sistemas, N\u00e9stor Gael Mendoza; la<br>alumna de la Facultad de Ciencias Biol\u00f3gicas, Julia Sof\u00eda Hern\u00e1ndez Olvera; el<br>presentador del libro, Jes\u00fas Daniel Hern\u00e1ndez Villegas, as\u00ed como comunidad<br>docente y estudiantil y p\u00fablico en general.<\/p>\n\n\n\n<p>Durante su intervenci\u00f3n, Julia Sof\u00eda Hern\u00e1ndez comparti\u00f3 su experiencia como<br>lectora y destac\u00f3 la profundidad emocional de la historia; \u201cMe gusta mucho Nico;<br>como protagonista est\u00e1 muy bien construido y logras empatizar con \u00e9l en su proceso<br>de duelo, el ambiente de la obra es oscuro, pero con momentos de calma que te<br>hacen reflexionar y seguir adelante\u201d, se\u00f1al\u00f3.<\/p>\n\n\n\n<p>Agreg\u00f3 que recomienda la lectura de la novela, ya que emplea un lenguaje accesible<br>y combina emociones, reflexiones y sentimientos poco comunes en el g\u00e9nero<br>rom\u00e1ntico, lo que la hace una obra \u00fanica.<\/p>\n\n\n\n<p>Por su parte, el docente Jes\u00fas Daniel Hern\u00e1ndez Villegas resalt\u00f3 que el libro es una<br>muestra de disciplina y compromiso: \u201cAqu\u00ed vemos que una persona tan joven se<br>propuso algo y lo logr\u00f3, publicar un libro no es nada sencillo, es un paso importante<br>para su futuro, personalmente me hizo recordar mis propias experiencias\u201d.<\/p>\n\n\n\n<p>Mientras que el autor de la obra, N\u00e9stor Gael Meza Alonso agradeci\u00f3 el apoyo de la<br>directora de la Escuela de Sistemas, Ana Carolina Mel\u00e9ndez, de sus docentes y de<br>la Universidad Aut\u00f3noma de Coahuila por brindarle la oportunidad de presentar su<br>obra y compartir su proceso creativo.<\/p>\n\n\n\n<p>Posteriormente, en el lobby de la Infoteca, se llev\u00f3 a cabo la entrega de croquetas<br>como parte de las acciones solidarias del programa \u201cLobos en Acci\u00f3n\u201d, destinadas al<br>apoyo de refugios y animales adoptados dentro de los campus universitarios.<\/p>\n\n\n\n<p>En su mensaje, el rector Octavio Pimentel Mart\u00ednez felicit\u00f3 al equipo organizador por<br>su compromiso y sensibilidad social, al destacar que estas acciones reflejan el<br>esp\u00edritu solidario de los Lobos.<\/p>\n\n\n\n<p>\u201cMuchas felicidades, hay que apoyar a nuestros cachorritos adoptados en los<br>diferentes campus, pero tambi\u00e9n a los refugios y a quienes m\u00e1s lo necesitan,<\/p>\n\n\n\n<p>siempre habr\u00e1 alguien de la manada dispuesto a ayudar, y los perritos tambi\u00e9n son<br>parte de la familia universitaria\u201d<\/p>\n","protected":false},"excerpt":{"rendered":"<p>TORRE\u00d3N, Coahuila. 29 de octubre de 2025. El programa \u201cLobos en Acci\u00f3n\u201d de laUniversidad Aut\u00f3noma de Coahuila Unidad Laguna llev\u00f3 a cabo la presentaci\u00f3n dellibro \u201cNuestro Destino: Amar, Caer, Renacer\u201d, del autor N\u00e9stor Gael Meza Alonso,obra que refleja la sensibilidad, el talento y la inspiraci\u00f3n del joven universitario. En el Aula 2 de la Infoteca \u201cLe\u00f3n Felipe\u201d de Ciudad Universitaria, asistieron el rectorOctavio Pimentel Mart\u00ednez, la coordinadora de la Unidad&#8230;<\/p>\n","protected":false},"author":1,"featured_media":28993,"comment_status":"closed","ping_status":"","sticky":false,"template":"","format":"standard","meta":{"footnotes":""},"categories":[7,2],"tags":[],"class_list":["post-28992","post","type-post","status-publish","format-standard","has-post-thumbnail","hentry","category-torreon","category-uadec","wpcat-7-id","wpcat-2-id"],"_links":{"self":[{"href":"https:\/\/www.aquilaguna.com\/index.php\/wp-json\/wp\/v2\/posts\/28992","targetHints":{"allow":["GET"]}}],"collection":[{"href":"https:\/\/www.aquilaguna.com\/index.php\/wp-json\/wp\/v2\/posts"}],"about":[{"href":"https:\/\/www.aquilaguna.com\/index.php\/wp-json\/wp\/v2\/types\/post"}],"author":[{"embeddable":true,"href":"https:\/\/www.aquilaguna.com\/index.php\/wp-json\/wp\/v2\/users\/1"}],"replies":[{"embeddable":true,"href":"https:\/\/www.aquilaguna.com\/index.php\/wp-json\/wp\/v2\/comments?post=28992"}],"version-history":[{"count":1,"href":"https:\/\/www.aquilaguna.com\/index.php\/wp-json\/wp\/v2\/posts\/28992\/revisions"}],"predecessor-version":[{"id":28994,"href":"https:\/\/www.aquilaguna.com\/index.php\/wp-json\/wp\/v2\/posts\/28992\/revisions\/28994"}],"wp:featuredmedia":[{"embeddable":true,"href":"https:\/\/www.aquilaguna.com\/index.php\/wp-json\/wp\/v2\/media\/28993"}],"wp:attachment":[{"href":"https:\/\/www.aquilaguna.com\/index.php\/wp-json\/wp\/v2\/media?parent=28992"}],"wp:term":[{"taxonomy":"category","embeddable":true,"href":"https:\/\/www.aquilaguna.com\/index.php\/wp-json\/wp\/v2\/categories?post=28992"},{"taxonomy":"post_tag","embeddable":true,"href":"https:\/\/www.aquilaguna.com\/index.php\/wp-json\/wp\/v2\/tags?post=28992"}],"curies":[{"name":"wp","href":"https:\/\/api.w.org\/{rel}","templated":true}]}}