{"id":29004,"date":"2025-10-29T18:33:36","date_gmt":"2025-10-30T00:33:36","guid":{"rendered":"https:\/\/www.aquilaguna.com\/?p=29004"},"modified":"2025-10-29T18:33:36","modified_gmt":"2025-10-30T00:33:36","slug":"se-lleva-a-cabo-el-parlamento-estudiantil-coahuila-2025","status":"publish","type":"post","link":"https:\/\/www.aquilaguna.com\/index.php\/2025\/10\/29\/se-lleva-a-cabo-el-parlamento-estudiantil-coahuila-2025\/","title":{"rendered":"Se lleva a cabo el \u201cParlamento Estudiantil Coahuila 2025\u201d."},"content":{"rendered":"\n<p>Saltillo, Coahuila, 29 de octubre de 2025.- Con la participaci\u00f3n de 25 Diputadas y Diputados Estudiantiles que cursan educaci\u00f3n secundaria en planteles p\u00fablicos y privados, se llev\u00f3 a cabo el \u201cParlamento Estudiantil Coahuila 2025\u201d, organizado por el Congreso del Estado de Coahuila, el Instituto Electoral de Coahuila (IEC); el Instituto Nacional Electoral (INE); la Secretar\u00eda de Educaci\u00f3n de Coahuila; el Consejo Estatal de Ciencia y Tecnolog\u00eda, (COECyT), e INSPIRA Coahuila.<\/p>\n\n\n\n<p>En esta sesi\u00f3n las y los j\u00f3venes participantes, expusieron sus ideas y propuestas ante diputadas y diputados locales, autoridades de las instituciones e invitados especiales. Todos los planteamientos fueron aprobados por mayor\u00eda y ser\u00e1n considerados como aportaciones para la agenda legislativa y para futuras actividades de parlamento abierto.<\/p>\n\n\n\n<p>Durante este ejercicio se hizo el pase de lista de asistencia de las y los 25&nbsp; Diputados Estudiantiles, estando presentes Mateo Eliud Far\u00edas S\u00e1nchez, Carlos Alberto Ram\u00edrez Rodr\u00edguez, Jos\u00e9 Manuel Riojas Jasso, Ximena Romina S\u00e1nchez Guzm\u00e1n, Ang\u00e9lica Vianey V\u00e9lez Zavala, Christian Ismael Res\u00e9ndiz Portillo, Natal\u00ed Fernanda Carrillo Contreras, Britany Nayely Flores Mart\u00ednez, Danna Sof\u00eda Herrero Izquierdo, Samantha Sayuri Contreras Vega, Diego Alejandro Ortiz Hern\u00e1ndez, Alejandro Trevi\u00f1o Gonz\u00e1lez, Britany Karina Ramos Almanza, Regina Abigail Villanueva Coronado, Imad D\u00edaz Hinojos, Edgar Mateo Valdez Garanzuay, Yshua Alejandro Garc\u00eda Gallegos, Isaac V\u00e1zquez Santiba\u00f1ez, Priscila Fernanda Quiroz Hern\u00e1ndez, Camila Alexandra Alvarado Mart\u00ednez, Mar\u00eda Luisa Trejo J\u00e1uregui y Juana Pauleth Santos Esparza.<\/p>\n\n\n\n<p>Enseguida, la Presidenta del Parlamento Estudiantil, Regina Abigail Villanueva Coronado hizo la declaratoria de apertura del mismo; y, la Diputada Hern\u00e1ndez Alvarado tom\u00f3 la protesta de ley a las y los Diputados Estudiantiles.<\/p>\n\n\n\n<p>A continuaci\u00f3n, cada una de las Diputadas y Diputados Estudiantiles hicieron uso de la palabra desde la tribuna del Congreso&nbsp; para dar a conocer sus posicionamientos sobre los 5 temas contenidos en la Convocatoria que lanz\u00f3 el Congreso, para que expusieran la problem\u00e1tica y plantearan soluciones sobre:<\/p>\n\n\n\n<ul class=\"wp-block-list\">\n<li>Prevenci\u00f3n y atenci\u00f3n del acoso escolar en instituciones educativas, educaci\u00f3n inclusiva y estudiantes con dificultades de aprendizaje.<\/li>\n<\/ul>\n\n\n\n<ul class=\"wp-block-list\">\n<li>El derecho de los j\u00f3venes a la participaci\u00f3n activa en los procesos de toma de decisiones en el \u00e1mbito p\u00fablico. (participaci\u00f3n ciudadana y transparencia)<\/li>\n<\/ul>\n\n\n\n<ul class=\"wp-block-list\">\n<li>Marco regulatorio y mecanismos de vigilancia que aseguren un uso responsable y \u00e9tico de las tecnolog\u00edas digitales, el internet y las redes sociales. (I.A. y \u00c9tica Digital)<\/li>\n<\/ul>\n\n\n\n<ul class=\"wp-block-list\">\n<li>Difusi\u00f3n de informaci\u00f3n p\u00fablica para fortalecer la cultura c\u00edvica de la poblaci\u00f3n. (innovaci\u00f3n y revoluci\u00f3n c\u00edvica); y<\/li>\n\n\n\n<li>Coordinaci\u00f3n entre los niveles de gobierno para garantizar la protecci\u00f3n de los derechos humanos de las personas migrantes que transitan por el estado. (interculturalidad y migraci\u00f3n: marco legal en Coahuila)<\/li>\n<\/ul>\n\n\n\n<p>Previo a la Sesi\u00f3n hubo un acto en el Instituto Electoral de Coahuila, donde las y los 25 estudiantes de secundaria recibieron sus constancias como Diputadas y Diputados Estudiantiles.<\/p>\n\n\n\n<p>El Congreso del Estado reafirma su compromiso con la formaci\u00f3n c\u00edvica y democr\u00e1tica de la ni\u00f1ez y la juventud coahuilense, reconociendo en ellas y ellos a las y los futuros protagonistas de la vida p\u00fablica de nuestro estado.<\/p>\n","protected":false},"excerpt":{"rendered":"<p>Saltillo, Coahuila, 29 de octubre de 2025.- Con la participaci\u00f3n de 25 Diputadas y Diputados Estudiantiles que cursan educaci\u00f3n secundaria en planteles p\u00fablicos y privados, se llev\u00f3 a cabo el \u201cParlamento Estudiantil Coahuila 2025\u201d, organizado por el Congreso del Estado de Coahuila, el Instituto Electoral de Coahuila (IEC); el Instituto Nacional Electoral (INE); la Secretar\u00eda de Educaci\u00f3n de Coahuila; el Consejo Estatal de Ciencia y Tecnolog\u00eda, (COECyT), e INSPIRA Coahuila&#8230;.<\/p>\n","protected":false},"author":1,"featured_media":29005,"comment_status":"closed","ping_status":"","sticky":false,"template":"","format":"standard","meta":{"footnotes":""},"categories":[5,21],"tags":[],"class_list":["post-29004","post","type-post","status-publish","format-standard","has-post-thumbnail","hentry","category-coahuila","category-congreso-del-estado","wpcat-5-id","wpcat-21-id"],"_links":{"self":[{"href":"https:\/\/www.aquilaguna.com\/index.php\/wp-json\/wp\/v2\/posts\/29004","targetHints":{"allow":["GET"]}}],"collection":[{"href":"https:\/\/www.aquilaguna.com\/index.php\/wp-json\/wp\/v2\/posts"}],"about":[{"href":"https:\/\/www.aquilaguna.com\/index.php\/wp-json\/wp\/v2\/types\/post"}],"author":[{"embeddable":true,"href":"https:\/\/www.aquilaguna.com\/index.php\/wp-json\/wp\/v2\/users\/1"}],"replies":[{"embeddable":true,"href":"https:\/\/www.aquilaguna.com\/index.php\/wp-json\/wp\/v2\/comments?post=29004"}],"version-history":[{"count":1,"href":"https:\/\/www.aquilaguna.com\/index.php\/wp-json\/wp\/v2\/posts\/29004\/revisions"}],"predecessor-version":[{"id":29006,"href":"https:\/\/www.aquilaguna.com\/index.php\/wp-json\/wp\/v2\/posts\/29004\/revisions\/29006"}],"wp:featuredmedia":[{"embeddable":true,"href":"https:\/\/www.aquilaguna.com\/index.php\/wp-json\/wp\/v2\/media\/29005"}],"wp:attachment":[{"href":"https:\/\/www.aquilaguna.com\/index.php\/wp-json\/wp\/v2\/media?parent=29004"}],"wp:term":[{"taxonomy":"category","embeddable":true,"href":"https:\/\/www.aquilaguna.com\/index.php\/wp-json\/wp\/v2\/categories?post=29004"},{"taxonomy":"post_tag","embeddable":true,"href":"https:\/\/www.aquilaguna.com\/index.php\/wp-json\/wp\/v2\/tags?post=29004"}],"curies":[{"name":"wp","href":"https:\/\/api.w.org\/{rel}","templated":true}]}}