{"id":29009,"date":"2025-10-29T19:15:02","date_gmt":"2025-10-30T01:15:02","guid":{"rendered":"https:\/\/www.aquilaguna.com\/?p=29009"},"modified":"2025-10-29T19:15:02","modified_gmt":"2025-10-30T01:15:02","slug":"inicia-en-torreon-consejo-universitario-de-uadec","status":"publish","type":"post","link":"https:\/\/www.aquilaguna.com\/index.php\/2025\/10\/29\/inicia-en-torreon-consejo-universitario-de-uadec\/","title":{"rendered":"Inicia en Torre\u00f3n Consejo Universitario de UAdeC."},"content":{"rendered":"\n<p>Torre\u00f3n, Coahuila.- El Consejo Universitario celebrado\u00a0este d\u00eda de la Universidad Aut\u00f3noma de Coahuila, tuvo entre sus\u00a0temas de mayor\u00a0inter\u00e9s,\u00a0la presentaci\u00f3n\u00a0ante el Pleno del nuevo reglamento\u00a0para sus\u00a0 Centros de Investigaci\u00f3n,\u00a0consistente en la pertinencia de\u00a0un\u00a0marco\u00a0contenido en su Estatuto\u00a0relativo a establecer nuevas normas\u00a0a la gestaci\u00f3n de nuevos conocimientos,\u00a0para que\u00a0tengan\u00a0relaci\u00f3n directa con las problem\u00e1ticas que registra Coahuila, y que impacten de manera\u00a0 directa\u00a0objetivoss sustantivos en las diversas ramas de la econom\u00eda estatal.\u00a0<\/p>\n\n\n\n<p>Esta ma\u00f1ana el Rector de la UAdeC, Ingeniero Octavio Pimentel, anticip\u00f3\u00a0lo anterior,\u00a0 al inicio de su gira de trabajo, iniciada anoche en\u00a0las escuelas universitarias ubicadas en el municipio de San Pedro, para dar continuidad este d\u00eda, para estar presrnte en\u00a0los informes de dos titulares de igual n\u00famero de Facultades ubicadas\u00a0en la\u00a0Ciudad Universitaria\u00a0y anticipar ante los Medios uno de los contenidos a desarrollar en el Consejo\u00a0a celebrar a partir de las 12:00 horas en\u00a0el Auditorio del Centro Cultural\u00a0Braulio Fern\u00e1ndez\u00a0 Aguirre.\u00a0\u00a0\u00a0<\/p>\n\n\n\n<p>&#8220;En los planteles universitarios ubicados en San Pedro, se hizo entrega de material deportivo, tres nuevos laboratorios, equipo de c\u00f3mputo, mesabancos y\u00a0equipos de aire acondicionado, no en todas,\u00a0si en donde m\u00e1s se necesiten&#8221;.<\/p>\n\n\n\n<p>En cuanto a la propuesta\u00a0a realizar ante el Consejo Universitario, indic\u00f3 que, &#8220;se propone marcar las condiciones\u00a0de operaci\u00f3n que deben de regir los Centros de Investigaci\u00f3n, pues estos carec\u00edan de ello&#8221;.<\/p>\n\n\n\n<p>&#8220;Por lo tanto, cada uno ten\u00eda una operacion distinta, entendiendo sus particularidades, sin embargo cuando eran sujetos a revisi\u00f3n por la autoridad federal, en la asignaci\u00f3n de recursos, carec\u00edamos de  Indicadores Generales y Espec\u00edficos&#8221;.\u00a0\u00a0<\/p>\n\n\n\n<p>&#8220;Otro\u00a0tema importante es c\u00f3mo les vamos a solicitar a los Centros de Investigaci\u00f3n, la promoci\u00f3n de las matr\u00edculas a posgrado, que\u00a0 a nivel nacional, han ido a la baja&#8221;.\u00a0<\/p>\n\n\n\n<p>Lo que buscamos, dijo,\u00a0&#8220;es que se tenga\u00a0la posibilidad de acceder a recursos via el cumplimiento de los Indicadores y que realmente las l\u00edneas de Investigaci\u00f3n que se tengan no sean competencias\u00a0de unos y los otros en nuestros Centros de Investigaci\u00f3n, porque eso, suced\u00eda&#8221;.<\/p>\n\n\n\n<p>&#8220;La UAdeC cuenta con 8 Centros de Investigaci\u00f3n,\u00a0y lo que hoy se propone impedir\u00e1 duplicar, con lo que estar\u00edamos tambien partiendo los recursos&#8221;.\u00a0\u00a0<\/p>\n\n\n\n<p>&#8220;Y otro punto importante es que los Centros de Investigaci\u00f3n\u00a0resuelvan problemas\u00a0en espec\u00edfico\u00a0de las regiones, pues a veces se realizan investigaciones\u00a0que quieren resolver problemas\u00a0de Sudam\u00e9rica o de otros Estados&#8221;.\u00a0<\/p>\n\n\n\n<p>&#8220;La instrucci\u00f3n que tenemos de la Federaci\u00f3n\u00a0que creo\u00a0es muy congruente con lo que buscamos, es que si se va a invertir recurso en Coahuila para los Centros de Investigaci\u00f3n, realmente el resultado del mismo, la generaci\u00f3n y aplicaci\u00f3n se queden en Coahuila&#8221;.<\/p>\n\n\n\n<p>&#8220;La UAdeC, cuenta con 400 Investigadores, 300 se encuentran en el Sistema Nacional de Investigadores, nostros, hemos incrementado cien m\u00e1s&#8221;.\u00a0<\/p>\n\n\n\n<p>&#8220;La condici\u00f3n ideal en este tema, es ir incrementando paulatinamente nuestros Investigadores de tal suerte que tengamos m\u00e1s gente que puedan generar las soluciones a los\u00a0problemas. Necesitamos que sean genere\u00a0de planta en la Universidad&#8221;.<\/p>\n\n\n\n<p>La semana siguiente, anticip\u00f3, &#8220;estar\u00e9 de nueva cuenta en esta regi\u00f3n, para darnos una vuelta con empresarios\u00a0y\u00a0tratar varios temas en espec\u00edfico, uno de ellos, es la oferta que tenemos como Universidad y como podemos trabajar de manera colaborativa con ellos en diferentes\u00a0temas, investigaci\u00f3n acad\u00e9micas, capacitaci\u00f3n, cultura y deporte&#8221;.<\/p>\n\n\n\n<p>En cuanto a la integraci\u00f3n del Patronato\u00a0Universitario,\u00a0&#8220;tenemos ya un empresario del sureste, quien dirija los destinos de la Fundaci\u00f3n\u00a0de la UAdeC,\u00a0organizando el evento protocolario del mismo&#8221;.\u00a0<\/p>\n\n\n\n<p><strong>FINANZAS.<\/strong><\/p>\n\n\n\n<p>En el siempre\u00a0complejo tema de las finanzas universitarias, el Rector Pimentel,\u00a0reconoci\u00f3 que, &#8220;como siempre, con un d\u00e9ficit importante por el tema pensionario&#8221;.<\/p>\n\n\n\n<p>Explic\u00f3 que, &#8220;debido a la eliminaci\u00f3n de los Fideicomisos del sexenio federal pasado, no hay recursos para\u00a0 pagar el sistema de nuestros pensionados y creo que ello no es jsuto, y ello nos obliga a las Universidades con recursos propios pues estar rest\u00e1ndoles recursos a\u00a0nuestros estudiantes&#8221;.<\/p>\n\n\n\n<p>Asegur\u00f3 que, &#8220;los bonos y aguinaldos al personal sindicalizado, lo tenemos\u00a0 arreglado, lo que no es el\u00a0de los\u00a0ex trabajdores pensionados&#8221;.<\/p>\n\n\n\n<p>La Universidad,\u00a0afirm\u00f3, &#8220;a\u00f1o con a\u00f1o, siempre tiene previsto al menos en \u00e9sta administraci\u00f3n tal tema,\u00a0de los aguinaldos\u00a0para nuestros trabajadores y estamos haciendo lo necesario,\u00a0para concientizar al gobierno federal\u00a0en el entendido de que no somos la unica Universidad P\u00fablica del\u00a0pa\u00eds con tal problema, somos nueve&#8221;.\u00a0<\/p>\n\n\n\n<p>&#8220;Hay nueve centros universitarios en el pa\u00eds que los tienen, y muy fuerte. Siendo el monto requerido para solventar el tema; 650 millones de pesos&#8221;.\u00a0<\/p>\n\n\n\n<p>Reconoci\u00f3 que si bien el Gobernador Manolo Jim\u00e9nez Salinas,\u00a0&#8220;es un Gobernador\u00a0que le entra, que nos echa la mano, no podemos seguir siempre esperando que el gobierno estatal le entre, pues con ello deja de\u00a0apostar recursos a otros temas importantes, uno de ellos, la seguridad&#8221;.\u00a0\u00a0<\/p>\n\n\n\n<p>Tenemos, dijo, &#8220;que luchar\u00a0juntos ante el Gobierno Federal, en el tema de las pensiones, de que es una obligacion del Estado Mexicano, y es el Gobierno Federal, pues con los fideicomisos que elimin\u00f3 nos dej\u00f3 con las manos vac\u00edas&#8221;.<\/p>\n","protected":false},"excerpt":{"rendered":"<p>Torre\u00f3n, Coahuila.- El Consejo Universitario celebrado\u00a0este d\u00eda de la Universidad Aut\u00f3noma de Coahuila, tuvo entre sus\u00a0temas de mayor\u00a0inter\u00e9s,\u00a0la presentaci\u00f3n\u00a0ante el Pleno del nuevo reglamento\u00a0para sus\u00a0 Centros de Investigaci\u00f3n,\u00a0consistente en la pertinencia de\u00a0un\u00a0marco\u00a0contenido en su Estatuto\u00a0relativo a establecer nuevas normas\u00a0a la gestaci\u00f3n de nuevos conocimientos,\u00a0para que\u00a0tengan\u00a0relaci\u00f3n directa con las problem\u00e1ticas que registra Coahuila, y que impacten de manera\u00a0 directa\u00a0objetivoss sustantivos en las diversas ramas de la econom\u00eda estatal.\u00a0 Esta ma\u00f1ana el&#8230;<\/p>\n","protected":false},"author":2,"featured_media":0,"comment_status":"closed","ping_status":"","sticky":false,"template":"","format":"standard","meta":{"footnotes":""},"categories":[5,28,59,2],"tags":[],"class_list":["post-29009","post","type-post","status-publish","format-standard","hentry","category-coahuila","category-la-laguna","category-tecnologia","category-uadec","wpcat-5-id","wpcat-28-id","wpcat-59-id","wpcat-2-id"],"_links":{"self":[{"href":"https:\/\/www.aquilaguna.com\/index.php\/wp-json\/wp\/v2\/posts\/29009","targetHints":{"allow":["GET"]}}],"collection":[{"href":"https:\/\/www.aquilaguna.com\/index.php\/wp-json\/wp\/v2\/posts"}],"about":[{"href":"https:\/\/www.aquilaguna.com\/index.php\/wp-json\/wp\/v2\/types\/post"}],"author":[{"embeddable":true,"href":"https:\/\/www.aquilaguna.com\/index.php\/wp-json\/wp\/v2\/users\/2"}],"replies":[{"embeddable":true,"href":"https:\/\/www.aquilaguna.com\/index.php\/wp-json\/wp\/v2\/comments?post=29009"}],"version-history":[{"count":1,"href":"https:\/\/www.aquilaguna.com\/index.php\/wp-json\/wp\/v2\/posts\/29009\/revisions"}],"predecessor-version":[{"id":29010,"href":"https:\/\/www.aquilaguna.com\/index.php\/wp-json\/wp\/v2\/posts\/29009\/revisions\/29010"}],"wp:attachment":[{"href":"https:\/\/www.aquilaguna.com\/index.php\/wp-json\/wp\/v2\/media?parent=29009"}],"wp:term":[{"taxonomy":"category","embeddable":true,"href":"https:\/\/www.aquilaguna.com\/index.php\/wp-json\/wp\/v2\/categories?post=29009"},{"taxonomy":"post_tag","embeddable":true,"href":"https:\/\/www.aquilaguna.com\/index.php\/wp-json\/wp\/v2\/tags?post=29009"}],"curies":[{"name":"wp","href":"https:\/\/api.w.org\/{rel}","templated":true}]}}