{"id":29014,"date":"2025-10-29T20:43:18","date_gmt":"2025-10-30T02:43:18","guid":{"rendered":"https:\/\/www.aquilaguna.com\/?p=29014"},"modified":"2025-10-29T20:43:18","modified_gmt":"2025-10-30T02:43:18","slug":"aqui-laguna-457","status":"publish","type":"post","link":"https:\/\/www.aquilaguna.com\/index.php\/2025\/10\/29\/aqui-laguna-457\/","title":{"rendered":"Aqu\u00ed Laguna."},"content":{"rendered":"\n<p>\u00a0\u00a1Octubre, Mes Rosa! A solo d\u00edas de que concluya el presente mes, d\u00e9cimo del a\u00f1o en curso, destinado en las efem\u00e9rides a la atenci\u00f3n de un tema,\u00a0por dem\u00e1s importante, por el alto crecimiento que registra su presencia\u00a0o morbilidad en la vida de miles y miles de mujeres en el mundo\u00a0y que solo en nuestro pa\u00eds, gener\u00f3, seg\u00fan estad\u00edsticas del INEGI correspondientes al a\u00f1o 2024, poco m\u00e1s de\u00a0 8,000 decesos\u00a0y solo\u00a0el 1% de tal cifra es de varones. Diremos\u00a0que el D\u00eda Internacional\u00a0de la Lucha contra el C\u00e1ncer de Mama,\u00a0se destin\u00f3 el dia 19 de octubre que alcanza su culmen conmemorativo, pero sus 31 d\u00edas est\u00e1n destinados a\u00a0 crear la concientizaci\u00f3n\u00a0sobre tal mal, flagelo que aparece, cuando proliferan\u00a0descontroladas c\u00e9lulas en\u00a0la mama y que si no se detecta y trata a tiempo, puede difundirse\u00a0en\u00a0otros \u00f3rganos y resto del cuerpo de la persona afectada, alcanzando la irremediable met\u00e1stasis que lo hace tragicamente incurable, generando con ello p\u00e9rdidas lamentables de vidas que pudieron haberse conservado por m\u00e1s tiempo\u00a0de haberse detectado\u00a0solo como medida de prevenci\u00f3n, una mastograf\u00eda anual a partir de los 20 a\u00f1os de edad, tal medida parece f\u00e1cil,\u00a0si no consideramos las asimetrias sociales y econ\u00f3micas de nuestra poblaci\u00f3n que registra la salud de las mujeres en\u00a0\u00e9ste pa\u00eds, y que obvio no consiste solo en la toma de una radiografia a tiempo, sino que a quien se diagnostique terrible enfermedad, tenga el acompa\u00f1amiento emocional\u00a0que permita transitar\u00a0a la atenci\u00f3n medica adecuada\u00a0que aporte el tratamiento debido, y que no es lo que sucede en much\u00edsimos casos, de ah\u00ed que la respuesta\u00a0social, pues para nada es\u00a0igual &#8220;un cancer de mama, que el c\u00e1ncer de mam&#8221; y el derrumbe emocional y familiar que \u00e9sto \u00faltimo genera en las familias del\u00a0 paciente, de ah\u00ed que hayan surgido a lo largo y ancho del pa\u00eds,\u00a0pero en especial en estas tierras, respuestas solidarias de grupos de mujeres\u00a0 y hombres que acuerpan el proceso\u00a0de la enfermedad citada, \u00a0 \u00a0 coadyuvando lo que las instituciones\u00a0p\u00fablicas de salud no pueden hacer, por m\u00faltiples motivos entre ellos el presupuestario.<\/p>\n\n\n\n<p>En Torre\u00f3n una de \u00e9stas agrupacioens cerrar\u00e1 este mes conmemorativo con una reuni\u00f3n\u00a0en la plancha de\u00a0 la Plaza Mayor,\u00a0solo para no olvidar\u00a0los calvarios de las mujeres que\u00a0v\u00edctimas de tal mal ya se fueron, pero m\u00e1s aun,\u00a0que est\u00e1n en el apoyo cotidiano de las que luchan por sus vidas,\u00a0acuerpadas, acompa\u00f1adas, por la solidaridad de las asociaciones de apoyo que en Torre\u00f3n abundan, al tiempo que promueven\u00a0la pr\u00e1ctica de la exploraci\u00f3n y el acudir\u00a0 al mast\u00f3grafo cuando menos un vez por a\u00f1o, a partir de los 20 a\u00f1os cumplidos, pero m\u00e1s aun si\u00a0la edad con la que cuentan va de los 50 a los 59 a\u00f1os.\u00a0 <\/p>\n\n\n\n<p>Y en\u00a0 otro tema, m\u00e1s que mundano, el de\u00a0 la pol\u00edtica interna, esa que se practica en el multipartidista Cabildo de Torre\u00f3n,\u00a0y en el cual, el grupo Morenista empieza a mostrar los dientes y arrestos de los que carecieron sus\u00a0regidores y sindicos que conformaron el anterior cabildo de Torreon, que parecieron y ah\u00ed est\u00e1n las actas, emulos de los monosabios Hind\u00faes, que no oyeron, no vieron y no hablaron a lo\u00a0largo del ejercicio de tales cargos y que hoy, de cara a las calenturas que despierta el periodo\u00a0electoral,\u00a0los anima no solo a participar, como era de esperarse, cual opositores que son,\u00a0o al menos parecer y\u00a0hacerse notar con sus participaciones en las escasas y p\u00edrricas discusiones que registran las Sesiones de Cabildo\u00a0como\u00a0 sucedi\u00f3 en la \u00faltima apenas registrada el pasado lunes. <\/p>\n\n\n\n<p>Resulta que el regidor, quien\u00a0fuera\u00a0el asistente\u00a0de Shamir Fern\u00e1ndez, el ex priista y\u00a0luego ex candidato de MORENA a la alcadia que finalmente le arrebat\u00f3 Rom\u00e1n Alberto Cepeda Gonz\u00e1lez, y que es conocido, como &#8220;el hijo del pueblo&#8221; por los patron\u00edmicos\u00a0que\u00a0forman su nombre, se lanz\u00f3 con todo su \u00edmpetu de\u00a0 converso, en contra de la regidora Dora Elias\u00a0Salinas, priista, con experiencia, pues ya figur\u00f3 en otra administraci\u00f3n\u00a0como sindica de vigilancia, am\u00e9n de su conocida formaci\u00f3n profesional en temas contables y financieros, como es y se reconoce,\u00a0 solo para obtener grosero revire del regidor morenista que a falta de conocimientos y argumentos\u00a0para soportar sus se\u00f1alamientos y darles la validez y solvencia\u00a0requerida,\u00a0la hizo objeto de groserias\u00a0y menoscabo de sus capacidades.<\/p>\n\n\n\n<p>Se espera que de verdad, a falta de solidaridad\u00a0de sus colegas, la Regidora afectada por tal actuaci\u00f3n de tan pobre hombre, presente como dijo una denuncia\u00a0por\u00a0violencia\u00a0pol\u00edtica en raz\u00f3n de g\u00e9nero, solo para sentar precedentes\u00a0y el citado tipo no se convierta en una versi\u00f3n local del &#8220;Noro\u00f1a&#8221; -toda proporci\u00f3n guardada-,\u00a0 y haga un pandemonium\u00a0en las hasta hoy tersas y a veces hasta aburridas sesiones de Cabildo en Torre\u00f3n.<\/p>\n\n\n\n<p>Trasciende que el nuevo dirigente\u00a0del Comit\u00e9 Ejecutivo de la Confederaci\u00f3n Nacional Campesina en\u00a0 Coahuila, el M\u00e9dico Veterinario Zootecnista,\u00a0 Jes\u00fas de la Rosa Godoy\u00a0 empez\u00f3 su funci\u00f3n, con el pi\u00e9 derecho, haciendo uso del oficio pol\u00edtico y las habilidades que \u00e9ste proporciona, para sumar a los proyectos de trabajo que se planean realizar, en especial en el tema de la organizaci\u00f3n campesina y su b\u00fasqueda de destinos econ\u00f3micos que les permitan mejorar sustancialmente sus condiciones de vida,\u00a0 invitar a tales objetivos a otro sampetrino, que en principio se\u00a0esperaba fuera\u00a0ocupar el puesto directivo,\u00a0 es decir, del Profesor Jos\u00e9\u00a0Luis M\u00e9ndez, a quien\u00a0tampoco se le puede regatear de modo alguno oficio y experiencia pol\u00edtica, como\u00a0viejo lobo de mar, ex alcalde y hasta ex dirigente estatal del Partido Revolucionario Institicional, sampetrinos que quiz\u00e1s quisieran, con todo y lo que ello signifique\u00a0invitar y sumar grupo, que no hato, con la inclusi\u00f3n de\u00a0Jorge Abdala\u00a0 Dabdoub, y que mucho tienen que aportar en el tema rural regional, hu\u00e9rfano como ha estado a lo largo ya de algunos a\u00f1os, en especial en estos tiempos\u00a0en el que el gobierno federal no se asoma ni tantito al apoyo\u00a0de actividades econ\u00f3micas \u00a0 destinadas para los pobladores del campo que conservan aun la vocaci\u00f3n de campesinos, de cultivadores, en los espacios de terrenos y aguas que aun no caen en la voracidad de los nuevos terratenientes destinados a la especulaci\u00f3n inmobiliaria\u00a0en sitios que mantienen por ubicaci\u00f3n, tal valor, o bien a crear y ofertar\u00a0terrenos\u00a0destinados al hospedaje industrial.<\/p>\n\n\n\n<p>Por cierto, falta por conocer\u00a0que\u00a0nuevos liderazgos, esos que se generan en la elecci\u00f3n de los dirigentes cenesitas por municpio,\u00a0que ser\u00e1n integrados en tal Comit\u00e9 Estatal, toda vez que resulta que\u00a0dominan las muejers en tales posiciones, algunas, que no todas, muy capaces que no solo se incluyan como &#8220;cuota de g\u00e9nero&#8221;.<\/p>\n","protected":false},"excerpt":{"rendered":"<p>\u00a0\u00a1Octubre, Mes Rosa! A solo d\u00edas de que concluya el presente mes, d\u00e9cimo del a\u00f1o en curso, destinado en las efem\u00e9rides a la atenci\u00f3n de un tema,\u00a0por dem\u00e1s importante, por el alto crecimiento que registra su presencia\u00a0o morbilidad en la vida de miles y miles de mujeres en el mundo\u00a0y que solo en nuestro pa\u00eds, gener\u00f3, seg\u00fan estad\u00edsticas del INEGI correspondientes al a\u00f1o 2024, poco m\u00e1s de\u00a0 8,000 decesos\u00a0y solo\u00a0el&#8230;<\/p>\n","protected":false},"author":2,"featured_media":0,"comment_status":"closed","ping_status":"","sticky":false,"template":"","format":"standard","meta":{"footnotes":""},"categories":[8],"tags":[],"class_list":["post-29014","post","type-post","status-publish","format-standard","hentry","category-aqui-laguna","wpcat-8-id"],"_links":{"self":[{"href":"https:\/\/www.aquilaguna.com\/index.php\/wp-json\/wp\/v2\/posts\/29014","targetHints":{"allow":["GET"]}}],"collection":[{"href":"https:\/\/www.aquilaguna.com\/index.php\/wp-json\/wp\/v2\/posts"}],"about":[{"href":"https:\/\/www.aquilaguna.com\/index.php\/wp-json\/wp\/v2\/types\/post"}],"author":[{"embeddable":true,"href":"https:\/\/www.aquilaguna.com\/index.php\/wp-json\/wp\/v2\/users\/2"}],"replies":[{"embeddable":true,"href":"https:\/\/www.aquilaguna.com\/index.php\/wp-json\/wp\/v2\/comments?post=29014"}],"version-history":[{"count":1,"href":"https:\/\/www.aquilaguna.com\/index.php\/wp-json\/wp\/v2\/posts\/29014\/revisions"}],"predecessor-version":[{"id":29015,"href":"https:\/\/www.aquilaguna.com\/index.php\/wp-json\/wp\/v2\/posts\/29014\/revisions\/29015"}],"wp:attachment":[{"href":"https:\/\/www.aquilaguna.com\/index.php\/wp-json\/wp\/v2\/media?parent=29014"}],"wp:term":[{"taxonomy":"category","embeddable":true,"href":"https:\/\/www.aquilaguna.com\/index.php\/wp-json\/wp\/v2\/categories?post=29014"},{"taxonomy":"post_tag","embeddable":true,"href":"https:\/\/www.aquilaguna.com\/index.php\/wp-json\/wp\/v2\/tags?post=29014"}],"curies":[{"name":"wp","href":"https:\/\/api.w.org\/{rel}","templated":true}]}}