{"id":29020,"date":"2025-10-30T17:03:46","date_gmt":"2025-10-30T23:03:46","guid":{"rendered":"https:\/\/www.aquilaguna.com\/?p=29020"},"modified":"2025-10-30T17:03:46","modified_gmt":"2025-10-30T23:03:46","slug":"inauguran-el-festival-de-dia-de-muertos-luminarias-del-alma-en-la-explanada-de-rectoria-de-la-uadec","status":"publish","type":"post","link":"https:\/\/www.aquilaguna.com\/index.php\/2025\/10\/30\/inauguran-el-festival-de-dia-de-muertos-luminarias-del-alma-en-la-explanada-de-rectoria-de-la-uadec\/","title":{"rendered":"Inauguran el Festival de D\u00eda de Muertos Luminarias del Alma en la Explanada de Rector\u00eda de la UAdeC."},"content":{"rendered":"\n<p>SALTILLO, Coahuila. 30 de octubre de 2025. Entre luces, colores y sue\u00f1os eternos<br>la Universidad Aut\u00f3noma de Coahuila rinde homenaje a quienes han trascendido a<br>otro plano con el \u201cFestival de Muertos Luminarias del Alma\u201d, que ofrece un respeto a<br>la memoria y celebra el retorno transitorio al mundo de los vivos.<\/p>\n\n\n\n<p>Con el prop\u00f3sito de fortalecer, difundir y preservar las tradiciones mexicanas, la<br>universidad a trav\u00e9s de la Coordinaci\u00f3n General de Difusi\u00f3n y Patrimonio Cultural<br>promueve la realizaci\u00f3n de actividades que vengan a fortalecer la formaci\u00f3n<br>acad\u00e9mica del alumnado y refuercen el entramado social; recordemos que, dada su<br>gran trascendencia cultural, la UNESCO nombr\u00f3 a la festividad ind\u00edgena de D\u00eda de<br>Muertos como Patrimonio Cultural Inmaterial de la Humanidad desde 2008.<\/p>\n\n\n\n<p>En la Explanada de la Rector\u00eda la noche de este mi\u00e9rcoles presidieron el festival<br>F\u00e9lix Ibarra Linares, coordinador general de Difusi\u00f3n y Patrimonio Cultural (DPC), la<br>coordinadora de Unidad Sureste Eva Kerena Hern\u00e1ndez Mart\u00ednez, Ana Elena Flores<br>Gonz\u00e1lez subcoordinadora de difusi\u00f3n cultural, Antonio Ferlum artista pl\u00e1stico y<br>creador art\u00edstico del montaje, presentes en el evento directores de escuelas y<br>facultades, comunidad universitaria y p\u00fablico en general.<\/p>\n\n\n\n<p>El rector Octavio Pimentel Mart\u00ednez, en su mensaje felicit\u00f3 a la Coordinaci\u00f3n de<br>Difusi\u00f3n y Patrimonio Cultural, a la Coordinaci\u00f3n de Unidad Sureste y a todos<br>quienes hicieron posible esta actividad en la que las y los universitarios podr\u00e1n<br>disfrutar durante estos d\u00edas y celebrar a quienes ya no est\u00e1n con nosotros.<\/p>\n\n\n\n<p>\u201cEsta es su universidad, gracias por venir a este festival y que vengan muchos a\u00f1os<br>de cultura en la casa de los Lobos de la UAdeC, felicidades a las catrinas ganadoras<br>y a las dependencias que presentaron sus lobobrijes\u201d, expres\u00f3 el Rector.<\/p>\n\n\n\n<p>Por su parte, el coordinador general de DPC, F\u00e9lix Ibarra Linares, se\u00f1al\u00f3 que esta<br>celebraci\u00f3n constituye una de las expresiones m\u00e1s aut\u00e9nticas de nuestra identidad,<br>en ella convergen historia, arte, simbolismo y espiritualidad, record\u00e1ndonos que la<br>memoria es el lazo que mantiene viva la presencia de quienes ya no est\u00e1n.<\/p>\n\n\n\n<p>\u201cLa UAdeC reafirma su compromiso con la promoci\u00f3n y preservaci\u00f3n de las<br>manifestaciones culturales que fortalecen nuestra identidad y fomentan la<br>convivencia, el respeto y el orgullo por nuestras tradiciones. continuaremos<br>impulsando actividades que vinculen el arte, la cultura y el conocimiento con la vida<br>universitaria y con la sociedad en su conjunto\u201d, afirm\u00f3.<\/p>\n\n\n\n<p>El D\u00eda de Muertos es mucho m\u00e1s que una simple conmemoraci\u00f3n, es el n\u00facleo<br>central de la identidad y cosmovisi\u00f3n mexicana, en esta edici\u00f3n 2025 del festival la<br>figura central del evento fueron los \u201cLobobrijes\u201d, para ello la coordinaci\u00f3n de cultura<\/p>\n\n\n\n<p>lanz\u00f3 con anticipaci\u00f3n una convocatoria a escuelas, facultades e institutos, as\u00ed como,<br>dependencias universitarias para participar con la elaboraci\u00f3n de un alebrije con la<br>figura de un \u201cLobo\u201d que los representara en el evento.<\/p>\n\n\n\n<p>Entre las dependencias, escuelas, facultades e institutos que colaboraron con esta<br>iniciativa se encuentran: Infoteca Campus Arteaga, Infoteca de la Salud, Infoteca<br>Central, Coordinaci\u00f3n General de Relaciones Internacionales, Instituto de Lenguas<br>Extranjeras, Facultad de Enfermer\u00eda, Coordinaci\u00f3n de Unidad Sureste, Facultad de<br>Psicolog\u00eda y Facultad de Trabajo Social.<\/p>\n\n\n\n<p>Los alebrijes son esculturas artesanales que simbolizan seres fant\u00e1sticos e<br>imaginarios y se caracterizan por combinar elementos fision\u00f3micos de diversos<br>animales, tanto reales como m\u00edticos, estar pintados con colores vibrantes, alegres y<br>patrones intrincados y se elaboran principalmente con cart\u00f3n o papel.<\/p>\n\n\n\n<p>Siendo un gran Lobobrije la figura central del Luminarias del Alma, se refuerza la<br>importancia cultural de este arte popular, ya que es un reflejo de la creatividad e<br>imaginaci\u00f3n del pueblo mexicano que se han convertido en un s\u00edmbolo de la cultura<br>popular.<\/p>\n\n\n\n<p>Tambi\u00e9n se llev\u00f3 a cabo la premiaci\u00f3n del concurso de Catrinas 2025, resultando<br>ganadoras en tercer lugar Mar\u00eda Fernanda Guajardo Briones, en segundo lugar,<br>Valeria Monserrat Pe\u00f1a Mej\u00eda y el primer lugar fue seleccionada Catia Regina<br>Rodr\u00edguez Mu\u00f1iz; en este concurso tuvo participaci\u00f3n de personas de la Facultad de<br>Ciencia Educaci\u00f3n y Humanidades, Facultad de Artes Pl\u00e1sticas, Facultad de<br>Odontolog\u00eda, Escuela de Bachilleres Dr. Mariano Narv\u00e1ez, Instituto de Lenguas<br>Extranjeras y la Coordinaci\u00f3n Unidad Sureste.<\/p>\n\n\n\n<p>En medio de una gran ambiente festivo, el p\u00fablico pudo disfrutar adem\u00e1s de los<br>colores, la comida t\u00edpica, la sana convivencia y la uni\u00f3n familiar un programa<br>art\u00edstico muy completo que estuvo integrado por la participaci\u00f3n del grupo musical y<br>rondalla \u201cHuellas del alma\u201d de la Facultad de Ciencias de la Educaci\u00f3n y<br>Humanidades, el \u201cEnsamble Lobo Coahuilense\u201d, integrado por m\u00fasicos de los<br>grupos art\u00edsticos representativos como Guitarra de C\u00e1mara, Takinkai, los solistas<br>Navid Rodr\u00edguez y Enrique Torres Landeros; as\u00ed mismo se present\u00f3 el Grupo<br>Arm\u00f3nico.<\/p>\n","protected":false},"excerpt":{"rendered":"<p>SALTILLO, Coahuila. 30 de octubre de 2025. Entre luces, colores y sue\u00f1os eternosla Universidad Aut\u00f3noma de Coahuila rinde homenaje a quienes han trascendido aotro plano con el \u201cFestival de Muertos Luminarias del Alma\u201d, que ofrece un respeto ala memoria y celebra el retorno transitorio al mundo de los vivos. Con el prop\u00f3sito de fortalecer, difundir y preservar las tradiciones mexicanas, launiversidad a trav\u00e9s de la Coordinaci\u00f3n General de Difusi\u00f3n y&#8230;<\/p>\n","protected":false},"author":1,"featured_media":29021,"comment_status":"closed","ping_status":"","sticky":false,"template":"","format":"standard","meta":{"footnotes":""},"categories":[2],"tags":[],"class_list":["post-29020","post","type-post","status-publish","format-standard","has-post-thumbnail","hentry","category-uadec","wpcat-2-id"],"_links":{"self":[{"href":"https:\/\/www.aquilaguna.com\/index.php\/wp-json\/wp\/v2\/posts\/29020","targetHints":{"allow":["GET"]}}],"collection":[{"href":"https:\/\/www.aquilaguna.com\/index.php\/wp-json\/wp\/v2\/posts"}],"about":[{"href":"https:\/\/www.aquilaguna.com\/index.php\/wp-json\/wp\/v2\/types\/post"}],"author":[{"embeddable":true,"href":"https:\/\/www.aquilaguna.com\/index.php\/wp-json\/wp\/v2\/users\/1"}],"replies":[{"embeddable":true,"href":"https:\/\/www.aquilaguna.com\/index.php\/wp-json\/wp\/v2\/comments?post=29020"}],"version-history":[{"count":1,"href":"https:\/\/www.aquilaguna.com\/index.php\/wp-json\/wp\/v2\/posts\/29020\/revisions"}],"predecessor-version":[{"id":29022,"href":"https:\/\/www.aquilaguna.com\/index.php\/wp-json\/wp\/v2\/posts\/29020\/revisions\/29022"}],"wp:featuredmedia":[{"embeddable":true,"href":"https:\/\/www.aquilaguna.com\/index.php\/wp-json\/wp\/v2\/media\/29021"}],"wp:attachment":[{"href":"https:\/\/www.aquilaguna.com\/index.php\/wp-json\/wp\/v2\/media?parent=29020"}],"wp:term":[{"taxonomy":"category","embeddable":true,"href":"https:\/\/www.aquilaguna.com\/index.php\/wp-json\/wp\/v2\/categories?post=29020"},{"taxonomy":"post_tag","embeddable":true,"href":"https:\/\/www.aquilaguna.com\/index.php\/wp-json\/wp\/v2\/tags?post=29020"}],"curies":[{"name":"wp","href":"https:\/\/api.w.org\/{rel}","templated":true}]}}