{"id":29023,"date":"2025-10-30T19:19:20","date_gmt":"2025-10-31T01:19:20","guid":{"rendered":"https:\/\/www.aquilaguna.com\/?p=29023"},"modified":"2025-10-30T19:19:20","modified_gmt":"2025-10-31T01:19:20","slug":"habilitan-albergues-para-personas-vulnerables-ante-baja-en-la-temperatura","status":"publish","type":"post","link":"https:\/\/www.aquilaguna.com\/index.php\/2025\/10\/30\/habilitan-albergues-para-personas-vulnerables-ante-baja-en-la-temperatura\/","title":{"rendered":"Habilitan albergues para personas vulnerables ante baja en la temperatura."},"content":{"rendered":"\n<p>Torre\u00f3n, Coahuila. A 30 de octubre de 2025.<\/p>\n\n\n\n<p>La Direcci\u00f3n de Protecci\u00f3n Civil y Bomberos de Torre\u00f3n ha habilitado varios<br>albergues temporales en la ciudad para brindar refugio y apoyo a las personas en<br>situaci\u00f3n de calle o familias que necesiten resguardo durante la temporada de fr\u00edo.<\/p>\n\n\n\n<p>Jorge Luis Ju\u00e1rez Llanas, titular de la dependencia, indic\u00f3 que los albergues que<br>se encuentran ya habilitados son los de las instalaciones de Protecci\u00f3n Civil,<br>ubicado en Prolongaci\u00f3n Degollado S\/N entre avenida Delicias y bulevar<br>Revoluci\u00f3n; una parte del Auditorio Municipal, calle Degollado 745, colonia Luis<br>Echeverr\u00eda \u00c1lvarez; y se est\u00e1 preparando el de DIF Nueva Rosita, ubicado en<br>bulevar Independencia 2233, colonia Nueva Rosita.<\/p>\n\n\n\n<p>Dijo que los albergues ofrecen alimento y un lugar seguro para pasar la noche,<br>adem\u00e1s de brigadas de salud para proporcionar atenci\u00f3n m\u00e9dica a las personas<br>en resguardo.<\/p>\n\n\n\n<p>&#8220;El llamado es tambi\u00e9n a la ciudadan\u00eda para que reporte cualquier caso de<br>personas en situaci\u00f3n de calle que requieran traslado y resguardo. Puedes<br>reportar un caso llamando al 871 712 0066&#8243;, se\u00f1al\u00f3.<\/p>\n\n\n\n<p>Ju\u00e1rez Llanas inform\u00f3 que tambi\u00e9n est\u00e1n los recorridos del personal durante las<br>noches para identificar a las personas y poder ofrecerles el resguardo, y resalt\u00f3<br>que quienes se niegan a acudir al albergue se les entrega una cobija para que se<br>puedan proteger del fr\u00edo.<\/p>\n\n\n\n<p>Coment\u00f3 que est\u00e1 temporada de bajas temperaturas se desarrollar\u00e1n dentro de 58<br>frentes fr\u00edos y posibles tormentas invernales en Coahuila que concluir\u00e1n los<br>primeros meses del pr\u00f3ximo a\u00f1o.<\/p>\n\n\n\n<p>&#8220;Estamos pasando por el frente fr\u00edo n\u00famero 11 y seg\u00fan los pron\u00f3sticos se espera<br>que sean 58&#8243;.<\/p>\n\n\n\n<p>Finalmente, indic\u00f3 que es importante que la ciudadan\u00eda est\u00e9 atenta a informaci\u00f3n<br>proporcionada por Protecci\u00f3n Civil para estar preparados ante cualquier situaci\u00f3n<br>clim\u00e1tica.<\/p>\n","protected":false},"excerpt":{"rendered":"<p>Torre\u00f3n, Coahuila. A 30 de octubre de 2025. La Direcci\u00f3n de Protecci\u00f3n Civil y Bomberos de Torre\u00f3n ha habilitado variosalbergues temporales en la ciudad para brindar refugio y apoyo a las personas ensituaci\u00f3n de calle o familias que necesiten resguardo durante la temporada de fr\u00edo. Jorge Luis Ju\u00e1rez Llanas, titular de la dependencia, indic\u00f3 que los albergues quese encuentran ya habilitados son los de las instalaciones de Protecci\u00f3n Civil,ubicado en&#8230;<\/p>\n","protected":false},"author":1,"featured_media":29024,"comment_status":"closed","ping_status":"","sticky":false,"template":"","format":"standard","meta":{"footnotes":""},"categories":[5,28,7],"tags":[],"class_list":["post-29023","post","type-post","status-publish","format-standard","has-post-thumbnail","hentry","category-coahuila","category-la-laguna","category-torreon","wpcat-5-id","wpcat-28-id","wpcat-7-id"],"_links":{"self":[{"href":"https:\/\/www.aquilaguna.com\/index.php\/wp-json\/wp\/v2\/posts\/29023","targetHints":{"allow":["GET"]}}],"collection":[{"href":"https:\/\/www.aquilaguna.com\/index.php\/wp-json\/wp\/v2\/posts"}],"about":[{"href":"https:\/\/www.aquilaguna.com\/index.php\/wp-json\/wp\/v2\/types\/post"}],"author":[{"embeddable":true,"href":"https:\/\/www.aquilaguna.com\/index.php\/wp-json\/wp\/v2\/users\/1"}],"replies":[{"embeddable":true,"href":"https:\/\/www.aquilaguna.com\/index.php\/wp-json\/wp\/v2\/comments?post=29023"}],"version-history":[{"count":1,"href":"https:\/\/www.aquilaguna.com\/index.php\/wp-json\/wp\/v2\/posts\/29023\/revisions"}],"predecessor-version":[{"id":29025,"href":"https:\/\/www.aquilaguna.com\/index.php\/wp-json\/wp\/v2\/posts\/29023\/revisions\/29025"}],"wp:featuredmedia":[{"embeddable":true,"href":"https:\/\/www.aquilaguna.com\/index.php\/wp-json\/wp\/v2\/media\/29024"}],"wp:attachment":[{"href":"https:\/\/www.aquilaguna.com\/index.php\/wp-json\/wp\/v2\/media?parent=29023"}],"wp:term":[{"taxonomy":"category","embeddable":true,"href":"https:\/\/www.aquilaguna.com\/index.php\/wp-json\/wp\/v2\/categories?post=29023"},{"taxonomy":"post_tag","embeddable":true,"href":"https:\/\/www.aquilaguna.com\/index.php\/wp-json\/wp\/v2\/tags?post=29023"}],"curies":[{"name":"wp","href":"https:\/\/api.w.org\/{rel}","templated":true}]}}