{"id":29035,"date":"2025-10-30T19:37:26","date_gmt":"2025-10-31T01:37:26","guid":{"rendered":"https:\/\/www.aquilaguna.com\/?p=29035"},"modified":"2025-10-30T19:37:26","modified_gmt":"2025-10-31T01:37:26","slug":"gobierno-del-estado-intervendra-en-obras-del-programa-federal-la-escuela-es-nuestra","status":"publish","type":"post","link":"https:\/\/www.aquilaguna.com\/index.php\/2025\/10\/30\/gobierno-del-estado-intervendra-en-obras-del-programa-federal-la-escuela-es-nuestra\/","title":{"rendered":"Gobierno del Estado intervendr\u00e1 en obras del programa federal La Escuela es Nuestra."},"content":{"rendered":"\n<p>Torre\u00f3n, Coahuila.-\u00a0 El gobierno de Coahuila intervendr\u00e1 en su territorio en la\u00a0operaci\u00f3n del Programa Federal &#8220;La Escuela es Nuestra&#8221; y que por ahora asigna\u00a0sus recursos a las sociedades de padres de familia,\u00a0sin que haya un marco regulatorio de orden t\u00e9cnico que garantice la seguridad de las instalaciones\u00a0as\u00ed constru\u00eddas en las escuelas p\u00fablicas.<\/p>\n\n\n\n<p>Tal decisi\u00f3n seg\u00fan dio a conocer este d\u00eda el Gobernador Manolo Jim\u00e9nez Salinas, qued\u00f3 ya firme al ser incluida en los trabajos del Consejo Estatal de Seguridad,\u00a0 y ser\u00e1 observada\u00a0por su adminsitraci\u00f3n, con todo y que el citado programa es de \u00edndole\u00a0federal.\u00a0<\/p>\n\n\n\n<p>Expres\u00f3 lo anterior, al ser preguntado\u00a0por el curso que sigue el accidente\u00a0mencioando,\u00a0diciendo que &#8220;yo siento que es muy importante\u00a0que todos estemos conscientes, sin politizar\u00a0lo que sucedi\u00f3 en\u00a0 la Escuela de un Ejido en San Pedro&#8221;.<\/p>\n\n\n\n<p>&#8220;Fue un grave descuido\u00a0de \u00e9ste Programa La Escuela es Nuestra, porque desde abril, en la Mesa de Seguridad Estatal pedimos de favor\u00a0a los representantes de Bienestar \u00a0que se coordinaran con el ICIFED\u00a0 y el\u00a0 Inefeb, para que todas las obras que se fueran a hacer en las escuelas llevaran bien las especificaciones t\u00e9cnicas, que estuvieran tambi\u00e9n supervisadas&#8221;.<\/p>\n\n\n\n<p>&#8220;En Inifeb y el Icifed,\u00a0dice, &#8220;nacieron para ello\u00a0y por que la SEP, no construye, pues por que tienen&#8221;, dijo, &#8220;especificaciones t\u00e9cnicas especiales para garantizar\u00a0espacios seguros para los estudiantes, esa es la raz\u00f3n de las dos instancias mencionadas&#8221;.<\/p>\n\n\n\n<p>&#8220;Hacer escuelas bien hechas, techumbres s\u00f3lidas, bardas al cien para que las escuelas sean espacios seguros&#8221;.<\/p>\n\n\n\n<p>&#8220;Este Porgrama como estaba operado se dirig\u00eda directamernte a las escuelas, se pon\u00edan de acuerdo con los padres de familia, con los directores, incluso hab\u00eda directores que anticipaban que no se podian hacer y aun as\u00ed lo hac\u00edan&#8221;.\u00a0<\/p>\n\n\n\n<p>&#8220;A ese\u00a0programa\u00a0les daban los recursos a los padres de familia\u00a0o un grupo de ellos y estos contrataban las obras&#8221;.<\/p>\n\n\n\n<p>&#8220;As\u00ed, si alguien quiere hacer una techumbre\u00a0cuesta entre\u00a0tres y cinco millones\u00a0de pesos, hab\u00eda casos que con un solo mill\u00f3n a quer\u00edan hacerlas&#8221;.\u00a0\u00a0\u00a0<\/p>\n\n\n\n<p>&#8220;Eso lo se\u00f1alamos nosotros, yo personalmente, en el mes de marzo o abril de este a\u00f1o,\u00a0cuando le ped\u00ed de favor a Bienestar que en sinton\u00eda se pudiera hacer esto en conjunto. Desgraciadamente \u00e9sto no fue as\u00ed y ya vimos las consecuencias&#8221;.<\/p>\n\n\n\n<p>&#8220;A ra\u00edz de esta consecuencia, este d\u00eda se dio la instrucci\u00f3n en la reuni\u00f3n de seguridad, que no se puede hacer, quedar prohibida\u00a0por la Mesa de Seguridad Estatal donde est\u00e1 el ej\u00e9rcito, la Guardia Nacional, la Marina, la Fiscal\u00eda , Bienestar\u00a0y todo el equipo de Migraci\u00f3n, Inteligencia, y todos, todos Estado y Municipios&#8221;.\u00a0\u00a0<\/p>\n\n\n\n<p>&#8220;Queda prohibido hacer una obra a traves de este Programa La escuela es Nuestra que no est\u00e9 validada\u00a0 y supervisada&#8221;.<\/p>\n\n\n\n<p>&#8220;Ya habl\u00e9 con el Secretario de Educaci\u00f3n y le hice estos comentarios,\u00a0diciendo que era importante tomar cartas en el asunto, es una situaci\u00f3n delicada para que hoy en d\u00eda no se este haciendo una sola obra en todo Coahuila que no est\u00e9\u00a0validada y certificada por las instituciones mencionadas&#8221;.<\/p>\n\n\n\n<p>&#8220;Todo lo anterior por las consecuencias conocidas. Hay comunicaci\u00f3n, hay colaboraci\u00f3n y pedimos a los funcionarios que est\u00e1n en estos Programas aqu\u00ed en Coahuila que\u00a0a la brevedad\u00a0puedan tener la informaci\u00f3n\u00a0del status de todas las obras, donde est\u00e1n, cual es\u00a0 su avance, cuales van a empezar para revisarlas&#8221;.<\/p>\n\n\n\n<p>A lo mejos, dijo, &#8220;nos tardamos un par de meses, pero valdr\u00e1 la pena, para que no vuelva a\u00a0suceder\u00a0 una situaci\u00f3n tan lamentable\u00a0como la que se registr\u00f3 en San\u00a0Pedro&#8221;.<\/p>\n\n\n\n<p>&#8220;Como en el tema de la seguridad&#8221;, explic\u00f3 el Mandatario,\u00a0&#8220;hay que hacer todo lo posible en materia de prevenci\u00f3n, con todo\u00a0y lo que pudiera presentarse\u00a0alguna situaci\u00f3n,\u00a0pero aqu\u00ed al menos\u00a0ya no habr\u00e1 cabos sueltos&#8221;.<\/p>\n","protected":false},"excerpt":{"rendered":"<p>Torre\u00f3n, Coahuila.-\u00a0 El gobierno de Coahuila intervendr\u00e1 en su territorio en la\u00a0operaci\u00f3n del Programa Federal &#8220;La Escuela es Nuestra&#8221; y que por ahora asigna\u00a0sus recursos a las sociedades de padres de familia,\u00a0sin que haya un marco regulatorio de orden t\u00e9cnico que garantice la seguridad de las instalaciones\u00a0as\u00ed constru\u00eddas en las escuelas p\u00fablicas. Tal decisi\u00f3n seg\u00fan dio a conocer este d\u00eda el Gobernador Manolo Jim\u00e9nez Salinas, qued\u00f3 ya firme al ser&#8230;<\/p>\n","protected":false},"author":2,"featured_media":0,"comment_status":"closed","ping_status":"","sticky":false,"template":"","format":"standard","meta":{"footnotes":""},"categories":[5,15,31],"tags":[],"class_list":["post-29035","post","type-post","status-publish","format-standard","hentry","category-coahuila","category-gobierno-de-coahuila","category-gobierno-federal","wpcat-5-id","wpcat-15-id","wpcat-31-id"],"_links":{"self":[{"href":"https:\/\/www.aquilaguna.com\/index.php\/wp-json\/wp\/v2\/posts\/29035","targetHints":{"allow":["GET"]}}],"collection":[{"href":"https:\/\/www.aquilaguna.com\/index.php\/wp-json\/wp\/v2\/posts"}],"about":[{"href":"https:\/\/www.aquilaguna.com\/index.php\/wp-json\/wp\/v2\/types\/post"}],"author":[{"embeddable":true,"href":"https:\/\/www.aquilaguna.com\/index.php\/wp-json\/wp\/v2\/users\/2"}],"replies":[{"embeddable":true,"href":"https:\/\/www.aquilaguna.com\/index.php\/wp-json\/wp\/v2\/comments?post=29035"}],"version-history":[{"count":1,"href":"https:\/\/www.aquilaguna.com\/index.php\/wp-json\/wp\/v2\/posts\/29035\/revisions"}],"predecessor-version":[{"id":29036,"href":"https:\/\/www.aquilaguna.com\/index.php\/wp-json\/wp\/v2\/posts\/29035\/revisions\/29036"}],"wp:attachment":[{"href":"https:\/\/www.aquilaguna.com\/index.php\/wp-json\/wp\/v2\/media?parent=29035"}],"wp:term":[{"taxonomy":"category","embeddable":true,"href":"https:\/\/www.aquilaguna.com\/index.php\/wp-json\/wp\/v2\/categories?post=29035"},{"taxonomy":"post_tag","embeddable":true,"href":"https:\/\/www.aquilaguna.com\/index.php\/wp-json\/wp\/v2\/tags?post=29035"}],"curies":[{"name":"wp","href":"https:\/\/api.w.org\/{rel}","templated":true}]}}