{"id":29052,"date":"2025-10-31T18:13:56","date_gmt":"2025-11-01T00:13:56","guid":{"rendered":"https:\/\/www.aquilaguna.com\/?p=29052"},"modified":"2025-10-31T18:13:56","modified_gmt":"2025-11-01T00:13:56","slug":"emiten-recomendaciones-para-quienes-acuden-a-los-panteones-durante-el-dia-de-muertos","status":"publish","type":"post","link":"https:\/\/www.aquilaguna.com\/index.php\/2025\/10\/31\/emiten-recomendaciones-para-quienes-acuden-a-los-panteones-durante-el-dia-de-muertos\/","title":{"rendered":"Emiten recomendaciones para quienes acuden a los panteones durante el D\u00eda de Muertos."},"content":{"rendered":"\n<p>Torre\u00f3n, Coahuila. A 31 de octubre de 2025.<\/p>\n\n\n\n<p>La Direcci\u00f3n de Protecci\u00f3n Civil y Bomberos de Torre\u00f3n contin\u00faa trabajando en<br>los panteones de la ciudad a fin de garantizar la seguridad de los visitantes con<br>motivo de la celebraci\u00f3n del D\u00eda de Muertos. Asimismo, la dependencia emiti\u00f3 una<br>serie de recomendaciones para quienes asistir\u00e1n este 1 y 2 de noviembre.<\/p>\n\n\n\n<p>Jorge Luis Ju\u00e1rez Llanas, director de la dependencia, dijo que en los trabajos<br>previos, de manera coordinada con Servicios P\u00fablicos y La OLA, as\u00ed como la<br>Direcci\u00f3n de Prevenci\u00f3n de la Violencia, se hicieron labores de limpieza y<br>colocaci\u00f3n de se\u00f1alizaciones de precauci\u00f3n en las tumbas da\u00f1adas.<\/p>\n\n\n\n<p>Adem\u00e1s, personal de Salud Municipal realiz\u00f3 trabajos de abatizaci\u00f3n y fumigaci\u00f3n.<\/p>\n\n\n\n<p>&#8220;Tambi\u00e9n se estar\u00e1 revisando por parte de Protecci\u00f3n Civil y Bomberos las<br>instalaciones de los puestos de comida que se instalen en la parte exterior de los<br>panteones&#8221;, extern\u00f3.<\/p>\n\n\n\n<p>En cuanto a las recomendaciones debido a las visitas a los camposantos que se<br>esperan durante este fin de semana con motivo de la celebraci\u00f3n del D\u00eda de<br>Muertos, Ju\u00e1rez Llanas dijo que es fundamental tomar precauciones para evitar<br>incidentes y disfrutar de una jornada segura.<\/p>\n\n\n\n<p>Exhort\u00f3 a evitar acudir durante las horas de altas temperaturas y mantenerse<br>hidratados bebiendo agua embotellada ya que la de los panteones no es potable.<\/p>\n\n\n\n<p>Asimismo, se recomienda asistir preferentemente durante las horas de menor<br>afluencia y no invadir tumbas ajenas por respeto a los familiares y para prevenir<br>ca\u00eddas en los sepulcros abandonados.<\/p>\n\n\n\n<p>\u201cTambi\u00e9n es importante haber comido antes de asistir al pante\u00f3n para evitar<br>alguna descompensaci\u00f3n, y hacer uso de bloqueador solar o alg\u00fan sombrero o<br>gorra para protegerse del sol\u201d, agreg\u00f3.<\/p>\n\n\n\n<p>De igual manera, se exhorta a los visitantes a respetar los se\u00f1alamientos y<br>disposiciones de seguridad, conservar el orden y la limpieza de las instalaciones, y<br>seguir las indicaciones de las autoridades.<\/p>\n\n\n\n<p>El director reiter\u00f3 que estar\u00e1n presentes en los panteones para atender<br>emergencias.<\/p>\n\n\n\n<p>&#8220;Se realizan recorridos tanto en los panteones municipales como privados para<br>garantizar la seguridad de los visitantes&#8221;, manifest\u00f3.<\/p>\n\n\n\n<p>El operativo de vigilancia comienza desde las 06:00 horas, los panteones estar\u00e1n<br>abiertos al p\u00fablico el 1 y 2 de noviembre de 08:00 a 18:00 horas.<\/p>\n\n\n\n<p>No est\u00e1 permitido introducir bebidas alcoh\u00f3licas ni alimentos, y en cuanto a los<br>grupos musicales, el director se\u00f1al\u00f3 que es preferible evitarlos debido a la<br>saturaci\u00f3n de afluencia de esos d\u00edas.<\/p>\n\n\n\n<p>Finalmente, coment\u00f3 que es importante mantener a la vista a los ni\u00f1os y estar al<br>pendiente de la salud de los adultos mayores.<\/p>\n","protected":false},"excerpt":{"rendered":"<p>Torre\u00f3n, Coahuila. A 31 de octubre de 2025. La Direcci\u00f3n de Protecci\u00f3n Civil y Bomberos de Torre\u00f3n contin\u00faa trabajando enlos panteones de la ciudad a fin de garantizar la seguridad de los visitantes conmotivo de la celebraci\u00f3n del D\u00eda de Muertos. Asimismo, la dependencia emiti\u00f3 unaserie de recomendaciones para quienes asistir\u00e1n este 1 y 2 de noviembre. Jorge Luis Ju\u00e1rez Llanas, director de la dependencia, dijo que en los trabajosprevios,&#8230;<\/p>\n","protected":false},"author":1,"featured_media":29053,"comment_status":"closed","ping_status":"","sticky":false,"template":"","format":"standard","meta":{"footnotes":""},"categories":[5,28,7],"tags":[],"class_list":["post-29052","post","type-post","status-publish","format-standard","has-post-thumbnail","hentry","category-coahuila","category-la-laguna","category-torreon","wpcat-5-id","wpcat-28-id","wpcat-7-id"],"_links":{"self":[{"href":"https:\/\/www.aquilaguna.com\/index.php\/wp-json\/wp\/v2\/posts\/29052","targetHints":{"allow":["GET"]}}],"collection":[{"href":"https:\/\/www.aquilaguna.com\/index.php\/wp-json\/wp\/v2\/posts"}],"about":[{"href":"https:\/\/www.aquilaguna.com\/index.php\/wp-json\/wp\/v2\/types\/post"}],"author":[{"embeddable":true,"href":"https:\/\/www.aquilaguna.com\/index.php\/wp-json\/wp\/v2\/users\/1"}],"replies":[{"embeddable":true,"href":"https:\/\/www.aquilaguna.com\/index.php\/wp-json\/wp\/v2\/comments?post=29052"}],"version-history":[{"count":1,"href":"https:\/\/www.aquilaguna.com\/index.php\/wp-json\/wp\/v2\/posts\/29052\/revisions"}],"predecessor-version":[{"id":29054,"href":"https:\/\/www.aquilaguna.com\/index.php\/wp-json\/wp\/v2\/posts\/29052\/revisions\/29054"}],"wp:featuredmedia":[{"embeddable":true,"href":"https:\/\/www.aquilaguna.com\/index.php\/wp-json\/wp\/v2\/media\/29053"}],"wp:attachment":[{"href":"https:\/\/www.aquilaguna.com\/index.php\/wp-json\/wp\/v2\/media?parent=29052"}],"wp:term":[{"taxonomy":"category","embeddable":true,"href":"https:\/\/www.aquilaguna.com\/index.php\/wp-json\/wp\/v2\/categories?post=29052"},{"taxonomy":"post_tag","embeddable":true,"href":"https:\/\/www.aquilaguna.com\/index.php\/wp-json\/wp\/v2\/tags?post=29052"}],"curies":[{"name":"wp","href":"https:\/\/api.w.org\/{rel}","templated":true}]}}