{"id":2906,"date":"2021-06-22T17:26:10","date_gmt":"2021-06-22T22:26:10","guid":{"rendered":"https:\/\/www.aquilaguna.com\/?p=2906"},"modified":"2021-06-22T17:26:11","modified_gmt":"2021-06-22T22:26:11","slug":"reporta-pc-coahuila-incidentes-menores-luego-de-las-lluvias-que-cayeron-en-las-ultimas-horas","status":"publish","type":"post","link":"https:\/\/www.aquilaguna.com\/index.php\/2021\/06\/22\/reporta-pc-coahuila-incidentes-menores-luego-de-las-lluvias-que-cayeron-en-las-ultimas-horas\/","title":{"rendered":"REPORTA PC COAHUILA INCIDENTES MENORES LUEGO DE LAS LLUVIAS QUE CAYERON EN LAS \u00daLTIMAS HORAS."},"content":{"rendered":"\n<p>Saltillo, Coahuila de Zaragoza; a 22 de Junio de 2021.- La Subsecretar\u00eda de Protecci\u00f3n Civil del Estado (PC) informa que, derivado de las lluvias que se presentaron en las \u00faltimas horas en Coahuila, se reportaron diversos incidentes en algunos municipios de la entidad.<\/p>\n\n\n\n<p>Oportunamente PC dio aviso a la ciudadan\u00eda de la entrada de un frente fr\u00edo fuera de temporada, que ingres\u00f3 en el norte de M\u00e9xico y que en combinaci\u00f3n con inestabilidad atmosf\u00e9rica superior provocar\u00eda las lluvias intensas que se presentaron en Coahuila.<\/p>\n\n\n\n<p>En la Regi\u00f3n Norte del estado, en Jim\u00e9nez, se report\u00f3 que el arroyo que se encuentra a la entrada del Ejido La Muralla est\u00e1 inundado, lo que imped\u00eda el paso al resto de las rancher\u00edas. Autoridades se encuentran en el lugar resguardando el paso para evitar alg\u00fan incidente.&nbsp;<\/p>\n\n\n\n<p>Por el momento esto no pone en riesgo a los habitantes de estas poblaciones, y se espera que descienda el flujo de agua en las pr\u00f3ximas horas para que se reactive la circulaci\u00f3n.<\/p>\n\n\n\n<p>En la Regi\u00f3n Carbon\u00edfera, en Sabinas, se atendi\u00f3 del reporte de un rayo que incendi\u00f3 una palma y quem\u00f3 parcialmente dos veh\u00edculos que estaban dentro de un taller mec\u00e1nico.<\/p>\n\n\n\n<p>Mientras que en M\u00fazquiz se reportaron encharcamientos en algunos lugares del municipio, as\u00ed como la ca\u00edda de dos \u00e1rboles.<\/p>\n\n\n\n<p>En la Regi\u00f3n Centro, as\u00ed como en la Regi\u00f3n Laguna, s\u00f3lo se reportaron lluvias de mediana y baja intensidad sin incidentes.<\/p>\n\n\n\n<p>Por su parte, para la Regi\u00f3n Sureste hasta el momento no se han reportado afectaciones, s\u00f3lo algunos accidentes viales causados por el pavimento mojado.<\/p>\n\n\n\n<p>Protecci\u00f3n Civil del Estado informa que se esperan algunas precipitaciones para la entidad en las pr\u00f3ximas horas, por lo que reitera las siguientes recomendaciones:<br><\/p>\n\n\n\n<p>EN TU VIVIENDA<\/p>\n\n\n\n<p>\u00b7&nbsp;&nbsp;&nbsp;&nbsp;&nbsp;&nbsp;Cierra y asegura puertas, ventanas o toldos.<\/p>\n\n\n\n<p>\u00b7&nbsp;&nbsp;&nbsp;&nbsp;&nbsp;&nbsp;Retira todos aquellos objetos que puedan caer a la calle y provocar un accidente.<\/p>\n\n\n\n<p>\u00b7&nbsp;&nbsp;&nbsp;&nbsp;&nbsp;&nbsp;Si los vidrios de las ventanas no son tan fuertes, coloca cinta adhesiva transparente en la parte interior para evitar que al romperse los vidrios provoquen da\u00f1os.<\/p>\n\n\n\n<p>\u00b7&nbsp;&nbsp;&nbsp;&nbsp;&nbsp;&nbsp;Evita salir de casa si no es necesario.<\/p>\n\n\n\n<p>EN LA CALLE O EL CAMPO<\/p>\n\n\n\n<p>\u00b7&nbsp;&nbsp;&nbsp;&nbsp;&nbsp;&nbsp;Al\u00e9jate de cornisas, muros o \u00e1rboles que puedan llegar a desprenderse.<\/p>\n\n\n\n<p>\u00b7&nbsp;&nbsp;&nbsp;&nbsp;&nbsp;&nbsp;Toma precauciones delante de edificaciones en construcci\u00f3n o en mal estado.<\/p>\n\n\n\n<p>\u00b7&nbsp;&nbsp;&nbsp;&nbsp;&nbsp;&nbsp;Abstente de subir andamios sin las adecuadas medidas de protecci\u00f3n.<\/p>\n\n\n\n<p>\u00b7&nbsp;&nbsp;&nbsp;&nbsp;&nbsp;&nbsp;No te protejas del viento en zonas pr\u00f3ximas a muros, \u00e1rboles o edificios en mal estado o en construcci\u00f3n.<\/p>\n\n\n\n<p>SI EST\u00c1S CONDUCIENDO<\/p>\n\n\n\n<p>\u00b7&nbsp;&nbsp;&nbsp;&nbsp;&nbsp;&nbsp;Ten precauci\u00f3n, ya que son frecuentes los cortes en v\u00edas por ca\u00edda de \u00e1rboles y cables el\u00e9ctricos.<\/p>\n\n\n\n<p>\u00b7&nbsp;&nbsp;&nbsp;&nbsp;&nbsp;&nbsp;Conduce con precauci\u00f3n debido a la posibilidad de la formaci\u00f3n de nubes de polvo.<\/p>\n\n\n\n<p>\u00b7&nbsp;&nbsp;&nbsp;&nbsp;&nbsp;&nbsp;Si tu auto se ve afectado por la fuerza que el viento ejerce sobre \u00e9l, evita los rebases y ten precauci\u00f3n en los cruces y puentes.<\/p>\n\n\n\n<p>\u00b7&nbsp;&nbsp;&nbsp;&nbsp;&nbsp;&nbsp;Conduce con el m\u00e1ximo de precauci\u00f3n, disminuyendo la velocidad y con las luces de cruce y ordinarias encendidas si la visibilidad es escasa.<\/p>\n\n\n\n<p>\u00b7&nbsp;&nbsp;&nbsp;&nbsp;&nbsp;&nbsp;Ten precauci\u00f3n al momento de cruzar con otros veh\u00edculos, rebasar, pasar por puentes, baches y otros hundimientos, ya que la fuerza que ejerce el viento en el veh\u00edculo se ve alterada.<\/p>\n\n\n\n<p>\u00b7&nbsp;&nbsp;&nbsp;&nbsp;&nbsp;&nbsp;Al conducir, presta atenci\u00f3n al momento de rebasar un veh\u00edculo de carga pesada, ya que puede hacer alg\u00fan movimiento imprevisto.<\/p>\n\n\n\n<p>Mant\u00e9ngase informado por los medios oficiales de comunicaci\u00f3n y atento a los avisos que emita el Servicio Meteorol\u00f3gico Nacional y la Subsecretar\u00eda de Protecci\u00f3n Civil de Coahuila.<\/p>\n\n\n\n<p>Ante cualquier emergencia, la ciudadan\u00eda puede llamar al 911.<\/p>\n","protected":false},"excerpt":{"rendered":"<p>Saltillo, Coahuila de Zaragoza; a 22 de Junio de 2021.- La Subsecretar\u00eda de Protecci\u00f3n Civil del Estado (PC) informa que, derivado de las lluvias que se presentaron en las \u00faltimas horas en Coahuila, se reportaron diversos incidentes en algunos municipios de la entidad. Oportunamente PC dio aviso a la ciudadan\u00eda de la entrada de un frente fr\u00edo fuera de temporada, que ingres\u00f3 en el norte de M\u00e9xico y que en&#8230;<\/p>\n","protected":false},"author":1,"featured_media":2907,"comment_status":"closed","ping_status":"closed","sticky":false,"template":"","format":"standard","meta":{"footnotes":""},"categories":[27,5,15,54],"tags":[],"class_list":["post-2906","post","type-post","status-publish","format-standard","has-post-thumbnail","hentry","category-clima","category-coahuila","category-gobierno-de-coahuila","category-proteccion-civil","wpcat-27-id","wpcat-5-id","wpcat-15-id","wpcat-54-id"],"_links":{"self":[{"href":"https:\/\/www.aquilaguna.com\/index.php\/wp-json\/wp\/v2\/posts\/2906","targetHints":{"allow":["GET"]}}],"collection":[{"href":"https:\/\/www.aquilaguna.com\/index.php\/wp-json\/wp\/v2\/posts"}],"about":[{"href":"https:\/\/www.aquilaguna.com\/index.php\/wp-json\/wp\/v2\/types\/post"}],"author":[{"embeddable":true,"href":"https:\/\/www.aquilaguna.com\/index.php\/wp-json\/wp\/v2\/users\/1"}],"replies":[{"embeddable":true,"href":"https:\/\/www.aquilaguna.com\/index.php\/wp-json\/wp\/v2\/comments?post=2906"}],"version-history":[{"count":1,"href":"https:\/\/www.aquilaguna.com\/index.php\/wp-json\/wp\/v2\/posts\/2906\/revisions"}],"predecessor-version":[{"id":2908,"href":"https:\/\/www.aquilaguna.com\/index.php\/wp-json\/wp\/v2\/posts\/2906\/revisions\/2908"}],"wp:featuredmedia":[{"embeddable":true,"href":"https:\/\/www.aquilaguna.com\/index.php\/wp-json\/wp\/v2\/media\/2907"}],"wp:attachment":[{"href":"https:\/\/www.aquilaguna.com\/index.php\/wp-json\/wp\/v2\/media?parent=2906"}],"wp:term":[{"taxonomy":"category","embeddable":true,"href":"https:\/\/www.aquilaguna.com\/index.php\/wp-json\/wp\/v2\/categories?post=2906"},{"taxonomy":"post_tag","embeddable":true,"href":"https:\/\/www.aquilaguna.com\/index.php\/wp-json\/wp\/v2\/tags?post=2906"}],"curies":[{"name":"wp","href":"https:\/\/api.w.org\/{rel}","templated":true}]}}