{"id":2919,"date":"2021-06-22T17:36:24","date_gmt":"2021-06-22T22:36:24","guid":{"rendered":"https:\/\/www.aquilaguna.com\/?p=2919"},"modified":"2021-06-22T17:36:24","modified_gmt":"2021-06-22T22:36:24","slug":"trabaja-coahuila-en-favor-de-los-derechos-humanos-y-las-personas-refugiadas-mars","status":"publish","type":"post","link":"https:\/\/www.aquilaguna.com\/index.php\/2021\/06\/22\/trabaja-coahuila-en-favor-de-los-derechos-humanos-y-las-personas-refugiadas-mars\/","title":{"rendered":"TRABAJA COAHUILA EN FAVOR DE LOS DERECHOS HUMANOS Y LAS PERSONAS REFUGIADAS: MARS"},"content":{"rendered":"\n<p><strong><em>\u00a0<\/em><\/strong>\u00b7\u00a0\u00a0\u00a0\u00a0\u00a0\u00a0<strong><em>\u00a0Presentan en Coahuila Guarder\u00eda \u2018Peque\u00f1os Industriales\u2019<\/em><\/strong>.<\/p>\n\n\n\n<p>Saltillo, Coahuila de Zaragoza; a 22 de Junio de 2021.- En ceremonia en la que estuvo el gobernador Miguel \u00c1ngel Riquelme Sol\u00eds, esta ma\u00f1ana se present\u00f3 el proyecto de Guarder\u00eda \u201cPeque\u00f1os Industriales\u201d, por parte de la CANACINTRA, el Instituto Mexicano del Seguro Social y el Alto Comisionado de las Naciones Unidas para los Refugiados (ACNUR).<\/p>\n\n\n\n<p>Esta ser\u00e1 la primera guarder\u00eda con participaci\u00f3n multipartita en Coahuila y en el Pa\u00eds, que facilitar\u00e1 a madres y padres trabajadores una atenci\u00f3n de calidad para sus hijos e hijas, incluyendo personas refugiadas que laboran en la Regi\u00f3n Sureste.<\/p>\n\n\n\n<p>Con ello, Coahuila sigue demostrando que el trabajo en equipo y coordinado es la clave para alcanzar objetivos en beneficio de la sociedad, as\u00ed como ser una de las entidades m\u00e1s atractivas para la inversi\u00f3n, m\u00e1s competitiva, de las m\u00e1s seguras y con mejores niveles de bienestar.<\/p>\n\n\n\n<p>El gobernador Miguel \u00c1ngel Riquelme Sol\u00eds reconoci\u00f3 a la ACNUR por el acompa\u00f1amiento y solidaridad en la visi\u00f3n por construir un Coahuila libre de violencia, incluyente y con formaci\u00f3n de derechos humanos, as\u00ed como por desarrollar acciones estrat\u00e9gicas para la reactivaci\u00f3n econ\u00f3mica con la CANACINTRA.<\/p>\n\n\n\n<p>\u201cHoy debemos resaltar el trabajo que hace en equipo Coahuila en todos los \u00e1mbitos, en materia de seguridad, en materia de salud y, sobre todo, en acciones en las que hoy nuestra entidad tiene una gran ventaja, que es el actuar diario en favor de los derechos humanos\u201d, expres\u00f3 Riquelme Sol\u00eds.<\/p>\n\n\n\n<p>A\u00f1adi\u00f3 que el trabajar con la ACNUR ha dejado grandes ejemplos, y que hoy tambi\u00e9n su Gobierno da puntual seguimiento a las resoluciones y medidas cautelares dadas por los organismos internacionales y nacionales a favor de las personas migrantes y de las personas defensoras de los derechos humanos.<\/p>\n\n\n\n<p>\u201cCon la ACNUR, la Iniciativa Privada y la sociedad civil, el Gobierno del Estado impulsa la integraci\u00f3n al mercado laboral de las personas refugiadas que buscan aportar su esfuerzo, conocimiento y energ\u00eda en favor de la econom\u00eda local en la entidad\u201d, se\u00f1al\u00f3 el Mandatario estatal.<\/p>\n\n\n\n<p>Inform\u00f3 que son hist\u00f3ricos los resultados de este esfuerzo en conjunto, ya que entre 2016 y 2020, en Coahuila 2 mil 320 personas refugiadas han sido reconocidas con ese estatus y reubicadas, donde 8 de cada 10 cuentan con un empleo formal en la industria, comercio y de servicios.<\/p>\n\n\n\n<p>\u201cHoy aplaudimos y nos unimos a un nuevo y gran proyecto destinado a brindar el servicio de guarder\u00edas a 252 hijas e hijos de personas migrantes refugiados en nuestra entidad\u201d, resalt\u00f3.<\/p>\n\n\n\n<p>Reconoci\u00f3 que los derechos sociales para las personas refugiadas son un deber de nuestro Estado, que se pueden cumplir por la fuerza laboral que se tiene en Coahuila y por el sentido social que distingue a los empresarios de la entidad, como los integrantes de CANACINTRA.<\/p>\n\n\n\n<p>\u201cCon un empleo digno, las personas refugiadas pueden emprender de nuevo su plan de vida\u201d, subray\u00f3.<\/p>\n\n\n\n<p>En su mensaje, Riquelme Sol\u00eds expuso que Coahuila, por tanto, es un lugar que les ofrece condiciones de justicia e inclusi\u00f3n social, adem\u00e1s de estar convencidos que las pol\u00edticas p\u00fablicas deben sustentarse en los acuerdos, cooperaci\u00f3n y la coordinaci\u00f3n.<\/p>\n\n\n\n<p>\u201cEn Coahuila las personas refugiadas tienen un lugar, una comunidad que los acoge, los integra como personas comprometidas a respetar la Ley y a fortalecer nuestro desarrollo social, cultural y econ\u00f3mico\u201d.<\/p>\n\n\n\n<p>\u201cHoy, aprovecho para ratificar mi disposici\u00f3n de colaboraci\u00f3n y coordinaci\u00f3n con ACNUR, IMSS y con los integrantes de CANACINTRA, en nuestro empe\u00f1o de que Coahuila sea el escenario ideal, donde se consolide una nueva cultura de la empat\u00eda y solidaridad\u201d, concluy\u00f3 el gobernador Miguel Riquelme.<\/p>\n\n\n\n<p><strong>DESTACA ACNUR VOLUNTAD DE COAHUILA.<\/strong><\/p>\n\n\n\n<p>Mark Maly, Representante en M\u00e9xico de la ACNUR, destac\u00f3 la voluntad pol\u00edtica del gobernador Miguel Riquelme y las respuestas reales que han impactado de manera positiva en la vida de las personas refugiadas en Coahuila, y que hoy se presenta un proyecto que podr\u00eda ser un modelo que se replique en otros estados.<\/p>\n\n\n\n<p>\u201cLo que estamos celebrando el d\u00eda de hoy es un ejemplo no s\u00f3lo en M\u00e9xico, sino en toda la regi\u00f3n, de lo que se puede logra a trav\u00e9s de una alianza entre las autoridades, el sector privado, representado por CANACINTRA, la sociedad civil y Naciones Unidas\u201d, declar\u00f3.<\/p>\n\n\n\n<p>Por su parte, el titular de la CANACINTRA Nacional, Enoch Castellanos F\u00e9rez, reconoci\u00f3 el proyecto coordinado que se efect\u00faa en Coahuila, as\u00ed como el apoyo que brinda la ACNUR a las personas refugiadas para integrarse a la fuerza laboral de M\u00e9xico, por lo que reiter\u00f3 su compromiso de sumarse a la acciones en pro de la humanidad, el desarrollo econ\u00f3mico y sustentables.<\/p>\n\n\n\n<p>El titular de la CANACINTRA Coahuila Sureste, Jos\u00e9 Antonio Lazcano, expuso que el proyecto de la Guarder\u00eda \u201cPeque\u00f1os Industriales\u201d apoyar\u00e1 a 252 ni\u00f1as y ni\u00f1os, adem\u00e1s que generar\u00e1 cerca de 60 empleos formales a personal capacitado y certificado por el Seguro Social.\u00a0En el proyecto se invertir\u00e1n 22 millones de pesos en su construcci\u00f3n de m\u00e1s de 2 mil 300 metros cuadrados, y 3 millones de pesos en su equipamiento.<\/p>\n\n\n\n<p>El titular de la Divisi\u00f3n de Expansi\u00f3n del Sistema de Guarder\u00edas del IMSS, V\u00edctor Manuel P\u00e9rez Robles, dio a conocer que en Coahuila se atiende a 10 mil 913 menores de edad, y asisten el 50 por ciento de los ni\u00f1os en condiciones de cuidado sanitario; adem\u00e1s de se\u00f1alar que son espacios seguros las guarder\u00edas en Coahuila, con los mejores protocolos de salud y seguridad para evitar riesgos.<\/p>\n\n\n\n<p>En el evento se cont\u00f3 con la presencia de Nazira Zogbi Castro, Secretaria del Trabajo del Estado; Roberto Bernal G\u00f3mez, Secretario de Salud, y Manolo Jim\u00e9nez Salinas, Alcalde de Saltillo.Anabel L\u00f3pez S\u00e1nchez, titular del programa \u201cPor una Vida Libre de Violencia\u201d; Gerson Mart\u00ednez, especialista en Pol\u00edticas Econ\u00f3micas e Instituciones del Mercado de Trabajo de la OIT; Estela de los \u00c1ngeles Peraza, representante de la Comunidad de Personas Refugiadas en Saltillo, y Leopoldo Santill\u00e1n Arreygue, titular del \u00d3rgano de Operaci\u00f3n Administrativa Desconcentrada (TOOAD) en Coahuila del IMSS.<\/p>\n","protected":false},"excerpt":{"rendered":"<p>\u00a0\u00b7\u00a0\u00a0\u00a0\u00a0\u00a0\u00a0\u00a0Presentan en Coahuila Guarder\u00eda \u2018Peque\u00f1os Industriales\u2019. Saltillo, Coahuila de Zaragoza; a 22 de Junio de 2021.- En ceremonia en la que estuvo el gobernador Miguel \u00c1ngel Riquelme Sol\u00eds, esta ma\u00f1ana se present\u00f3 el proyecto de Guarder\u00eda \u201cPeque\u00f1os Industriales\u201d, por parte de la CANACINTRA, el Instituto Mexicano del Seguro Social y el Alto Comisionado de las Naciones Unidas para los Refugiados (ACNUR). Esta ser\u00e1 la primera guarder\u00eda con participaci\u00f3n multipartita en&#8230;<\/p>\n","protected":false},"author":1,"featured_media":2920,"comment_status":"closed","ping_status":"closed","sticky":false,"template":"","format":"standard","meta":{"footnotes":""},"categories":[5,15,24],"tags":[],"class_list":["post-2919","post","type-post","status-publish","format-standard","has-post-thumbnail","hentry","category-coahuila","category-gobierno-de-coahuila","category-seguridad","wpcat-5-id","wpcat-15-id","wpcat-24-id"],"_links":{"self":[{"href":"https:\/\/www.aquilaguna.com\/index.php\/wp-json\/wp\/v2\/posts\/2919","targetHints":{"allow":["GET"]}}],"collection":[{"href":"https:\/\/www.aquilaguna.com\/index.php\/wp-json\/wp\/v2\/posts"}],"about":[{"href":"https:\/\/www.aquilaguna.com\/index.php\/wp-json\/wp\/v2\/types\/post"}],"author":[{"embeddable":true,"href":"https:\/\/www.aquilaguna.com\/index.php\/wp-json\/wp\/v2\/users\/1"}],"replies":[{"embeddable":true,"href":"https:\/\/www.aquilaguna.com\/index.php\/wp-json\/wp\/v2\/comments?post=2919"}],"version-history":[{"count":1,"href":"https:\/\/www.aquilaguna.com\/index.php\/wp-json\/wp\/v2\/posts\/2919\/revisions"}],"predecessor-version":[{"id":2921,"href":"https:\/\/www.aquilaguna.com\/index.php\/wp-json\/wp\/v2\/posts\/2919\/revisions\/2921"}],"wp:featuredmedia":[{"embeddable":true,"href":"https:\/\/www.aquilaguna.com\/index.php\/wp-json\/wp\/v2\/media\/2920"}],"wp:attachment":[{"href":"https:\/\/www.aquilaguna.com\/index.php\/wp-json\/wp\/v2\/media?parent=2919"}],"wp:term":[{"taxonomy":"category","embeddable":true,"href":"https:\/\/www.aquilaguna.com\/index.php\/wp-json\/wp\/v2\/categories?post=2919"},{"taxonomy":"post_tag","embeddable":true,"href":"https:\/\/www.aquilaguna.com\/index.php\/wp-json\/wp\/v2\/tags?post=2919"}],"curies":[{"name":"wp","href":"https:\/\/api.w.org\/{rel}","templated":true}]}}