{"id":2954,"date":"2021-06-23T21:37:25","date_gmt":"2021-06-24T02:37:25","guid":{"rendered":"https:\/\/www.aquilaguna.com\/?p=2954"},"modified":"2021-06-23T21:37:25","modified_gmt":"2021-06-24T02:37:25","slug":"fiscalia-coahuila-mantiene-lineas-de-investigacion-en-asesinato-de-periodista-en-acuna","status":"publish","type":"post","link":"https:\/\/www.aquilaguna.com\/index.php\/2021\/06\/23\/fiscalia-coahuila-mantiene-lineas-de-investigacion-en-asesinato-de-periodista-en-acuna\/","title":{"rendered":"FISCAL\u00cdA COAHUILA MANTIENE L\u00cdNEAS DE INVESTIGACI\u00d3N EN ASESINATO DE PERIODISTA EN ACU\u00d1A."},"content":{"rendered":"\n<p>Acu\u00f1a, Coahuila de Zaragoza; a 23 de Junio de 2021.- La Fiscal\u00eda<br>General del Estado (FGE) no tiene alguna l\u00ednea de investigaci\u00f3n que<br>infiera que la muerte de Sa\u00fal \u201cN\u201d est\u00e1 relacionado con su labor<br>period\u00edstica, sin embargo no se descarta cualquiera de ellas y se<br>mantienen abiertas hasta establecer el m\u00f3vil.<\/p>\n\n\n\n<p>Adem\u00e1s de brindar informaci\u00f3n de los avances del caso a organismos<br>de defensa de la libertad de expresi\u00f3n y el derecho a la informaci\u00f3n,<br>manifest\u00f3 el Fiscal General del Estado, Gerardo M\u00e1rquez Guevara.<\/p>\n\n\n\n<p>Expres\u00f3 que desde que se tom\u00f3 conocimiento del homicidio de Sa\u00fal<br>\u201cN\u201d, en las inmediaciones de camino al Ejido Las Cuevas, en Acu\u00f1a,<br>se inici\u00f3 la indagatoria y se realiza de forma exhaustiva hasta agotar<br>todas las l\u00edneas de investigaci\u00f3n, de acuerdo a informaci\u00f3n recabada<br>tras la detenci\u00f3n de personas relacionadas como presuntos autores<br>materiales, y una persona del sexo femenino relacionada con los<br>hechos.<\/p>\n\n\n\n<p>M\u00e1rquez Guevara manifest\u00f3: \u201cA trav\u00e9s de la Unidad Especial de<br>Atenci\u00f3n a V\u00edctimas hemos dispuesto que se d\u00e9 asistencia y<br>acompa\u00f1amiento a la familia, en cumplimiento a lo que la Ley<br>establece\u201d.<\/p>\n\n\n\n<p>\u201cAdem\u00e1s, el \u00e1rea de Derechos Humanos de la Secretar\u00eda de<br>Seguridad P\u00fablica del Estado ha tomado acciones para la protecci\u00f3n<br>de las v\u00edctimas indirectas\u201d.<\/p>\n\n\n\n<p>El Fiscal General del Estado dio a conocer que en primera instancia<br>tom\u00f3 conocimiento de los hechos la Unidad de Investigaci\u00f3n Criminal<br>en Agravio de Periodistas y Defensores de Derechos Humanos.<\/p>\n\n\n\n<p>Tambi\u00e9n, a trav\u00e9s de un compa\u00f1ero de Sa\u00fal \u201cN\u201d, se conoci\u00f3 que<br>pertenec\u00eda a una asociaci\u00f3n civil de Radio Ayuda, lo que permiti\u00f3 la<br>\u00faltima ubicaci\u00f3n de la v\u00edctima en un domicilio objeto de una<br>inspecci\u00f3n.<\/p>\n\n\n\n<p>Expres\u00f3 que como diligencias alternas se puso a disposici\u00f3n del Alto<br>Comisionado de las Naciones Unidas en M\u00e9xico el contenido de la<br>investigaci\u00f3n. Igual se hizo con Art\u00edculo 19, organismo que tiene como<br>actividad preponderante la defensa del derecho de la libertad de<br>expresi\u00f3n y a la informaci\u00f3n, a quienes se compartir\u00e1 el expediente<br>para su debido conocimiento y trasparencia.<\/p>\n\n\n\n<p>El titular de la FGE inform\u00f3 que tambi\u00e9n se mantiene comunicaci\u00f3n<br>con la Unidad de Recepci\u00f3n de Casos y Acci\u00f3n R\u00e1pida del Mecanismo<br>de Protecci\u00f3n a Periodistas de la Secretar\u00eda de Gobernaci\u00f3n.<\/p>\n\n\n\n<p>Reiter\u00f3 que no se descarta ninguna l\u00ednea de investigaci\u00f3n: \u201cY con<br>transparencia queremos que los organismos defensores de los<br>derechos humanos nos acompa\u00f1en\u201d.<\/p>\n","protected":false},"excerpt":{"rendered":"<p>Acu\u00f1a, Coahuila de Zaragoza; a 23 de Junio de 2021.- La Fiscal\u00edaGeneral del Estado (FGE) no tiene alguna l\u00ednea de investigaci\u00f3n queinfiera que la muerte de Sa\u00fal \u201cN\u201d est\u00e1 relacionado con su laborperiod\u00edstica, sin embargo no se descarta cualquiera de ellas y semantienen abiertas hasta establecer el m\u00f3vil. Adem\u00e1s de brindar informaci\u00f3n de los avances del caso a organismosde defensa de la libertad de expresi\u00f3n y el derecho a la&#8230;<\/p>\n","protected":false},"author":1,"featured_media":2955,"comment_status":"closed","ping_status":"closed","sticky":false,"template":"","format":"standard","meta":{"footnotes":""},"categories":[5,15,24],"tags":[],"class_list":["post-2954","post","type-post","status-publish","format-standard","has-post-thumbnail","hentry","category-coahuila","category-gobierno-de-coahuila","category-seguridad","wpcat-5-id","wpcat-15-id","wpcat-24-id"],"_links":{"self":[{"href":"https:\/\/www.aquilaguna.com\/index.php\/wp-json\/wp\/v2\/posts\/2954","targetHints":{"allow":["GET"]}}],"collection":[{"href":"https:\/\/www.aquilaguna.com\/index.php\/wp-json\/wp\/v2\/posts"}],"about":[{"href":"https:\/\/www.aquilaguna.com\/index.php\/wp-json\/wp\/v2\/types\/post"}],"author":[{"embeddable":true,"href":"https:\/\/www.aquilaguna.com\/index.php\/wp-json\/wp\/v2\/users\/1"}],"replies":[{"embeddable":true,"href":"https:\/\/www.aquilaguna.com\/index.php\/wp-json\/wp\/v2\/comments?post=2954"}],"version-history":[{"count":1,"href":"https:\/\/www.aquilaguna.com\/index.php\/wp-json\/wp\/v2\/posts\/2954\/revisions"}],"predecessor-version":[{"id":2956,"href":"https:\/\/www.aquilaguna.com\/index.php\/wp-json\/wp\/v2\/posts\/2954\/revisions\/2956"}],"wp:featuredmedia":[{"embeddable":true,"href":"https:\/\/www.aquilaguna.com\/index.php\/wp-json\/wp\/v2\/media\/2955"}],"wp:attachment":[{"href":"https:\/\/www.aquilaguna.com\/index.php\/wp-json\/wp\/v2\/media?parent=2954"}],"wp:term":[{"taxonomy":"category","embeddable":true,"href":"https:\/\/www.aquilaguna.com\/index.php\/wp-json\/wp\/v2\/categories?post=2954"},{"taxonomy":"post_tag","embeddable":true,"href":"https:\/\/www.aquilaguna.com\/index.php\/wp-json\/wp\/v2\/tags?post=2954"}],"curies":[{"name":"wp","href":"https:\/\/api.w.org\/{rel}","templated":true}]}}