{"id":29640,"date":"2025-12-08T21:42:04","date_gmt":"2025-12-09T03:42:04","guid":{"rendered":"https:\/\/www.aquilaguna.com\/?p=29640"},"modified":"2025-12-08T21:42:04","modified_gmt":"2025-12-09T03:42:04","slug":"para-fortalecer-la-cultura-ambiental-impulsa-uadec-campana-de-reciclaje","status":"publish","type":"post","link":"https:\/\/www.aquilaguna.com\/index.php\/2025\/12\/08\/para-fortalecer-la-cultura-ambiental-impulsa-uadec-campana-de-reciclaje\/","title":{"rendered":"Para Fortalecer la Cultura Ambiental Impulsa UAdeC Campa\u00f1a de Reciclaje."},"content":{"rendered":"\n<p>SALTILLO, Coahuila. 8 de diciembre de 2025. La Universidad Aut\u00f3noma de<br>Coahuila, a trav\u00e9s de la Coordinaci\u00f3n General de Sustentabilidad Universitaria, pone<br>en marcha la Campa\u00f1a Integral de Recolecci\u00f3n de Residuos Reciclables con el<br>objetivo de promover una disposici\u00f3n responsable y reforzar la cultura ambiental<br>entre la comunidad universitaria de la Unidad Sureste.<\/p>\n\n\n\n<p>La iniciativa contempla la recepci\u00f3n de cart\u00f3n, papel, PET, aluminio, cartuchos de<br>impresi\u00f3n y material electr\u00f3nico, los cuales ser\u00e1n canalizados a centros de reciclaje<br>autorizados para garantizar su correcto manejo y reutilizaci\u00f3n.<\/p>\n\n\n\n<p>Con estas acciones la instituci\u00f3n busca reducir la generaci\u00f3n de desechos, fomentar<br>la separaci\u00f3n en origen y avanzar en el cumplimiento de su pol\u00edtica ambiental, que<br>incluye la disminuci\u00f3n del uso de pl\u00e1sticos de un solo uso y la adecuada disposici\u00f3n<br>de los residuos s\u00f3lidos urbanos.<\/p>\n\n\n\n<p>El punto de acopio permanecer\u00e1 instalado del 8 al 11 de diciembre de 2025 en el<br>estacionamiento principal del Campus Rector\u00eda en horario de 8:00 a 14:00 horas, a<br>donde estudiantes, docentes y personal administrativo podr\u00e1n acudir para depositar<br>sus materiales clasificados.<\/p>\n\n\n\n<p>La coordinadora de Sustentabilidad Universitaria, Ver\u00f3nica Villarreal S\u00e1nchez,<br>inform\u00f3 que esta campa\u00f1a corresponde a la Unidad Sureste y que pr\u00f3ximamente se<br>dar\u00e1n a conocer las fechas para las jornadas de reciclaje en las Unidades Norte y<br>Laguna.<\/p>\n\n\n\n<p>Con acciones como esta, la UAdeC reafirma su compromiso con la conservaci\u00f3n del<br>entorno, al tiempo que impulsa la participaci\u00f3n activa de la comunidad universitaria<br>en pr\u00e1cticas sostenibles que contribuyan al bienestar ambiental de sus Campus y de<br>la comunidad en general.<\/p>\n","protected":false},"excerpt":{"rendered":"<p>SALTILLO, Coahuila. 8 de diciembre de 2025. La Universidad Aut\u00f3noma deCoahuila, a trav\u00e9s de la Coordinaci\u00f3n General de Sustentabilidad Universitaria, poneen marcha la Campa\u00f1a Integral de Recolecci\u00f3n de Residuos Reciclables con elobjetivo de promover una disposici\u00f3n responsable y reforzar la cultura ambientalentre la comunidad universitaria de la Unidad Sureste. La iniciativa contempla la recepci\u00f3n de cart\u00f3n, papel, PET, aluminio, cartuchos deimpresi\u00f3n y material electr\u00f3nico, los cuales ser\u00e1n canalizados a centros&#8230;<\/p>\n","protected":false},"author":1,"featured_media":29641,"comment_status":"closed","ping_status":"","sticky":false,"template":"","format":"standard","meta":{"footnotes":""},"categories":[2],"tags":[],"class_list":["post-29640","post","type-post","status-publish","format-standard","has-post-thumbnail","hentry","category-uadec","wpcat-2-id"],"_links":{"self":[{"href":"https:\/\/www.aquilaguna.com\/index.php\/wp-json\/wp\/v2\/posts\/29640","targetHints":{"allow":["GET"]}}],"collection":[{"href":"https:\/\/www.aquilaguna.com\/index.php\/wp-json\/wp\/v2\/posts"}],"about":[{"href":"https:\/\/www.aquilaguna.com\/index.php\/wp-json\/wp\/v2\/types\/post"}],"author":[{"embeddable":true,"href":"https:\/\/www.aquilaguna.com\/index.php\/wp-json\/wp\/v2\/users\/1"}],"replies":[{"embeddable":true,"href":"https:\/\/www.aquilaguna.com\/index.php\/wp-json\/wp\/v2\/comments?post=29640"}],"version-history":[{"count":1,"href":"https:\/\/www.aquilaguna.com\/index.php\/wp-json\/wp\/v2\/posts\/29640\/revisions"}],"predecessor-version":[{"id":29642,"href":"https:\/\/www.aquilaguna.com\/index.php\/wp-json\/wp\/v2\/posts\/29640\/revisions\/29642"}],"wp:featuredmedia":[{"embeddable":true,"href":"https:\/\/www.aquilaguna.com\/index.php\/wp-json\/wp\/v2\/media\/29641"}],"wp:attachment":[{"href":"https:\/\/www.aquilaguna.com\/index.php\/wp-json\/wp\/v2\/media?parent=29640"}],"wp:term":[{"taxonomy":"category","embeddable":true,"href":"https:\/\/www.aquilaguna.com\/index.php\/wp-json\/wp\/v2\/categories?post=29640"},{"taxonomy":"post_tag","embeddable":true,"href":"https:\/\/www.aquilaguna.com\/index.php\/wp-json\/wp\/v2\/tags?post=29640"}],"curies":[{"name":"wp","href":"https:\/\/api.w.org\/{rel}","templated":true}]}}