{"id":29667,"date":"2025-12-09T20:38:41","date_gmt":"2025-12-10T02:38:41","guid":{"rendered":"https:\/\/www.aquilaguna.com\/?p=29667"},"modified":"2025-12-09T20:38:41","modified_gmt":"2025-12-10T02:38:41","slug":"informa-fiscalia-general-de-la-republica-nuevos-aseguramientos-de-almacenaje-de-hidrocarburos-en-la-laguna-de-durango","status":"publish","type":"post","link":"https:\/\/www.aquilaguna.com\/index.php\/2025\/12\/09\/informa-fiscalia-general-de-la-republica-nuevos-aseguramientos-de-almacenaje-de-hidrocarburos-en-la-laguna-de-durango\/","title":{"rendered":"Informa Fiscal\u00eda General de la Rep\u00fablica nuevos aseguramientos de almacenaje de hidrocarburos en La Laguna de Durango."},"content":{"rendered":"\n<p>G\u00f3mez Palacio, Durango.- En cadena,\u00a0 instalaciones que en la zona lagunera de Durango, en los municipios\u00a0de\u00a0G\u00f3mez Palacio y Lerdo\u00a0a lo largo del presente\u00a0 a\u00f1o,\u00a0con\u00a0los aseguramientos\u00a0de cisternas\u00a0 \u00a0 de almacenaje y posible venta de\u00a0hidrocarburos fuera de los sistemas de\u00a0distribuci\u00f3n y venta establecida legalmente, sino que se presume en condiciones &#8220;clandestinas&#8221; revelan la presunta\u00a0operaci\u00f3n de grupos\u00a0 de\u00a0delincuentes que se especializan en esta nociva\u00a0pr\u00e1ctica.\u00a0\u00a0<\/p>\n\n\n\n<p>En escueto boletin, la Fiscal\u00eda General de la Rep\u00fablica\u00a0hizo del conocimiento p\u00fablico, haber detectado\u00a0en predio\u00a0ubicado sobre la carretera El Vergel,\u00a0el almacenaje en un\u00a0contenedor con capacidad\u00a0de 45 mil litros, que solo\u00a0conten\u00eda en tal fecha en su interior 25 mil litros de hidrocarburos,\u00a0mangueras y pistolas despachadoras.<\/p>\n\n\n\n<p>No se report\u00f3 la detenci\u00f3n de persona alguna en este operativo, que se afirma surgi\u00f3 de orden expedida por\u00a0juez competente.<\/p>\n\n\n\n<p>Apenas el pasado 25 de\u00a0noviembre, se inform\u00f3 por la misma fuente, el aseguramiento de\u00a0dos inmuebles y dos predios, ubicados uno en el ejido La Noria Secci\u00f3n 23, de dos cisternas, con capacidad de 7,500 litros\u00a0 de hidrocarburos,\u00a0seguido del aseguramiento de otro predio, \u00e9ste ubicado a la altura del kil\u00f3metro 7.5 de la carretera G\u00f3mez Palacio-Francisco I. Madero, almacenando en una cisterna, otros 7,500\u00a0 litros, mangueras y pistolas despachadoras.<\/p>\n\n\n\n<p>En ambos casos, no se report\u00f3 detenci\u00f3n de\u00a0 persona alguna, agreg\u00e1ndo solo que las investigaciones que corresponden a estos hechos, siguen su curso.<\/p>\n\n\n\n<p>Apenas el pasado 4 de octubre del presente, otro acto similar de aseguramiento tuvo lugar\u00a0en un predio ubicado a la altura del kil\u00f3metro 23 de la Carretera Durango-Lerdo,\u00a0tras localizar en el mismo,\u00a0un contenedor de 9,500 litros de\u00a0capacidad, presuntanente de\u00a0hidrocarburos.<\/p>\n\n\n\n<p>En \u00e9ste evento,\u00a0t\u00e1mpco se report\u00f3 detenci\u00f3n de persona alguna.<\/p>\n","protected":false},"excerpt":{"rendered":"<p>G\u00f3mez Palacio, Durango.- En cadena,\u00a0 instalaciones que en la zona lagunera de Durango, en los municipios\u00a0de\u00a0G\u00f3mez Palacio y Lerdo\u00a0a lo largo del presente\u00a0 a\u00f1o,\u00a0con\u00a0los aseguramientos\u00a0de cisternas\u00a0 \u00a0 de almacenaje y posible venta de\u00a0hidrocarburos fuera de los sistemas de\u00a0distribuci\u00f3n y venta establecida legalmente, sino que se presume en condiciones &#8220;clandestinas&#8221; revelan la presunta\u00a0operaci\u00f3n de grupos\u00a0 de\u00a0delincuentes que se especializan en esta nociva\u00a0pr\u00e1ctica.\u00a0\u00a0 En escueto boletin, la Fiscal\u00eda General de la Rep\u00fablica\u00a0hizo&#8230;<\/p>\n","protected":false},"author":2,"featured_media":0,"comment_status":"closed","ping_status":"","sticky":false,"template":"","format":"standard","meta":{"footnotes":""},"categories":[40,31,28,24],"tags":[],"class_list":["post-29667","post","type-post","status-publish","format-standard","hentry","category-durango","category-gobierno-federal","category-la-laguna","category-seguridad","wpcat-40-id","wpcat-31-id","wpcat-28-id","wpcat-24-id"],"_links":{"self":[{"href":"https:\/\/www.aquilaguna.com\/index.php\/wp-json\/wp\/v2\/posts\/29667","targetHints":{"allow":["GET"]}}],"collection":[{"href":"https:\/\/www.aquilaguna.com\/index.php\/wp-json\/wp\/v2\/posts"}],"about":[{"href":"https:\/\/www.aquilaguna.com\/index.php\/wp-json\/wp\/v2\/types\/post"}],"author":[{"embeddable":true,"href":"https:\/\/www.aquilaguna.com\/index.php\/wp-json\/wp\/v2\/users\/2"}],"replies":[{"embeddable":true,"href":"https:\/\/www.aquilaguna.com\/index.php\/wp-json\/wp\/v2\/comments?post=29667"}],"version-history":[{"count":1,"href":"https:\/\/www.aquilaguna.com\/index.php\/wp-json\/wp\/v2\/posts\/29667\/revisions"}],"predecessor-version":[{"id":29668,"href":"https:\/\/www.aquilaguna.com\/index.php\/wp-json\/wp\/v2\/posts\/29667\/revisions\/29668"}],"wp:attachment":[{"href":"https:\/\/www.aquilaguna.com\/index.php\/wp-json\/wp\/v2\/media?parent=29667"}],"wp:term":[{"taxonomy":"category","embeddable":true,"href":"https:\/\/www.aquilaguna.com\/index.php\/wp-json\/wp\/v2\/categories?post=29667"},{"taxonomy":"post_tag","embeddable":true,"href":"https:\/\/www.aquilaguna.com\/index.php\/wp-json\/wp\/v2\/tags?post=29667"}],"curies":[{"name":"wp","href":"https:\/\/api.w.org\/{rel}","templated":true}]}}