{"id":29672,"date":"2025-12-10T21:14:12","date_gmt":"2025-12-11T03:14:12","guid":{"rendered":"https:\/\/www.aquilaguna.com\/?p=29672"},"modified":"2025-12-10T21:14:12","modified_gmt":"2025-12-11T03:14:12","slug":"rector-de-la-uadec-toma-protesta-al-consejo-directivo-a-la-sociedad-de-alumnos-y-al-comite-de-etica-en-investigacion-de-la-facultad-de-medicina-us","status":"publish","type":"post","link":"https:\/\/www.aquilaguna.com\/index.php\/2025\/12\/10\/rector-de-la-uadec-toma-protesta-al-consejo-directivo-a-la-sociedad-de-alumnos-y-al-comite-de-etica-en-investigacion-de-la-facultad-de-medicina-us\/","title":{"rendered":"Rector de la UAdeC Toma Protesta al Consejo Directivo, a la Sociedad de Alumnos y al Comit\u00e9 de \u00c9tica en Investigaci\u00f3n de la Facultad de Medicina US."},"content":{"rendered":"\n<p>SALTILLO, Coahuila. 10 de diciembre de 2025. El rector de la Universidad Aut\u00f3noma<br>de Coahuila, Octavio Pimentel Mart\u00ednez, tom\u00f3 protesta al Consejo Directivo, a la<br>Sociedad de Alumnos y al Comit\u00e9 de \u00c9tica en Investigaci\u00f3n de la Facultad de<br>Medicina Unidad Sureste, al tiempo que entreg\u00f3 al plantel 20 equipos de c\u00f3mputo,<br>20 monitores, 10 proyectores y 5 aires acondicionados.<\/p>\n\n\n\n<p>En el Auditorio \u201cDr. Gerardo Vald\u00e9s Villarreal\u201d, asisti\u00f3 el director de la Facultad, Jes\u00fas<br>\u00c1ngel Padilla G\u00e1mez, el secretario acad\u00e9mico, Mario Alberto Vald\u00e9s D\u00e1vila, los<br>nuevos miembros del Consejo Directivo, de la Sociedad de Alumnos y del Comit\u00e9,<br>as\u00ed como, alumnos y docentes.<\/p>\n\n\n\n<p>En su mensaje el rector Octavio Pimentel Mart\u00ednez, coment\u00f3 que ser parte del<br>Consejo Directivo es una gran responsabilidad, ya que es a trav\u00e9s de este que se<br>toman decisiones que hacen que se tenga a una Facultad de Medicina que destaca<br>a nivel nacional.<\/p>\n\n\n\n<p>A los integrantes de la Sociedad de Alumnos, les dijo que deben rescatar el sentido<br>de pertenencia del plantel y que es fundamental que escuchen a todas las voces<br>para establecer acuerdos, mientras que, al Comit\u00e9 de \u00c9tica en Investigaci\u00f3n los<br>conmin\u00f3 a trabajar para que el conocimiento y el aprendizaje contin\u00faen<br>consolid\u00e1ndose.<\/p>\n\n\n\n<p>Por su parte, el director de la Facultad de Medicina, Jes\u00fas \u00c1ngel Padilla G\u00e1mez,<br>felicit\u00f3 a los miembros salientes del Consejo Directivo, de la Sociedad de Alumnos y<br>del Comit\u00e9 de \u00c9tica en Investigaci\u00f3n, pues realizaron un trabajo ejemplar que trajo<br>beneficios a las y los universitarios, por lo que, invit\u00f3 a los nuevos integrantes a<br>seguir por ese camino para que el plantel contin\u00fae creciendo.<\/p>\n\n\n\n<p>Adem\u00e1s, agradeci\u00f3 al rector Octavio Pimentel Mart\u00ednez, por siempre apoyar a la<br>Facultad de Medicina en cada proyecto y que ahora con la entrega de este<br>equipamiento se beneficia ampliamente a las y los j\u00f3venes en su aprendizaje.<\/p>\n","protected":false},"excerpt":{"rendered":"<p>SALTILLO, Coahuila. 10 de diciembre de 2025. El rector de la Universidad Aut\u00f3nomade Coahuila, Octavio Pimentel Mart\u00ednez, tom\u00f3 protesta al Consejo Directivo, a laSociedad de Alumnos y al Comit\u00e9 de \u00c9tica en Investigaci\u00f3n de la Facultad deMedicina Unidad Sureste, al tiempo que entreg\u00f3 al plantel 20 equipos de c\u00f3mputo,20 monitores, 10 proyectores y 5 aires acondicionados. En el Auditorio \u201cDr. Gerardo Vald\u00e9s Villarreal\u201d, asisti\u00f3 el director de la Facultad, Jes\u00fas\u00c1ngel&#8230;<\/p>\n","protected":false},"author":1,"featured_media":29673,"comment_status":"closed","ping_status":"","sticky":false,"template":"","format":"standard","meta":{"footnotes":""},"categories":[2],"tags":[],"class_list":["post-29672","post","type-post","status-publish","format-standard","has-post-thumbnail","hentry","category-uadec","wpcat-2-id"],"_links":{"self":[{"href":"https:\/\/www.aquilaguna.com\/index.php\/wp-json\/wp\/v2\/posts\/29672","targetHints":{"allow":["GET"]}}],"collection":[{"href":"https:\/\/www.aquilaguna.com\/index.php\/wp-json\/wp\/v2\/posts"}],"about":[{"href":"https:\/\/www.aquilaguna.com\/index.php\/wp-json\/wp\/v2\/types\/post"}],"author":[{"embeddable":true,"href":"https:\/\/www.aquilaguna.com\/index.php\/wp-json\/wp\/v2\/users\/1"}],"replies":[{"embeddable":true,"href":"https:\/\/www.aquilaguna.com\/index.php\/wp-json\/wp\/v2\/comments?post=29672"}],"version-history":[{"count":1,"href":"https:\/\/www.aquilaguna.com\/index.php\/wp-json\/wp\/v2\/posts\/29672\/revisions"}],"predecessor-version":[{"id":29674,"href":"https:\/\/www.aquilaguna.com\/index.php\/wp-json\/wp\/v2\/posts\/29672\/revisions\/29674"}],"wp:featuredmedia":[{"embeddable":true,"href":"https:\/\/www.aquilaguna.com\/index.php\/wp-json\/wp\/v2\/media\/29673"}],"wp:attachment":[{"href":"https:\/\/www.aquilaguna.com\/index.php\/wp-json\/wp\/v2\/media?parent=29672"}],"wp:term":[{"taxonomy":"category","embeddable":true,"href":"https:\/\/www.aquilaguna.com\/index.php\/wp-json\/wp\/v2\/categories?post=29672"},{"taxonomy":"post_tag","embeddable":true,"href":"https:\/\/www.aquilaguna.com\/index.php\/wp-json\/wp\/v2\/tags?post=29672"}],"curies":[{"name":"wp","href":"https:\/\/api.w.org\/{rel}","templated":true}]}}