{"id":29675,"date":"2025-12-10T21:28:32","date_gmt":"2025-12-11T03:28:32","guid":{"rendered":"https:\/\/www.aquilaguna.com\/?p=29675"},"modified":"2025-12-10T21:28:32","modified_gmt":"2025-12-11T03:28:32","slug":"dif-torreon-recibe-reconocimiento-como-embajador-naranja-contra-la-violencia-hacia-las-mujeres","status":"publish","type":"post","link":"https:\/\/www.aquilaguna.com\/index.php\/2025\/12\/10\/dif-torreon-recibe-reconocimiento-como-embajador-naranja-contra-la-violencia-hacia-las-mujeres\/","title":{"rendered":"DIF Torre\u00f3n recibe reconocimiento como Embajador Naranja contra la violencia hacia las mujeres."},"content":{"rendered":"\n<p>Torre\u00f3n, Coahuila. A 10 de diciembre de 2025.<\/p>\n\n\n\n<p>En el marco del cierre de los 16 d\u00edas de activismo por los derechos humanos, el<br>Instituto Municipal de la Mujer (IMM) entreg\u00f3 al Sistema para el Desarrollo Integral<br>de la Familia (DIF) Torre\u00f3n, el distintivo Embajador Naranja, un reconocimiento<br>que destaca la labor del organismo en la prevenci\u00f3n, atenci\u00f3n y eliminaci\u00f3n de la<br>violencia contra las mujeres.<\/p>\n\n\n\n<p>La se\u00f1ora Selina Bremer de Cepeda, presidenta honoraria del DIF Torre\u00f3n,<br>agradeci\u00f3 el nombramiento y resalt\u00f3 el trabajo que diariamente realiza el<br>organismo para el empoderamiento de las mujeres a trav\u00e9s de talleres, cursos,<br>servicios y atenci\u00f3n integral en los centros comunitarios, los Talleres Tonantzin y<br>todos los espacios del DIF.<\/p>\n\n\n\n<p>\u201cEs por eso que impulsamos cursos y talleres de empoderamiento, otorgamos<br>servicios y prestamos atenci\u00f3n a mujeres para brindarles herramientas reales y as\u00ed<br>desarrollen habilidades, eleven su autoestima y avancen hacia una vida plena y<br>aut\u00f3noma, a trav\u00e9s de los cuales en DIF Torre\u00f3n tan solo \u00e9ste a\u00f1o hemos<br>impactado en la vida de 42 mil 582 mujeres\u201d, se\u00f1al\u00f3.<\/p>\n\n\n\n<p>Por su parte, la directora general de DIF Torre\u00f3n, Marlene Mart\u00ednez Vald\u00e9s,<br>destac\u00f3 que por instrucciones del alcalde Rom\u00e1n Alberto Cepeda Gonz\u00e1lez, se<br>trabaja de manera integral para atender a ni\u00f1as, adolescentes, j\u00f3venes y mujeres<br>adultas, desde reci\u00e9n nacidas, hasta la vejez, especialmente a quienes viven<br>alguna situaci\u00f3n de vulnerabilidad.<\/p>\n\n\n\n<p>\u201cNuestro compromiso es llegar a cada mujer que necesite apoyo, protecci\u00f3n o una<br>oportunidad para salir adelante\u201d, afirm\u00f3.<\/p>\n\n\n\n<p>El reconocimiento como Embajador Naranja fue entregado a la se\u00f1ora Selina<br>Bremer de Cepeda por la directora del IMM, Amira Darwich Garc\u00eda, adem\u00e1s de<br>colocarse un distintivo oficial en las instalaciones del organismo.<\/p>\n\n\n\n<p>Con esta distinci\u00f3n, el DIF Torre\u00f3n refrenda su compromiso de visibilizar, defender<br>y promover los derechos de las mujeres, impulsando acciones que aseguren su<br>bienestar y una vida libre de violencia.<\/p>\n","protected":false},"excerpt":{"rendered":"<p>Torre\u00f3n, Coahuila. A 10 de diciembre de 2025. En el marco del cierre de los 16 d\u00edas de activismo por los derechos humanos, elInstituto Municipal de la Mujer (IMM) entreg\u00f3 al Sistema para el Desarrollo Integralde la Familia (DIF) Torre\u00f3n, el distintivo Embajador Naranja, un reconocimientoque destaca la labor del organismo en la prevenci\u00f3n, atenci\u00f3n y eliminaci\u00f3n de laviolencia contra las mujeres. La se\u00f1ora Selina Bremer de Cepeda, presidenta honoraria&#8230;<\/p>\n","protected":false},"author":1,"featured_media":29676,"comment_status":"closed","ping_status":"","sticky":false,"template":"","format":"standard","meta":{"footnotes":""},"categories":[5,28,7],"tags":[],"class_list":["post-29675","post","type-post","status-publish","format-standard","has-post-thumbnail","hentry","category-coahuila","category-la-laguna","category-torreon","wpcat-5-id","wpcat-28-id","wpcat-7-id"],"_links":{"self":[{"href":"https:\/\/www.aquilaguna.com\/index.php\/wp-json\/wp\/v2\/posts\/29675","targetHints":{"allow":["GET"]}}],"collection":[{"href":"https:\/\/www.aquilaguna.com\/index.php\/wp-json\/wp\/v2\/posts"}],"about":[{"href":"https:\/\/www.aquilaguna.com\/index.php\/wp-json\/wp\/v2\/types\/post"}],"author":[{"embeddable":true,"href":"https:\/\/www.aquilaguna.com\/index.php\/wp-json\/wp\/v2\/users\/1"}],"replies":[{"embeddable":true,"href":"https:\/\/www.aquilaguna.com\/index.php\/wp-json\/wp\/v2\/comments?post=29675"}],"version-history":[{"count":1,"href":"https:\/\/www.aquilaguna.com\/index.php\/wp-json\/wp\/v2\/posts\/29675\/revisions"}],"predecessor-version":[{"id":29677,"href":"https:\/\/www.aquilaguna.com\/index.php\/wp-json\/wp\/v2\/posts\/29675\/revisions\/29677"}],"wp:featuredmedia":[{"embeddable":true,"href":"https:\/\/www.aquilaguna.com\/index.php\/wp-json\/wp\/v2\/media\/29676"}],"wp:attachment":[{"href":"https:\/\/www.aquilaguna.com\/index.php\/wp-json\/wp\/v2\/media?parent=29675"}],"wp:term":[{"taxonomy":"category","embeddable":true,"href":"https:\/\/www.aquilaguna.com\/index.php\/wp-json\/wp\/v2\/categories?post=29675"},{"taxonomy":"post_tag","embeddable":true,"href":"https:\/\/www.aquilaguna.com\/index.php\/wp-json\/wp\/v2\/tags?post=29675"}],"curies":[{"name":"wp","href":"https:\/\/api.w.org\/{rel}","templated":true}]}}