{"id":29678,"date":"2025-12-10T21:30:51","date_gmt":"2025-12-11T03:30:51","guid":{"rendered":"https:\/\/www.aquilaguna.com\/?p=29678"},"modified":"2025-12-10T21:30:51","modified_gmt":"2025-12-11T03:30:51","slug":"aprueban-entrega-recepcion-para-la-extincion-de-actual-concesion-del-servicio-de-limpieza","status":"publish","type":"post","link":"https:\/\/www.aquilaguna.com\/index.php\/2025\/12\/10\/aprueban-entrega-recepcion-para-la-extincion-de-actual-concesion-del-servicio-de-limpieza\/","title":{"rendered":"Aprueban entrega-recepci\u00f3n para la extinci\u00f3n de actual concesi\u00f3n del servicio de limpieza."},"content":{"rendered":"\n<p>Torre\u00f3n, Coahuila. A 10 de diciembre de 2025.<\/p>\n\n\n\n<p>Este mi\u00e9rcoles, los integrantes de la Comisi\u00f3n de Gobernaci\u00f3n y Reglamentaci\u00f3n<br>del Ayuntamiento de Torre\u00f3n, aprobaron de manera preliminar y por unanimidad,<br>el inicio del proceso de entrega-recepci\u00f3n que debe agotarse para concretar la<br>legal extinci\u00f3n del actual contrato de concesi\u00f3n del servicio p\u00fablico de limpieza.<\/p>\n\n\n\n<p>El convenio incluye todas las etapas relacionadas con el manejo de los residuos<br>s\u00f3lidos urbanos como el barrido, recolecci\u00f3n y la disposici\u00f3n final en el relleno<br>sanitario, as\u00ed como la incineraci\u00f3n o confinamiento en celdas especiales de los<br>residuos bioqu\u00edmicos. Adem\u00e1s, considera la operaci\u00f3n del sistema integral de<br>limpieza del municipio.<\/p>\n\n\n\n<p>El convenio se celebra entre el Municipio de Torre\u00f3n y la empresa \u201cPromotora<br>Ambiental de la Laguna, S.A. de C.V.\u201d, subsidiaria de Promotora Ambiental S.A.B.<br>de C.V., con el objetivo de iniciar formalmente el proceso de entrega-recepci\u00f3n<br>correspondiente a la conclusi\u00f3n de la concesi\u00f3n vigente.<\/p>\n\n\n\n<p>Natalia Fern\u00e1ndez Mart\u00ednez, presidenta de la Comisi\u00f3n, se\u00f1al\u00f3 que con esta<br>aprobaci\u00f3n se da inicio al proceso de entrega-recepci\u00f3n derivado de la extinci\u00f3n<br>de la concesi\u00f3n que fue prorrogada en 2011.<\/p>\n\n\n\n<p>Explic\u00f3 que ya existe un fallo a favor de dos empresas que pr\u00f3ximamente<br>asumir\u00e1n la nueva concesi\u00f3n, por lo que corresponde a la Comisi\u00f3n dar cierre a<br>todos los asuntos pendientes.<\/p>\n\n\n\n<p>La s\u00edndica de mayor\u00eda dijo que es importante comenzar con la notificaci\u00f3n oficial a<br>la concesionaria, a fin de establecer los tiempos y lineamientos bajo los cuales<br>deber\u00e1 desarrollarse la entrega-recepci\u00f3n.<\/p>\n\n\n\n<p>Destac\u00f3 que el proceso requiere precisi\u00f3n y transparencia para garantizar que el<br>Municipio reciba en buen estado todos los bienes y responsabilidades asociados<br>al servicio.<\/p>\n\n\n\n<p>Asimismo, inform\u00f3 que se est\u00e1 conformando un comit\u00e9 especial encargado de<br>supervisar todo el proceso, el cual tendr\u00e1 la responsabilidad de revisar los predios<br>que deber\u00e1n ser entregados, as\u00ed como el estado de los bienes muebles e<br>inmuebles y activos involucrados.<\/p>\n\n\n\n<p>Una vez completadas estas etapas iniciales, el asunto ser\u00e1 sometido a<br>consideraci\u00f3n del Cabildo.<\/p>\n\n\n\n<p>Posteriormente, subray\u00f3, se instalar\u00e1 formalmente el Comit\u00e9 de entrega-recepci\u00f3n<br>y comenzar\u00e1n los procedimientos administrativos correspondientes, con el objetivo<br>de que a m\u00e1s tardar el 31 de marzo de 2026, se ejecuten los tr\u00e1mites necesarios<br>para registrar la extinci\u00f3n de la concesi\u00f3n en el Registro P\u00fablico y cancelar<br>oficialmente la concesi\u00f3n otorgada desde 1994.<\/p>\n\n\n\n<p>La sesi\u00f3n cont\u00f3 con la totalidad de los ediles que conforman la Comisi\u00f3n de<br>Gobernaci\u00f3n y Reglamentaci\u00f3n: Gabriel Francisco Pedro, Luis Jorge Cuerda<br>Serna, Ra\u00fal Alejandro Garza del Valle y Sergio Lara Galv\u00e1n.<\/p>\n\n\n\n<p>Tambi\u00e9n estuvo presente la s\u00edndica de vigilancia Mar\u00eda del Socorro Aguilar P\u00e9rez.<\/p>\n","protected":false},"excerpt":{"rendered":"<p>Torre\u00f3n, Coahuila. A 10 de diciembre de 2025. Este mi\u00e9rcoles, los integrantes de la Comisi\u00f3n de Gobernaci\u00f3n y Reglamentaci\u00f3ndel Ayuntamiento de Torre\u00f3n, aprobaron de manera preliminar y por unanimidad,el inicio del proceso de entrega-recepci\u00f3n que debe agotarse para concretar lalegal extinci\u00f3n del actual contrato de concesi\u00f3n del servicio p\u00fablico de limpieza. El convenio incluye todas las etapas relacionadas con el manejo de los residuoss\u00f3lidos urbanos como el barrido, recolecci\u00f3n y&#8230;<\/p>\n","protected":false},"author":1,"featured_media":29679,"comment_status":"closed","ping_status":"","sticky":false,"template":"","format":"standard","meta":{"footnotes":""},"categories":[5,28,7],"tags":[],"class_list":["post-29678","post","type-post","status-publish","format-standard","has-post-thumbnail","hentry","category-coahuila","category-la-laguna","category-torreon","wpcat-5-id","wpcat-28-id","wpcat-7-id"],"_links":{"self":[{"href":"https:\/\/www.aquilaguna.com\/index.php\/wp-json\/wp\/v2\/posts\/29678","targetHints":{"allow":["GET"]}}],"collection":[{"href":"https:\/\/www.aquilaguna.com\/index.php\/wp-json\/wp\/v2\/posts"}],"about":[{"href":"https:\/\/www.aquilaguna.com\/index.php\/wp-json\/wp\/v2\/types\/post"}],"author":[{"embeddable":true,"href":"https:\/\/www.aquilaguna.com\/index.php\/wp-json\/wp\/v2\/users\/1"}],"replies":[{"embeddable":true,"href":"https:\/\/www.aquilaguna.com\/index.php\/wp-json\/wp\/v2\/comments?post=29678"}],"version-history":[{"count":1,"href":"https:\/\/www.aquilaguna.com\/index.php\/wp-json\/wp\/v2\/posts\/29678\/revisions"}],"predecessor-version":[{"id":29680,"href":"https:\/\/www.aquilaguna.com\/index.php\/wp-json\/wp\/v2\/posts\/29678\/revisions\/29680"}],"wp:featuredmedia":[{"embeddable":true,"href":"https:\/\/www.aquilaguna.com\/index.php\/wp-json\/wp\/v2\/media\/29679"}],"wp:attachment":[{"href":"https:\/\/www.aquilaguna.com\/index.php\/wp-json\/wp\/v2\/media?parent=29678"}],"wp:term":[{"taxonomy":"category","embeddable":true,"href":"https:\/\/www.aquilaguna.com\/index.php\/wp-json\/wp\/v2\/categories?post=29678"},{"taxonomy":"post_tag","embeddable":true,"href":"https:\/\/www.aquilaguna.com\/index.php\/wp-json\/wp\/v2\/tags?post=29678"}],"curies":[{"name":"wp","href":"https:\/\/api.w.org\/{rel}","templated":true}]}}