{"id":29681,"date":"2025-12-10T21:44:39","date_gmt":"2025-12-11T03:44:39","guid":{"rendered":"https:\/\/www.aquilaguna.com\/?p=29681"},"modified":"2025-12-10T21:44:39","modified_gmt":"2025-12-11T03:44:39","slug":"vienen-grandes-cosas-para-muzquiz-y-la-carbonifera-manolo","status":"publish","type":"post","link":"https:\/\/www.aquilaguna.com\/index.php\/2025\/12\/10\/vienen-grandes-cosas-para-muzquiz-y-la-carbonifera-manolo\/","title":{"rendered":"VIENEN GRANDES COSAS PARA M\u00daZQUIZ Y LA CARBON\u00cdFERA: MANOLO."},"content":{"rendered":"\n<ul class=\"wp-block-list\">\n<li><em>Acompa\u00f1a Gobernador del Estado a la alcaldesa de M\u00fazquiz, Laura Jim\u00e9nez en su primer Informe de Resultados<\/em><\/li>\n<\/ul>\n\n\n\n<p>Melchor M\u00fazquiz, Coahuila de Zaragoza, a 10 de diciembre de 2025.- El gobernador Manolo Jim\u00e9nez Salinas acompa\u00f1\u00f3 a Laura Jim\u00e9nez Guti\u00e9rrez, alcaldesa de M\u00fazquiz, en su primer Informe de Resultados, en donde se comprometi\u00f3 a continuar trabajando en equipo para reconstruir la grandeza de este municipio.<\/p>\n\n\n\n<p>&#8220;Llegamos al hermoso Pueblo M\u00e1gico de M\u00fazquiz para acompa\u00f1ar a mi amiga, la alcaldesa Laura Jim\u00e9nez, en su Primer Informe. Con su gran trabajo y excelentes resultados, la magia volvi\u00f3 y juntos estamos re construyendo en equipo la grandeza de esta tierra bendita&#8221;, destac\u00f3 el gobernador.&nbsp;<\/p>\n\n\n\n<p>Manolo Jim\u00e9nez mencion\u00f3 que para 2026 vienen m\u00e1s y mejores proyectos programas y obras para M\u00fazquiz y los municipios de la regi\u00f3n Carbon\u00edfera; abund\u00f3 que se va a avanzar mucho en el gran proyecto del agua; anunci\u00f3 que se llevar\u00e1 a cabo el programa de bacheo y recarpeteo m\u00e1s grande en la historia de la Carbon\u00edfera; y que en 2026 se iniciar\u00e1 la construcci\u00f3n de dos parques industriales en esta regi\u00f3n: uno en que estar\u00e1 en M\u00fazquiz, y otro entre Sabinas y Nueva Rosita.<\/p>\n\n\n\n<p>\u201cEn 2025 se invirti\u00f3 una gran cantidad de recursos de parte del Estado de m\u00e1s de 200 millones de pesos, y en 2026 habr\u00e1 una inversi\u00f3n hist\u00f3rica por parte del Gobierno del Estado para M\u00fazquiz, y para los municipios de la regi\u00f3n carbon\u00edfera\u201d, se\u00f1al\u00f3.<\/p>\n\n\n\n<p>Agreg\u00f3 que con los parques industriales se atraer\u00e1 m\u00e1s empleos para la gente de esta regi\u00f3n, que es la herramienta m\u00e1s poderosa que se puede dar a nuestra gente para que pueda salir adelante.<\/p>\n\n\n\n<p>\u201cAqu\u00ed trabajamos unidos, aqu\u00ed sumamos, aqu\u00ed vemos el c\u00f3mo s\u00ed y aqu\u00ed trabajamos para el bien de nuestra gente. Aqu\u00ed no dividimos, aqu\u00ed no peleamos, aqu\u00ed no polarizamos, aqu\u00ed no mentimos, aqu\u00ed no manipulamos. Aqu\u00ed lo que buscamos es que todo lo que hacemos en conjunto, a final de cuentas, impacte positivamente en la vida de nuestra gente\u201d, subray\u00f3 Manolo Jim\u00e9nez.<\/p>\n\n\n\n<p>Al rendir su primer informe de resultados, Laura Jim\u00e9nez, coment\u00f3 que de la mano del gobernador Manolo Jim\u00e9nez, en M\u00fazquiz se trabaja en una soluci\u00f3n verdadera para que todos sus habitantes cuenten con agua en sus casas.<\/p>\n\n\n\n<p>\u201cGracias por su apoyo decidido y por ayudar a lo que parec\u00eda imposible, y que hoy empieza a ser una realidad para cientos de hogares muzquenses\u201d, se\u00f1al\u00f3.<\/p>\n\n\n\n<p>Destac\u00f3 que gracias al respaldo firme del gobernador Manolo Jim\u00e9nez Salinas, M\u00fazquiz est\u00e1 despertando, y que lo est\u00e1 haciendo con fuerza.<\/p>\n","protected":false},"excerpt":{"rendered":"<p>Melchor M\u00fazquiz, Coahuila de Zaragoza, a 10 de diciembre de 2025.- El gobernador Manolo Jim\u00e9nez Salinas acompa\u00f1\u00f3 a Laura Jim\u00e9nez Guti\u00e9rrez, alcaldesa de M\u00fazquiz, en su primer Informe de Resultados, en donde se comprometi\u00f3 a continuar trabajando en equipo para reconstruir la grandeza de este municipio. &#8220;Llegamos al hermoso Pueblo M\u00e1gico de M\u00fazquiz para acompa\u00f1ar a mi amiga, la alcaldesa Laura Jim\u00e9nez, en su Primer Informe. Con su gran trabajo&#8230;<\/p>\n","protected":false},"author":1,"featured_media":29682,"comment_status":"closed","ping_status":"","sticky":false,"template":"","format":"standard","meta":{"footnotes":""},"categories":[5,15,75],"tags":[],"class_list":["post-29681","post","type-post","status-publish","format-standard","has-post-thumbnail","hentry","category-coahuila","category-gobierno-de-coahuila","category-obra","wpcat-5-id","wpcat-15-id","wpcat-75-id"],"_links":{"self":[{"href":"https:\/\/www.aquilaguna.com\/index.php\/wp-json\/wp\/v2\/posts\/29681","targetHints":{"allow":["GET"]}}],"collection":[{"href":"https:\/\/www.aquilaguna.com\/index.php\/wp-json\/wp\/v2\/posts"}],"about":[{"href":"https:\/\/www.aquilaguna.com\/index.php\/wp-json\/wp\/v2\/types\/post"}],"author":[{"embeddable":true,"href":"https:\/\/www.aquilaguna.com\/index.php\/wp-json\/wp\/v2\/users\/1"}],"replies":[{"embeddable":true,"href":"https:\/\/www.aquilaguna.com\/index.php\/wp-json\/wp\/v2\/comments?post=29681"}],"version-history":[{"count":1,"href":"https:\/\/www.aquilaguna.com\/index.php\/wp-json\/wp\/v2\/posts\/29681\/revisions"}],"predecessor-version":[{"id":29683,"href":"https:\/\/www.aquilaguna.com\/index.php\/wp-json\/wp\/v2\/posts\/29681\/revisions\/29683"}],"wp:featuredmedia":[{"embeddable":true,"href":"https:\/\/www.aquilaguna.com\/index.php\/wp-json\/wp\/v2\/media\/29682"}],"wp:attachment":[{"href":"https:\/\/www.aquilaguna.com\/index.php\/wp-json\/wp\/v2\/media?parent=29681"}],"wp:term":[{"taxonomy":"category","embeddable":true,"href":"https:\/\/www.aquilaguna.com\/index.php\/wp-json\/wp\/v2\/categories?post=29681"},{"taxonomy":"post_tag","embeddable":true,"href":"https:\/\/www.aquilaguna.com\/index.php\/wp-json\/wp\/v2\/tags?post=29681"}],"curies":[{"name":"wp","href":"https:\/\/api.w.org\/{rel}","templated":true}]}}