{"id":29686,"date":"2025-12-10T22:00:12","date_gmt":"2025-12-11T04:00:12","guid":{"rendered":"https:\/\/www.aquilaguna.com\/?p=29686"},"modified":"2025-12-10T22:00:12","modified_gmt":"2025-12-11T04:00:12","slug":"realizan-fuerzas-federales-detenciones-en-durango-capital-y-zona-lagunera","status":"publish","type":"post","link":"https:\/\/www.aquilaguna.com\/index.php\/2025\/12\/10\/realizan-fuerzas-federales-detenciones-en-durango-capital-y-zona-lagunera\/","title":{"rendered":"Realizan fuerzas federales detenciones en Durango capital y zona lagunera."},"content":{"rendered":"\n<p>G\u00f3mez Palacio, Durango.- En acci\u00f3n coordinada,\u00a0\u00e9sta madrugada, fuerzas federales realizaron sendos operativos\u00a0en la ciudad\u00a0capital y \u00e9sta pobalci\u00f3n,\u00a0para ejecutar\u00a0ordenamientos judiciales\u00a0que se desprenden\u00a0de la carpeta de investigacion\u00a0presentada ante autoridad judicial competente,\u00a0que emiti\u00f3 los ordenamientos correspondientes\u00a0de aprehensi\u00f3n contra\u00a0varios sujetos y\u00a0el aseguramiento de dos inmuebles, uno ubicado en Durango capital y\u00a0 otro m\u00e1s en G\u00f3mez Palacio.\u00a0<\/p>\n\n\n\n<p>Hasta el momento,\u00a0el titular de la Secretar\u00eda de Seguridad y Protecci\u00f3n Ciudadana, Omar Garc\u00eda Harcfuch, a trav\u00e9s de sus redes sociales, inform\u00f3 lo anterior, identificando\u00a0solo a uno de los detenidos, en la persona de Alfredo &#8220;Limones&#8221;, conocido localmene como\u00a0Secretario de organizaci\u00f3n\u00a0de la CATEM en \u00e9sta entidad duranguense, y\u00a0a quien\u00a0el funcioanrio federal se\u00f1ala como &#8220;Jefe de Plaza&#8221; y operador financiero de un\u00a0 grupo delictivo\u00a0conocido como &#8220;Los Cabrera&#8221;.<\/p>\n\n\n\n<p>La\u00a0detenci\u00f3n resulta de se\u00f1alamientos y denuncias de\u00a0 presunta extorsi\u00f3n, adem\u00e1s de otros delitos del orden federal, como son actividades con recursos de procedencia il\u00edcita.<\/p>\n\n\n\n<p>En estos operativos seg\u00fan se indic\u00f3, y enmarcados en las acciones en el marco de la Estrategia Nacional Contra la Extorsi\u00f3n, tuvieron participaci\u00f3n elementos de la Secretar\u00eda de Seguridad\u00a0y Protecci\u00f3n Ciudadana de la Secretar\u00eda de Marina,\u00a0 de la SEDENA, de la Guardia Nacional, Fiscal\u00eda General de la Rep\u00fayblica\u00a0 y su agencia de investigaci\u00f3n criminal.<\/p>\n\n\n\n<p>Garc\u00eda Hartfuch hizo\u00a0menci\u00f3n especial\u00a0de agradecimiento al Gobierno de Coahuila\u00a0por su activa participaci\u00f3n\u00a0en este caso.\u00a0<\/p>\n\n\n\n<p>Se indica as\u00ed tambi\u00e9n que con la detenci\u00f3n del citado, se ha\u00a0decomisado una arma larga, cinco armas cortas\u00a0 y equipo t\u00e1ctico.\u00a0<\/p>\n\n\n\n<p>Se procedi\u00f3 adem\u00e1s al aseguramiento de un domicilio ubicado en la ciudad capital de Durango y otro m\u00e1s en\u00a0G\u00f3mez Palacio, a la altura de la Calle Centenario, donde\u00a0 las fuerzas participantes implementaron\u00a0un cerco de seguridad, que abarcaron dos cuadras a la redonda.<\/p>\n","protected":false},"excerpt":{"rendered":"<p>G\u00f3mez Palacio, Durango.- En acci\u00f3n coordinada,\u00a0\u00e9sta madrugada, fuerzas federales realizaron sendos operativos\u00a0en la ciudad\u00a0capital y \u00e9sta pobalci\u00f3n,\u00a0para ejecutar\u00a0ordenamientos judiciales\u00a0que se desprenden\u00a0de la carpeta de investigacion\u00a0presentada ante autoridad judicial competente,\u00a0que emiti\u00f3 los ordenamientos correspondientes\u00a0de aprehensi\u00f3n contra\u00a0varios sujetos y\u00a0el aseguramiento de dos inmuebles, uno ubicado en Durango capital y\u00a0 otro m\u00e1s en G\u00f3mez Palacio.\u00a0 Hasta el momento,\u00a0el titular de la Secretar\u00eda de Seguridad y Protecci\u00f3n Ciudadana, Omar Garc\u00eda Harcfuch, a trav\u00e9s de&#8230;<\/p>\n","protected":false},"author":2,"featured_media":0,"comment_status":"closed","ping_status":"","sticky":false,"template":"","format":"standard","meta":{"footnotes":""},"categories":[40,64,31,24],"tags":[],"class_list":["post-29686","post","type-post","status-publish","format-standard","hentry","category-durango","category-gobierno-de-durango","category-gobierno-federal","category-seguridad","wpcat-40-id","wpcat-64-id","wpcat-31-id","wpcat-24-id"],"_links":{"self":[{"href":"https:\/\/www.aquilaguna.com\/index.php\/wp-json\/wp\/v2\/posts\/29686","targetHints":{"allow":["GET"]}}],"collection":[{"href":"https:\/\/www.aquilaguna.com\/index.php\/wp-json\/wp\/v2\/posts"}],"about":[{"href":"https:\/\/www.aquilaguna.com\/index.php\/wp-json\/wp\/v2\/types\/post"}],"author":[{"embeddable":true,"href":"https:\/\/www.aquilaguna.com\/index.php\/wp-json\/wp\/v2\/users\/2"}],"replies":[{"embeddable":true,"href":"https:\/\/www.aquilaguna.com\/index.php\/wp-json\/wp\/v2\/comments?post=29686"}],"version-history":[{"count":1,"href":"https:\/\/www.aquilaguna.com\/index.php\/wp-json\/wp\/v2\/posts\/29686\/revisions"}],"predecessor-version":[{"id":29687,"href":"https:\/\/www.aquilaguna.com\/index.php\/wp-json\/wp\/v2\/posts\/29686\/revisions\/29687"}],"wp:attachment":[{"href":"https:\/\/www.aquilaguna.com\/index.php\/wp-json\/wp\/v2\/media?parent=29686"}],"wp:term":[{"taxonomy":"category","embeddable":true,"href":"https:\/\/www.aquilaguna.com\/index.php\/wp-json\/wp\/v2\/categories?post=29686"},{"taxonomy":"post_tag","embeddable":true,"href":"https:\/\/www.aquilaguna.com\/index.php\/wp-json\/wp\/v2\/tags?post=29686"}],"curies":[{"name":"wp","href":"https:\/\/api.w.org\/{rel}","templated":true}]}}