{"id":29688,"date":"2025-12-10T22:40:02","date_gmt":"2025-12-11T04:40:02","guid":{"rendered":"https:\/\/www.aquilaguna.com\/?p=29688"},"modified":"2025-12-10T22:40:02","modified_gmt":"2025-12-11T04:40:02","slug":"aqui-laguna-468","status":"publish","type":"post","link":"https:\/\/www.aquilaguna.com\/index.php\/2025\/12\/10\/aqui-laguna-468\/","title":{"rendered":"Aqu\u00ed Laguna."},"content":{"rendered":"\n<p>\u00a1Tanto\u00a0va el c\u00e1ntaro al agua!, que ya sabemos. As\u00ed sucede con el caso de la aprehensi\u00f3n y traslado de quien sabe donde, del controversial Edgar Rodr\u00edguez\u00a0el &#8220;Limones&#8221;, nombre largamente escuchado especialmente en \u00e9ste aciago a\u00f1o, cuando\u00a0los temas del agua empezaron a gotear sobre la opini\u00f3n p\u00fablica,\u00a0informes sobre\u00a0ciertas y particualares acciones\u00a0imputadas por los miembros de los M\u00f3dulos de Riego que\u00a0ubican sus territorios en\u00a0la zona lagunera del\u00a0vecino Estado de Durago -ya\u00a0con incursiones exitosas en Coahuila-, seguidas luego de exigidas &#8220;cuotas&#8221; a\u00a0productores\u00a0de forrajes y transportistas, etc., que operaban su traslado de las zonas de producci\u00f3n a\u00a0las del consumo, mismas que fueron sordamente &#8220;atendidas&#8221; por Esteban Villegas, el cantante Gobernador de Durago, secuencia\u00a0seguida\u00a0por el singular escandalito de sac\u00f3 de su dirigencia al titular de la C\u00e1mara\u00a0Mexicana de la Industria de la Construcci\u00f3n, Delegaci\u00f3n Torre\u00f3n,\u00a0por prestarse solo\u00a0a escuchar el canto de las sirenas del dueto lideril de la\u00a0 Confederaci\u00f3n Aut\u00f3noma de Trabajadores y Empleados de M\u00e9xico -CATEM-, \u00a1de Durango!, encuentro que incluy\u00f3\u00a0al hoy detenido Edgar Rodr\u00edguez Ortiz el &#8220;Limones&#8221;, por los feos delitos, relacionados con extorsi\u00f3n y lavado de dinero, para empezar acci\u00f3n, que al\u00a0 parecer no ha quedado conclu\u00edda, pues se afirma que quedan pendientes otras aprehensiones derivadas de la carpeta de investigaci\u00f3n generada con la incursi\u00f3n hace algunos meses, en oficinas\u00a0de la CATEM en la vecina poblaci\u00f3n de G\u00f3mez Palacio, organizaci\u00f3n sindical que est\u00e1 a cargo de Assael Armando Cobi\u00e1n Duarte y en Coahuila, \u00a1ha\u01f5ame usted el favor!, por el empresario zapatero, el ex panista\u00a0Jos\u00e9 Miguel Batarse .<\/p>\n\n\n\n<p>La interevenci\u00f3n\u00a0atribuida a la voluntad del Gobernador\u00a0Manolo Jim\u00e9nez Salinas, fren\u00f3 al menos en\u00a0lo p\u00fablico, las actividades de la organizaci\u00f3n mencionada, en \u00e9stas tierras coahuiltecas, si bien aparecen en tal escena &#8220;prietitos en el arroz&#8221;,  quienes no han &#8220;le\u00eddo&#8221; suficientemente  con\u00a0 intenci\u00f3n\u00a0o sin ella, la decisi\u00f3n\u00a0gubernamental de impedir\u00a0actividades que trastoquen las condiciones de tranquilidad y seguridad que se han ido construyendo en Coahuila, en \u00e9sta zona lagunera,\u00a0no solo por \u00e9ste gobierno estatal, sino por lo menos dos administraciones que la preceden,\u00a0no sin dificultades, no sin un\u00a0alto costo humano, a lo largo de\u00a0ya m\u00e1s de una d\u00e9cada, y ni se diga\u00a0del costo\u00a0econ\u00f3mico a toda la poblaci\u00f3n, que ha visto\u00a0destinar\u00a0altos presupuestos, recusos humanos y\u00a0t\u00e1cticos, en mantener\u00a0las condiciones\u00a0subjetivas y objetivas para poder\u00a0lograr que Coahuila y \u00e9sta regi\u00f3n, sean\u00a0una \u00ednsula de seguridad\u00a0en\u00a0comparaci\u00f3n\u00a0 con el resto del pais. \u00bfEs falta de sensibilidad, o\u00a0son otros\u00a0 los intereses? Es pregunta.<\/p>\n\n\n\n<p>De ah\u00ed que\u00a0en estos d\u00edas, a partir del pasado viernes,\u00a0el Secretario del Ayuntamiento de Torre\u00f3n,\u00a0figure cual pararayos de\u00a0los rayos\u00a0y centellas, de atenci\u00f3n pues\u00a0y cr\u00edticas\u00a0a su leve, pero definitoria\u00a0presencia registrada en ahora controversial festejo navide\u00f1o, tradicional, por cierto, que\u00a0Armando Cobi\u00e1n Lafont\u00a0 tenga a\u00a0bien organizar a todos sus colegas periodistas a lo largo ya de 25 a\u00f1os y festejo o convivencia que tuviera lugar el pasado viernes, en las instalaciones de la C\u00e1mara de Comercio, con algunos\u00a0elementos &#8220;ajenos&#8221; que arribaron al festejo y que le dieran un tinte diverso, delicado\u00a0pol\u00edticamente\u00a0hablando en estos tiempos, se dir\u00eda; y a donde acudi\u00f3 el Secretario del Ayuntamiento de Torre\u00f3n que hasta hoy y desde su designaci\u00f3n en sucesi\u00f3n de Jos\u00e9 Ganem Guerrero, hab\u00eda logrado establecer delicado equilibrio, entre las fuerzas antag\u00f3nicas, aunque se diga lo contrario, que desat\u00f3 la defenestraci\u00f3n de su antecesor en el cargo.<\/p>\n\n\n\n<p>El Licenciado Olmos Castro es un sujeto h\u00e1bil en su oficio\u00a0y sin duda, podr\u00e1 salir\u00a0bien librado de tal entuerto y rescate ese intangible, tan escaso y elusivo como es el de la confianza,\u00a0y m\u00e1s aun en\u00a0el medio pol\u00edtico vigente&#8230;<\/p>\n\n\n\n<p>Otro\u00a0asistente al jolgorio navide\u00f1o, result\u00f3 ser el profesor Jes\u00fas Contreras Pacheco, quien recibi\u00f3 las atenciones de sus anfitriones en la\u00a0 g\u00e9lida noche decembrina&#8230;<\/p>\n\n\n\n<p>Y este d\u00eda, culminaron\u00a0las actividades de los\u00a016 d\u00edas posteriores a la\u00a0conmemoraci\u00f3n del D\u00eda Internacional\u00a0 de Lucha Contra la Violencia a las Mujeres, que en su inicio del presente mes, encabezara en Torre\u00f3n la se\u00f1ora Liliana Salinas\u00a0de Jimenez, Presidenta Honoraria\u00a0del DIF-Coahuila, y que ahora\u00a0designada como &#8220;Embajadora Naranaja&#8221;,\u00a0asumi\u00f3 este mediod\u00eda las Se\u00f1ora Selina Bremer de Cepeda, encomienda\u00a0que se hizo extensiva a las decenas de mujeres que organizadas compartieron actividades y proyectos de\u00a0 desarrollo, de pol\u00edticas p\u00fablicas,\u00a0a favor de las mujeres que por\u00a0decenas de razones han venido quedando atr\u00e1s, en caminos\u00a0de\u00a0restauraci\u00f3n\u00a0de sus capacidades y dignidad, afectadas por episodios, algunos sostenidos de violencia en su entorno.<\/p>\n\n\n\n<p>Por cierto, la se\u00f1ora Selina Bremer,\u00a0dio a conocer que\u00a0en el a\u00f1o por\u00a0empezar, el proyecto de mayor\u00a0 envergadura, que ocupar\u00e1 sus afanes y presupuestos, ser\u00e1 sin duda, el destinado a los Adultos Mayores, que contar\u00e1n con instalaciones y programas espec\u00edficos para su atenci\u00f3n, que correspondan hoy, con la\u00a0 que ya reciben los menores. sin que a ese ciclo de atenci\u00f3n\u00a0signifique dejar atr\u00e1s los deiversos programas de apoyo y acompa\u00f1amiento que se prestan en la instituci\u00f3n a su cargo.<\/p>\n\n\n\n<p>Y \u00a0 vayaque\u00a0 registra avance, la limpieza obligada que\u00a0impuso el deterioro adminsitrativo y t\u00e9cnico del Sistema de Abasto de Agua a comunidades de los municipios de Torre\u00f3n, Matamoros y Viesca, conocido como SIMAS-Rural, una vez que lo tom\u00f3 bajo su\u00a0direcci\u00f3n\u00a0y conducci\u00f3n, el Licenciado Jos\u00e9 Antonio Guti\u00e9rrez\u00a0Jard\u00f3n, fiel a su modesto estilo, revel\u00f3 en comentarios\u00a0derivados en la reuni\u00f3n informal, que destacan en algunos puntos torales del sistema mencioando,\u00a0claridad y avance en la compleja tarea de proporcionar agua potable a los pobladores de las comunidades rurales de los municpios\u00a0 citados. <\/p>\n\n\n\n<p>Nada f\u00e1cil pues,\u00a0 ya que se trata de\u00a0 proporcionar de manera cotidiana el abasto para consumo\u00a0 de\u00a0 los pobladores de la extensa \u00e1rea rural\u00a0que se cita, contando como es el caso,\u00a0de solo la disposici\u00f3n del gasto que generan 27 pozos de abasto para ello, si bien, parece ya cercano la remediaci\u00f3n ambiental y de salud\u00a0 que se alcance en tal sistema, con el ingreso de caudales\u00a0del Proyecto Agua Saludable para la Laguna, tambi\u00e9n se trata de armonizar los intereses pol\u00edticos\u00a0que se deriven de los mandos municipales y sus sistemas de abasto ya establecidos repletos de bur\u00f3cratas , y otro m\u00e1s, el cobro de tales servicios con abasto,\u00a0pobre por ahora. Optimista, el funcionario\u00a0 pretende establecer el cobro electr\u00f3nico, digital, de tales servicios a trav\u00e9s de la aplicaci\u00f3n correspondiente.<\/p>\n\n\n\n<p>Veremos que resulta y si est\u00e1 ya en funciones,\u00a0se\u00a0 aplica tambi\u00e9n en SIMAS-Torre\u00f3n, que por ahora, de manera tradicional, se encuentra a cargo de\u00a0 despachos de cobranza legal.<\/p>\n\n\n\n<p>Veremos y diremos. No es mala idea..\u00a0.<br><\/p>\n","protected":false},"excerpt":{"rendered":"<p>\u00a1Tanto\u00a0va el c\u00e1ntaro al agua!, que ya sabemos. As\u00ed sucede con el caso de la aprehensi\u00f3n y traslado de quien sabe donde, del controversial Edgar Rodr\u00edguez\u00a0el &#8220;Limones&#8221;, nombre largamente escuchado especialmente en \u00e9ste aciago a\u00f1o, cuando\u00a0los temas del agua empezaron a gotear sobre la opini\u00f3n p\u00fablica,\u00a0informes sobre\u00a0ciertas y particualares acciones\u00a0imputadas por los miembros de los M\u00f3dulos de Riego que\u00a0ubican sus territorios en\u00a0la zona lagunera del\u00a0vecino Estado de Durago -ya\u00a0con incursiones&#8230;<\/p>\n","protected":false},"author":2,"featured_media":0,"comment_status":"closed","ping_status":"","sticky":false,"template":"","format":"standard","meta":{"footnotes":""},"categories":[8],"tags":[],"class_list":["post-29688","post","type-post","status-publish","format-standard","hentry","category-aqui-laguna","wpcat-8-id"],"_links":{"self":[{"href":"https:\/\/www.aquilaguna.com\/index.php\/wp-json\/wp\/v2\/posts\/29688","targetHints":{"allow":["GET"]}}],"collection":[{"href":"https:\/\/www.aquilaguna.com\/index.php\/wp-json\/wp\/v2\/posts"}],"about":[{"href":"https:\/\/www.aquilaguna.com\/index.php\/wp-json\/wp\/v2\/types\/post"}],"author":[{"embeddable":true,"href":"https:\/\/www.aquilaguna.com\/index.php\/wp-json\/wp\/v2\/users\/2"}],"replies":[{"embeddable":true,"href":"https:\/\/www.aquilaguna.com\/index.php\/wp-json\/wp\/v2\/comments?post=29688"}],"version-history":[{"count":1,"href":"https:\/\/www.aquilaguna.com\/index.php\/wp-json\/wp\/v2\/posts\/29688\/revisions"}],"predecessor-version":[{"id":29689,"href":"https:\/\/www.aquilaguna.com\/index.php\/wp-json\/wp\/v2\/posts\/29688\/revisions\/29689"}],"wp:attachment":[{"href":"https:\/\/www.aquilaguna.com\/index.php\/wp-json\/wp\/v2\/media?parent=29688"}],"wp:term":[{"taxonomy":"category","embeddable":true,"href":"https:\/\/www.aquilaguna.com\/index.php\/wp-json\/wp\/v2\/categories?post=29688"},{"taxonomy":"post_tag","embeddable":true,"href":"https:\/\/www.aquilaguna.com\/index.php\/wp-json\/wp\/v2\/tags?post=29688"}],"curies":[{"name":"wp","href":"https:\/\/api.w.org\/{rel}","templated":true}]}}