{"id":29696,"date":"2025-12-11T19:31:26","date_gmt":"2025-12-12T01:31:26","guid":{"rendered":"https:\/\/www.aquilaguna.com\/?p=29696"},"modified":"2025-12-11T19:31:26","modified_gmt":"2025-12-12T01:31:26","slug":"presentan-movie-night-en-la-uadec-con-la-proyeccion-de-cortometrajes-de-alumnas-y-alumnos-del-taller-de-cinematografia","status":"publish","type":"post","link":"https:\/\/www.aquilaguna.com\/index.php\/2025\/12\/11\/presentan-movie-night-en-la-uadec-con-la-proyeccion-de-cortometrajes-de-alumnas-y-alumnos-del-taller-de-cinematografia\/","title":{"rendered":"Presentan Movie Night en la UAdeC con la Proyecci\u00f3n de Cortometrajes de Alumnas y Alumnos del Taller de Cinematograf\u00eda."},"content":{"rendered":"\n<p>SALTILLO, Coahuila. 11 de diciembre de 2025. Con la proyecci\u00f3n de ocho<br>cortometrajes individuales y colectivos con distintas tem\u00e1ticas, se llev\u00f3 a cabo el<br>evento Movie Night que present\u00f3 el trabajo de las alumnas y alumnos integrantes del<br>Taller de Cinematograf\u00eda que se imparte en el Recinto del Patrimonio Cultural<br>Universitario de la Coordinaci\u00f3n de Difusi\u00f3n y Patrimonio Cultural de la Universidad<br>Aut\u00f3noma de Coahuila.<\/p>\n\n\n\n<p>Con el talento y el entusiasmo por aplicar lo aprendido, que les ha compartido el<br>instructor Fernando Recio Valadez, los alumnos Sabina Cepeda, Natalia Dom\u00ednguez,<br>Yesica Rodr\u00edguez, Rafael Valadez, Carlos Carre\u00f3n y Mat\u00edas Estrada mostraron los<br>cortometrajes \u201cDesesperado\u201d, \u201cBoing\u201d \u201cParanormal\u201d \u201cUn D\u00eda Normal\u201d, \u201cSola\u201d que se<br>grab\u00f3 en las instalaciones del Recinto y el \u201cVideo de Aniversario\u201d, seleccionado en el<br>Festival de Cine Mortemia el pasado mes de noviembre.<\/p>\n\n\n\n<p>La directora del Recinto del Patrimonio Cultural Universitario, Alejandrina Cedillo<br>Favela, dio la bienvenida a los asistentes a la muestra de uno de los talleres, el cual,<br>dijo, ha logrado importantes resultados desde inicios de este a\u00f1o que se ofrece a la<br>comunidad universitaria y al p\u00fablico en general.<\/p>\n\n\n\n<p>Agradeci\u00f3 al realizador de cine Fernando Recio, por compartir sus conocimientos del<br>s\u00e9ptimo arte a sus alumnos en c\u00f3mo contar historias a trav\u00e9s del guion y la narrativa,<br>el lenguaje cinematogr\u00e1fico, la preproducci\u00f3n, como plan de rodaje, la selecci\u00f3n de<br>casting, iluminaci\u00f3n, sonido, arte, vestuario, fotograf\u00eda y edici\u00f3n.<\/p>\n\n\n\n<p>Por su parte Fernando Recio, felicit\u00f3 a sus alumnos por el entusiasmo, el<br>compromiso y las ganas de hacer producciones audiovisuales porque afirm\u00f3 \u201cel cine<br>es la combinaci\u00f3n de distintas diciplinas y cada una es esencial, y as\u00ed como todas<br>ellas se combinan para hacer cine, el trabajo en equipo es fundamental\u201d.<\/p>\n\n\n\n<p>Agreg\u00f3 que el objetivo es que todos se apoyen para lograr un mismo objetivo, y lo<br>que ha notado es que en Saltillo existen muchas personas que quieren empezara a<br>hacer cine y, este taller es el punto de encuentro para encontrar ese equipo y con<br>ello fortalecer y hacer crecer a la comunidad de cineastas de la regi\u00f3n.<\/p>\n\n\n\n<p>Este programa acad\u00e9mico est\u00e1 dirigido a la comunidad universitaria y al p\u00fablico en<br>general, con el objetivo de que los j\u00f3venes y adultos participantes conozcan el<br>mundo cinematogr\u00e1fico y audiovisual de manera pr\u00e1ctica y l\u00fadica, los inscritos<br>realizar\u00e1n Cineminutos y Cortometrajes con los que experimentar\u00e1n las tres etapas<br>de la realizaci\u00f3n: preproducci\u00f3n, producci\u00f3n y postproducci\u00f3n.<\/p>\n\n\n\n<p>El Taller de Cortometraje continuar\u00e1 en el mes de enero de 2026, y ser\u00e1 impartido<br>por el Licenciado en Producci\u00f3n Cinematogr\u00e1fica Fernando Recio Valadez, egresado<br>de Epic Film Institute y con capacitaci\u00f3n en Producci\u00f3n Audiovisual por la Facultad<br>de Artes Visuales de la Universidad Aut\u00f3noma de Nuevo Le\u00f3n.<\/p>\n\n\n\n<p>Recio Valadez tambi\u00e9n ha realizado estudios en guion, audio, dise\u00f1o de producci\u00f3n,<br>fotograf\u00eda, direcci\u00f3n y edici\u00f3n a trav\u00e9s de talleres impartidos por el Instituto Mexicano<br>de Cinematograf\u00eda (Imcine) y la Muestra de Cine de Coahuila, entre otros.<\/p>\n\n\n\n<p>Fernando Recio Valadez fue galardonado en 2024 con la Presea Drag\u00f3n al M\u00e9rito<br>Cultural por su participaci\u00f3n en m\u00e1s de 20 cortometrajes, comerciales, documentales<br>y videoclips, particip\u00f3 como Segundo Asistente de c\u00e1mara en la pel\u00edcula \u201cEl Desaire\u201d,<br>y fue ganador de la Convocatoria \u201cArte para Valorarte\u201d de la Secretar\u00eda de Salud de<br>Coahuila y de la Comisi\u00f3n Nacional Fronteriza Coahuila-Estados Unidos.<\/p>\n\n\n\n<p>Recio Valadez escribi\u00f3 y dirigi\u00f3 el mediometraje \u201c\u00bfPor qu\u00e9 est\u00e1s aqu\u00ed?\u201d, que se<br>proyecta en diversas ciudades de Coahuila y del pa\u00eds para la prevenci\u00f3n del suicidio,<br>dirigido a alumnos de secundaria, preparatoria y nivel profesional, tambi\u00e9n obtuvo el<br>Premio Estatal de Periodismo Cultural \u201cArmando Fuentes Aguirre\u201d de la UAdeC en la<br>categor\u00eda infantil.<\/p>\n\n\n\n<p>Adem\u00e1s, es actor y ha cursado talleres de actuaci\u00f3n con los actores mexicanos<br>Dar\u00edo Ripoll y Julio Bracho, ha protagonizado diversas puestas en escena de teatro y<br>cortometrajes, como \u201cAadi\u201d, que han sido seleccionados en festivales de cine a nivel<br>internacional.<\/p>\n","protected":false},"excerpt":{"rendered":"<p>SALTILLO, Coahuila. 11 de diciembre de 2025. Con la proyecci\u00f3n de ochocortometrajes individuales y colectivos con distintas tem\u00e1ticas, se llev\u00f3 a cabo elevento Movie Night que present\u00f3 el trabajo de las alumnas y alumnos integrantes delTaller de Cinematograf\u00eda que se imparte en el Recinto del Patrimonio CulturalUniversitario de la Coordinaci\u00f3n de Difusi\u00f3n y Patrimonio Cultural de la UniversidadAut\u00f3noma de Coahuila. Con el talento y el entusiasmo por aplicar lo aprendido,&#8230;<\/p>\n","protected":false},"author":1,"featured_media":29697,"comment_status":"closed","ping_status":"","sticky":false,"template":"","format":"standard","meta":{"footnotes":""},"categories":[2],"tags":[],"class_list":["post-29696","post","type-post","status-publish","format-standard","has-post-thumbnail","hentry","category-uadec","wpcat-2-id"],"_links":{"self":[{"href":"https:\/\/www.aquilaguna.com\/index.php\/wp-json\/wp\/v2\/posts\/29696","targetHints":{"allow":["GET"]}}],"collection":[{"href":"https:\/\/www.aquilaguna.com\/index.php\/wp-json\/wp\/v2\/posts"}],"about":[{"href":"https:\/\/www.aquilaguna.com\/index.php\/wp-json\/wp\/v2\/types\/post"}],"author":[{"embeddable":true,"href":"https:\/\/www.aquilaguna.com\/index.php\/wp-json\/wp\/v2\/users\/1"}],"replies":[{"embeddable":true,"href":"https:\/\/www.aquilaguna.com\/index.php\/wp-json\/wp\/v2\/comments?post=29696"}],"version-history":[{"count":1,"href":"https:\/\/www.aquilaguna.com\/index.php\/wp-json\/wp\/v2\/posts\/29696\/revisions"}],"predecessor-version":[{"id":29698,"href":"https:\/\/www.aquilaguna.com\/index.php\/wp-json\/wp\/v2\/posts\/29696\/revisions\/29698"}],"wp:featuredmedia":[{"embeddable":true,"href":"https:\/\/www.aquilaguna.com\/index.php\/wp-json\/wp\/v2\/media\/29697"}],"wp:attachment":[{"href":"https:\/\/www.aquilaguna.com\/index.php\/wp-json\/wp\/v2\/media?parent=29696"}],"wp:term":[{"taxonomy":"category","embeddable":true,"href":"https:\/\/www.aquilaguna.com\/index.php\/wp-json\/wp\/v2\/categories?post=29696"},{"taxonomy":"post_tag","embeddable":true,"href":"https:\/\/www.aquilaguna.com\/index.php\/wp-json\/wp\/v2\/tags?post=29696"}],"curies":[{"name":"wp","href":"https:\/\/api.w.org\/{rel}","templated":true}]}}