{"id":29708,"date":"2025-12-11T19:42:19","date_gmt":"2025-12-12T01:42:19","guid":{"rendered":"https:\/\/www.aquilaguna.com\/?p=29708"},"modified":"2025-12-11T19:42:19","modified_gmt":"2025-12-12T01:42:19","slug":"a-pasos-de-gigante-por-un-coahuila-y-torreon-seguro-anuncian-carrera-atletica","status":"publish","type":"post","link":"https:\/\/www.aquilaguna.com\/index.php\/2025\/12\/11\/a-pasos-de-gigante-por-un-coahuila-y-torreon-seguro-anuncian-carrera-atletica\/","title":{"rendered":"A PASOS DE GIGANTE POR UN COAHUILA Y TORRE\u00d3N SEGURO: ANUNCIAN CARRERA ATL\u00c9TICA."},"content":{"rendered":"\n<ul class=\"wp-block-list\">\n<li><em>CCT convoca a la comunidad a participar en la carrera \u201cCorramos Todos\u201d el 11 de enero<\/em><\/li>\n<\/ul>\n\n\n\n<p>Torre\u00f3n, Coahuila de Zaragoza; a 11 de diciembre de 2025.- El Centro de Convenciones de Torre\u00f3n (CCT) ser\u00e1 la sede de la primera edici\u00f3n de la carrera atl\u00e9tica de acercamiento \u201cCorramos Todos: A Pasos de Gigante por un Coahuila y Torre\u00f3n Seguro\u201d, que busca estrechar los lazos entre la ciudadan\u00eda y las instituciones de seguridad y procuraci\u00f3n de justicia del estado.&nbsp;<\/p>\n\n\n\n<p>La carrera se llevar\u00e1 a cabo el pr\u00f3ximo 11 de enero con rutas de 3, 5 y 10 kil\u00f3metros.<\/p>\n\n\n\n<p>Rodrigo Gonz\u00e1lez Fern\u00e1ndez, director del Centro de Convenciones de Torre\u00f3n (CCT), destac\u00f3 que la carrera es una de las primeras actividades de un ambicioso programa deportivo para 2026.<\/p>\n\n\n\n<p>\u201cQueremos empezar el a\u00f1o con todo. 2026 va a ser un a\u00f1o de mucho crecimiento. La idea es juntar m\u00e1s gente, que sea familiar 100 por ciento,&#8221; afirm\u00f3 Gonz\u00e1lez Fern\u00e1ndez.<\/p>\n\n\n\n<p>Anunci\u00f3 que el CCT tendr\u00e1 un gran enfoque en el deporte, incluyendo el ser la sede de la entrega de kits del Marat\u00f3n Lala el pr\u00f3ximo a\u00f1o y otros eventos como un torneo de voleibol y distintas carreras. Subray\u00f3 que la colaboraci\u00f3n de la ciudadan\u00eda como clave para hacer realidad estos proyectos.<\/p>\n\n\n\n<p>Martha Alicia Faz, Directora de Tr\u00e1nsito y Vialidad de Torre\u00f3n, expres\u00f3 el agradecimiento de las corporaciones por la iniciativa, enfatizando que estas acciones refuerzan los v\u00ednculos entre la sociedad y las instituciones de seguridad.<\/p>\n\n\n\n<p>\u201cEstamos todos en conjunto coincidiendo en que estas acciones refuerzan estos lazos que siempre tienen que prevalecer entre la ciudadan\u00eda y todo lo que son las instituciones de seguridad y de procuraci\u00f3n de justicia,&#8221; se\u00f1al\u00f3 Faz.<\/p>\n\n\n\n<p>Confirm\u00f3 la participaci\u00f3n de la Direcci\u00f3n de Polic\u00eda Municipal, Tr\u00e1nsito y Vialidad, y la Fiscal\u00eda del Estado, quienes pondr\u00e1n a disposici\u00f3n su estado de fuerza para la log\u00edstica y la participaci\u00f3n.&nbsp;<\/p>\n\n\n\n<p>Hizo hincapi\u00e9 en que esta coordinaci\u00f3n se alinea con el inter\u00e9s del gobernador Manolo Jim\u00e9nez y el alcalde Rom\u00e1n Alberto Cepeda de mantener el \u00e9xito en los niveles de seguridad y percepci\u00f3n.<\/p>\n\n\n\n<p>Alfredo Alem\u00e1n, titular de Carreras MX, explic\u00f3 los detalles t\u00e9cnicos de la competencia, que busca ser un evento de convivencia y esparcimiento:<\/p>\n\n\n\n<p>&#8211; Rutas Amigables y Seguras: Los recorridos se realizar\u00e1n en una zona segura de la ciudad.<\/p>\n\n\n\n<p>&#8211; 5K: Con direcci\u00f3n al T-Milenio, rumbo a la Pereyra, Acacias y parte de Las Villas, y regreso.<\/p>\n\n\n\n<p>&#8211; 10K: El mismo recorrido de 5K, extendi\u00e9ndose hasta la primera glorieta en Senderos para regresar.<\/p>\n\n\n\n<p>&#8211; 3K: Un circuito corto por el T-Milenio y la Pereyra.<\/p>\n\n\n\n<p>&#8211; Modalidades: La carrera puede ser caminada, trotada o corrida.<\/p>\n\n\n\n<p>&#8211; Inscripciones: Las inscripciones ya est\u00e1n abiertas con un cupo inicial para 500 corredores.<\/p>\n\n\n\n<p>&#8211; Puntos F\u00edsicos: Centro de Convenciones de Torre\u00f3n y Bosque Venustiano Carranza.<\/p>\n\n\n\n<p>&#8211; En L\u00ednea: P\u00e1gina web de Carreras MX.<\/p>\n\n\n\n<p>&#8211; Kit del Corredor: Incluye playera Dry Fit, n\u00famero, chip, medalla y kit de recuperaci\u00f3n.<\/p>\n\n\n\n<p>Habr\u00e1 hidrataci\u00f3n cada 2 kil\u00f3metros, guardarropa, sanitarios y servicio m\u00e9dico.<\/p>\n\n\n\n<p>Se premiar\u00e1 a los tres primeros lugares en una categor\u00eda especial para elementos de las corporaciones (varonil y femenil) en la ruta de 5 kil\u00f3metros, adem\u00e1s de las categor\u00edas tradicionales para el p\u00fablico en general en la ruta de 10 kil\u00f3metros.<\/p>\n\n\n\n<p>La carrera, que ya se realiza en otras ciudades del pa\u00eds, llega a Torre\u00f3n con el objetivo de promover un arranque de a\u00f1o lleno de \u00e1nimo y convivencia en el CCT, la sede oficial del evento.<\/p>\n\n\n\n<p>A esta presentaci\u00f3n ante medios de comunicaci\u00f3n se dieron cita: Kary Ortiz, organizadora de la Carrera y Manuel Pineda, director Operativo de la Direcci\u00f3n de Seguridad P\u00fablica de Torre\u00f3n.<\/p>\n","protected":false},"excerpt":{"rendered":"<p>Torre\u00f3n, Coahuila de Zaragoza; a 11 de diciembre de 2025.- El Centro de Convenciones de Torre\u00f3n (CCT) ser\u00e1 la sede de la primera edici\u00f3n de la carrera atl\u00e9tica de acercamiento \u201cCorramos Todos: A Pasos de Gigante por un Coahuila y Torre\u00f3n Seguro\u201d, que busca estrechar los lazos entre la ciudadan\u00eda y las instituciones de seguridad y procuraci\u00f3n de justicia del estado.&nbsp; La carrera se llevar\u00e1 a cabo el pr\u00f3ximo 11&#8230;<\/p>\n","protected":false},"author":1,"featured_media":29709,"comment_status":"closed","ping_status":"","sticky":false,"template":"","format":"standard","meta":{"footnotes":""},"categories":[5,33,15,28,7],"tags":[],"class_list":["post-29708","post","type-post","status-publish","format-standard","has-post-thumbnail","hentry","category-coahuila","category-deporte","category-gobierno-de-coahuila","category-la-laguna","category-torreon","wpcat-5-id","wpcat-33-id","wpcat-15-id","wpcat-28-id","wpcat-7-id"],"_links":{"self":[{"href":"https:\/\/www.aquilaguna.com\/index.php\/wp-json\/wp\/v2\/posts\/29708","targetHints":{"allow":["GET"]}}],"collection":[{"href":"https:\/\/www.aquilaguna.com\/index.php\/wp-json\/wp\/v2\/posts"}],"about":[{"href":"https:\/\/www.aquilaguna.com\/index.php\/wp-json\/wp\/v2\/types\/post"}],"author":[{"embeddable":true,"href":"https:\/\/www.aquilaguna.com\/index.php\/wp-json\/wp\/v2\/users\/1"}],"replies":[{"embeddable":true,"href":"https:\/\/www.aquilaguna.com\/index.php\/wp-json\/wp\/v2\/comments?post=29708"}],"version-history":[{"count":1,"href":"https:\/\/www.aquilaguna.com\/index.php\/wp-json\/wp\/v2\/posts\/29708\/revisions"}],"predecessor-version":[{"id":29710,"href":"https:\/\/www.aquilaguna.com\/index.php\/wp-json\/wp\/v2\/posts\/29708\/revisions\/29710"}],"wp:featuredmedia":[{"embeddable":true,"href":"https:\/\/www.aquilaguna.com\/index.php\/wp-json\/wp\/v2\/media\/29709"}],"wp:attachment":[{"href":"https:\/\/www.aquilaguna.com\/index.php\/wp-json\/wp\/v2\/media?parent=29708"}],"wp:term":[{"taxonomy":"category","embeddable":true,"href":"https:\/\/www.aquilaguna.com\/index.php\/wp-json\/wp\/v2\/categories?post=29708"},{"taxonomy":"post_tag","embeddable":true,"href":"https:\/\/www.aquilaguna.com\/index.php\/wp-json\/wp\/v2\/tags?post=29708"}],"curies":[{"name":"wp","href":"https:\/\/api.w.org\/{rel}","templated":true}]}}