{"id":29711,"date":"2025-12-13T12:42:32","date_gmt":"2025-12-13T18:42:32","guid":{"rendered":"https:\/\/www.aquilaguna.com\/?p=29711"},"modified":"2025-12-13T12:42:32","modified_gmt":"2025-12-13T18:42:32","slug":"se-gradua-en-la-uadec-el-primer-arquitecto-con-discapacidad-visual","status":"publish","type":"post","link":"https:\/\/www.aquilaguna.com\/index.php\/2025\/12\/13\/se-gradua-en-la-uadec-el-primer-arquitecto-con-discapacidad-visual\/","title":{"rendered":"Se Grad\u00faa en la UAdeC el Primer Arquitecto con Discapacidad Visual."},"content":{"rendered":"\n<p>SALTILLO, Coahuila. 12 de diciembre de 2025. La Universidad Aut\u00f3noma de<br>Coahuila marca un precedente hist\u00f3rico a nivel nacional con la graduaci\u00f3n del primer<br>arquitecto con discapacidad visual, Magdiel V\u00e9lez Lara, egresado de la Facultad de<br>Arquitectura de la Unidad Sureste, este logro es un significativo avance en la<br>inclusi\u00f3n e igualdad en campos considerados de alta demanda visual.<\/p>\n\n\n\n<p>El proyecto de tesis del arquitecto Magdiel V\u00e9lez, titulado \u201cVivienda para personas<br>con discapacidad en Saltillo, Coahuila\u201d, se centr\u00f3 en la necesidad de dise\u00f1ar<br>espacios que garanticen la autonom\u00eda, movilidad y funcionalidad para un sector que<br>hist\u00f3ricamente ha sido postergado en el dise\u00f1o arquitect\u00f3nico, abordando<br>normativas y derechos humanos, el cual fue aprobado el 5 de diciembre por<br>unanimidad por sus tres sinodales: Azucena Vald\u00e9s en calidad de presidente, Arturo<br>Villarreal como secretario y Pablo Garc\u00eda como vocal.<\/p>\n\n\n\n<p>Magdiel V\u00e9lez curs\u00f3 su licenciatura en la Facultad de Arquitectura de la UAdeC de<br>enero de 2012 hasta diciembre de 2016, inici\u00f3 su carrera con una deficiencia visual,<br>sin embargo, simul\u00f3 tener una visi\u00f3n completa, fue hasta los \u00faltimos semestres<br>cuando su visi\u00f3n se hab\u00eda reducido dr\u00e1sticamente que decidi\u00f3 informar sobre su<br>discapacidad a la universidad.<\/p>\n\n\n\n<p>Resalta que, en cuanto a su desempe\u00f1o acad\u00e9mico y las entregas de trabajos, fue<br>evaluado bajo los mismos est\u00e1ndares que el resto de sus compa\u00f1eros, solo con<br>algunos m\u00ednimos en el formato de ex\u00e1menes en los \u00faltimos cursos, como letra m\u00e1s<br>grande o modalidad oral, manteniendo la misma exigencia en el contenido.<\/p>\n\n\n\n<p>Comparte que su familia fue quien lo impuls\u00f3 a presentar el examen de admisi\u00f3n<br>para ingresar a la carrera de Arquitectura, adem\u00e1s de ser el pilar que lo motiv\u00f3 a<br>seguir avanzando semestre tras semestre, reconociendo su influencia directa en la<br>decisi\u00f3n de ingresar y culminar sus estudios universitarios.<\/p>\n\n\n\n<p>Actualmente Magdiel V\u00e9lez, trabaja en el ramo de la construcci\u00f3n, y es presidente de<br>la Asociaci\u00f3n de Deportistas Ciegos del estado de Coahuila, actividades que<br>combina para lograr su objetivo profesional, realizar un trabajo que impacte en la<br>sociedad, ya sea a trav\u00e9s de diagn\u00f3sticos de accesibilidad en espacios p\u00fablicos y<br>privados, o mediante el dise\u00f1o y construcci\u00f3n, enfoc\u00e1ndose en todos los usuarios,<br>incluyendo a las personas con discapacidad.<\/p>\n\n\n\n<p>A los j\u00f3venes, con y sin discapacidad que est\u00e9n considerando ingresar a campos<br>tradicionalmente visuales como la arquitectura o el dise\u00f1o, Magdiel, los exhorta a<br>que lo intenten, que, aunque tal vez el resto de las personas puedan dudar de que lo<br>hacen, pero mientras est\u00e9n seguros de s\u00ed mismos, lo pueden lograr \u201cHay que dejar<br>de lado los prejuicios, el qu\u00e9 dir\u00e1n, valorarse, saber de lo que uno es capaz y no<br>perder los objetivos\u201d.<\/p>\n","protected":false},"excerpt":{"rendered":"<p>SALTILLO, Coahuila. 12 de diciembre de 2025. La Universidad Aut\u00f3noma deCoahuila marca un precedente hist\u00f3rico a nivel nacional con la graduaci\u00f3n del primerarquitecto con discapacidad visual, Magdiel V\u00e9lez Lara, egresado de la Facultad deArquitectura de la Unidad Sureste, este logro es un significativo avance en lainclusi\u00f3n e igualdad en campos considerados de alta demanda visual. El proyecto de tesis del arquitecto Magdiel V\u00e9lez, titulado \u201cVivienda para personascon discapacidad en Saltillo,&#8230;<\/p>\n","protected":false},"author":1,"featured_media":29712,"comment_status":"closed","ping_status":"","sticky":false,"template":"","format":"standard","meta":{"footnotes":""},"categories":[2],"tags":[],"class_list":["post-29711","post","type-post","status-publish","format-standard","has-post-thumbnail","hentry","category-uadec","wpcat-2-id"],"_links":{"self":[{"href":"https:\/\/www.aquilaguna.com\/index.php\/wp-json\/wp\/v2\/posts\/29711","targetHints":{"allow":["GET"]}}],"collection":[{"href":"https:\/\/www.aquilaguna.com\/index.php\/wp-json\/wp\/v2\/posts"}],"about":[{"href":"https:\/\/www.aquilaguna.com\/index.php\/wp-json\/wp\/v2\/types\/post"}],"author":[{"embeddable":true,"href":"https:\/\/www.aquilaguna.com\/index.php\/wp-json\/wp\/v2\/users\/1"}],"replies":[{"embeddable":true,"href":"https:\/\/www.aquilaguna.com\/index.php\/wp-json\/wp\/v2\/comments?post=29711"}],"version-history":[{"count":1,"href":"https:\/\/www.aquilaguna.com\/index.php\/wp-json\/wp\/v2\/posts\/29711\/revisions"}],"predecessor-version":[{"id":29713,"href":"https:\/\/www.aquilaguna.com\/index.php\/wp-json\/wp\/v2\/posts\/29711\/revisions\/29713"}],"wp:featuredmedia":[{"embeddable":true,"href":"https:\/\/www.aquilaguna.com\/index.php\/wp-json\/wp\/v2\/media\/29712"}],"wp:attachment":[{"href":"https:\/\/www.aquilaguna.com\/index.php\/wp-json\/wp\/v2\/media?parent=29711"}],"wp:term":[{"taxonomy":"category","embeddable":true,"href":"https:\/\/www.aquilaguna.com\/index.php\/wp-json\/wp\/v2\/categories?post=29711"},{"taxonomy":"post_tag","embeddable":true,"href":"https:\/\/www.aquilaguna.com\/index.php\/wp-json\/wp\/v2\/tags?post=29711"}],"curies":[{"name":"wp","href":"https:\/\/api.w.org\/{rel}","templated":true}]}}