{"id":29714,"date":"2025-12-13T12:43:48","date_gmt":"2025-12-13T18:43:48","guid":{"rendered":"https:\/\/www.aquilaguna.com\/?p=29714"},"modified":"2025-12-13T12:43:48","modified_gmt":"2025-12-13T18:43:48","slug":"realiza-centro-de-investigaciones-socioeconomicas-de-la-uadec-el-coloquio-de-economia-regional-2025","status":"publish","type":"post","link":"https:\/\/www.aquilaguna.com\/index.php\/2025\/12\/13\/realiza-centro-de-investigaciones-socioeconomicas-de-la-uadec-el-coloquio-de-economia-regional-2025\/","title":{"rendered":"Realiza Centro de Investigaciones Socioecon\u00f3micas de la UAdeC el Coloquio de Econom\u00eda Regional 2025."},"content":{"rendered":"\n<p>SALTILLO, Coahuila. 12 de diciembre de 2025. El Centro de Investigaciones<br>Socioecon\u00f3micas (CISE) de la Universidad Aut\u00f3noma de Coahuila llev\u00f3 a cabo el<br>\u201cColoquio de Econom\u00eda Regional 2025\u201d, espacio acad\u00e9mico dise\u00f1ado para que<br>estudiantes de Posgrado presenten los avances y protocolos de sus proyectos de<br>tesis, con el objetivo de fortalecer el di\u00e1logo, la retroalimentaci\u00f3n y la difusi\u00f3n del<br>trabajo cient\u00edfico que se genera al interior de la comunidad universitaria.<\/p>\n\n\n\n<p>La ceremonia de inauguraci\u00f3n estuvo encabezada por el director de Investigaci\u00f3n y<br>Posgrado de la UAdeC, Luis Guti\u00e9rrez Flores y por el director del CISE, Gustavo<br>F\u00e9lix Verduzco, acompa\u00f1ados por los integrantes del comit\u00e9 organizador, Ceyla<br>Antonio Anderson y Naim Manr\u00edquez, as\u00ed como comunidad estudiantil y docente del<br>Centro.<\/p>\n\n\n\n<p>En su mensaje, el director de Investigaci\u00f3n y Posgrado, Luis Guti\u00e9rrez Flores,<br>destac\u00f3 que para la Universidad es motivo de orgullo que el CISE mantenga<br>espacios acad\u00e9micos como el Coloquio, lo que fortalece la formaci\u00f3n de nuevas<br>generaciones de investigadores.<\/p>\n\n\n\n<p>Record\u00f3 que el CISE fue pionero en la organizaci\u00f3n de seminarios donde<br>especialistas en econom\u00eda y estudios regionales revisan los avances de<br>investigaci\u00f3n de los estudiantes de posgrado; por lo que exhort\u00f3 a las y los alumnos<br>a aprovechar las observaciones de sus directores y lectores.<\/p>\n\n\n\n<p>Mientras que, el director del CISE, Gustavo F\u00e9lix Verduzco, destac\u00f3 la importancia<br>del Coloquio como un espacio anual donde los estudiantes presentan los avances de<br>sus investigaciones; al tiempo que subray\u00f3 la amplia participaci\u00f3n de esta edici\u00f3n,<br>que reuni\u00f3 a 57 lectores de 15 universidades, adem\u00e1s de la exposici\u00f3n de 10<br>trabajos acad\u00e9micos, evidencia del crecimiento y la consolidaci\u00f3n del encuentro.<\/p>\n\n\n\n<p>Durante el coloquio se presentaron los avances de tesis como \u201cMujeres al frente:<br>hogares monomarentales y desigualdad territorial en M\u00e9xico\u201d por Janeth Rangel<br>Garc\u00eda; \u201cParticipaci\u00f3n laboral y los roles de g\u00e9nero\u201d, Sulma Yines Landazuri;<br>\u201cSustentabilidad de los servicios de agua en la Zona Metropolitana de Saltillo,<br>Coahuila, M\u00e9xico\u201d, Blanca Pascual Saucedo; \u201cFecundidad, carga de trabajo y<br>marginaci\u00f3n: un an\u00e1lisis territorial desde la geograf\u00eda feminista en M\u00e9xico\u201d, Meylin<br>Rodr\u00edguez Socarr\u00e1s.<\/p>\n\n\n\n<p>\u201cMedici\u00f3n integral de la inclusi\u00f3n laboral de personas con discapacidad en M\u00e9xico:<br>propuesta de un indicador multidimensional\u201d, Vannesa Delgadillo Garc\u00eda; \u201cAn\u00e1lisis<br>socio-econ\u00f3mico del patrimonio biocultural en Parras de la Fuente: vitivinicultura,<br>gesti\u00f3n h\u00eddrica y el rol de las instituciones\u201d, Araceli Villarreal Flores; \u201c\u00bfQui\u00e9n gana en<br>la era digital? Prima salarial, escolaridad, brechas de g\u00e9nero y empleo de<br>tecnolog\u00edas de la informaci\u00f3n en M\u00e9xico (2005 &#8211; 2025)\u201d, Ren\u00e9 Molina Ledezma.<\/p>\n\n\n\n<p>As\u00ed como, \u201cEfectos de la alfabetizaci\u00f3n financiera en el manejo de la deuda<br>hipotecaria a nivel regional\u201d, Carla Coello Godina; An\u00e1lisis espacial y<br>socioecon\u00f3mico de los accidentes automovil\u00edsticos en M\u00e9xico durante 1997-2024\u201d,<br>Mois\u00e9s Nassi Torres; \u201cProductividad y eficiencia de la manufactura mexicana: an\u00e1lisis<br>regional con frontera estoc\u00e1stica y efectos mixtos, 2003-2018\u201d, Alicia Due\u00f1es Rivera.<\/p>\n\n\n\n<p>Adem\u00e1s de la exposici\u00f3n de los avances de tesis, el programa incluy\u00f3 la<br>presentaci\u00f3n del libro \u201cM\u00e9xico: \u00bfLa gran transformaci\u00f3n?\u201d del economista Robert<br>Boyer, cuya discusi\u00f3n estuvo a cargo del Dr. Alejandro D\u00e1vila Flores y del Dr.<br>Reynier Rodr\u00edguez Socarr\u00e1s, investigadores del CISE.<\/p>\n","protected":false},"excerpt":{"rendered":"<p>SALTILLO, Coahuila. 12 de diciembre de 2025. El Centro de InvestigacionesSocioecon\u00f3micas (CISE) de la Universidad Aut\u00f3noma de Coahuila llev\u00f3 a cabo el\u201cColoquio de Econom\u00eda Regional 2025\u201d, espacio acad\u00e9mico dise\u00f1ado para queestudiantes de Posgrado presenten los avances y protocolos de sus proyectos detesis, con el objetivo de fortalecer el di\u00e1logo, la retroalimentaci\u00f3n y la difusi\u00f3n deltrabajo cient\u00edfico que se genera al interior de la comunidad universitaria. La ceremonia de inauguraci\u00f3n estuvo&#8230;<\/p>\n","protected":false},"author":1,"featured_media":29715,"comment_status":"closed","ping_status":"","sticky":false,"template":"","format":"standard","meta":{"footnotes":""},"categories":[2],"tags":[],"class_list":["post-29714","post","type-post","status-publish","format-standard","has-post-thumbnail","hentry","category-uadec","wpcat-2-id"],"_links":{"self":[{"href":"https:\/\/www.aquilaguna.com\/index.php\/wp-json\/wp\/v2\/posts\/29714","targetHints":{"allow":["GET"]}}],"collection":[{"href":"https:\/\/www.aquilaguna.com\/index.php\/wp-json\/wp\/v2\/posts"}],"about":[{"href":"https:\/\/www.aquilaguna.com\/index.php\/wp-json\/wp\/v2\/types\/post"}],"author":[{"embeddable":true,"href":"https:\/\/www.aquilaguna.com\/index.php\/wp-json\/wp\/v2\/users\/1"}],"replies":[{"embeddable":true,"href":"https:\/\/www.aquilaguna.com\/index.php\/wp-json\/wp\/v2\/comments?post=29714"}],"version-history":[{"count":1,"href":"https:\/\/www.aquilaguna.com\/index.php\/wp-json\/wp\/v2\/posts\/29714\/revisions"}],"predecessor-version":[{"id":29716,"href":"https:\/\/www.aquilaguna.com\/index.php\/wp-json\/wp\/v2\/posts\/29714\/revisions\/29716"}],"wp:featuredmedia":[{"embeddable":true,"href":"https:\/\/www.aquilaguna.com\/index.php\/wp-json\/wp\/v2\/media\/29715"}],"wp:attachment":[{"href":"https:\/\/www.aquilaguna.com\/index.php\/wp-json\/wp\/v2\/media?parent=29714"}],"wp:term":[{"taxonomy":"category","embeddable":true,"href":"https:\/\/www.aquilaguna.com\/index.php\/wp-json\/wp\/v2\/categories?post=29714"},{"taxonomy":"post_tag","embeddable":true,"href":"https:\/\/www.aquilaguna.com\/index.php\/wp-json\/wp\/v2\/tags?post=29714"}],"curies":[{"name":"wp","href":"https:\/\/api.w.org\/{rel}","templated":true}]}}