{"id":29717,"date":"2025-12-13T12:45:47","date_gmt":"2025-12-13T18:45:47","guid":{"rendered":"https:\/\/www.aquilaguna.com\/?p=29717"},"modified":"2025-12-13T12:45:47","modified_gmt":"2025-12-13T18:45:47","slug":"voluntarias-lanzan-la-campana-somos-dif-abriguemos-torreon","status":"publish","type":"post","link":"https:\/\/www.aquilaguna.com\/index.php\/2025\/12\/13\/voluntarias-lanzan-la-campana-somos-dif-abriguemos-torreon\/","title":{"rendered":"Voluntarias lanzan la campa\u00f1a \u201cSomos DIF, Abriguemos Torre\u00f3n\u201d."},"content":{"rendered":"\n<p>Torre\u00f3n, Coahuila. A 12 de diciembre de 2025.<\/p>\n\n\n\n<p>Las Voluntarias DIF Torre\u00f3n, con el acompa\u00f1amiento de la se\u00f1ora Selina Bremer<br>de Cepeda, presidenta honoraria del organismo, lanzaron por cuarto a\u00f1o<br>consecutivo la campa\u00f1a \u201cSomos DIF, Abriguemos Torre\u00f3n\u201d, una iniciativa<br>enfocada en apoyar a las personas en situaci\u00f3n de vulnerabilidad durante la<br>temporada invernal.<\/p>\n\n\n\n<p>Para ello, se instalaron casitas de recolecci\u00f3n en distintos puntos de la ciudad,<br>donde la ciudadan\u00eda podr\u00e1 donar ropa invernal y cobijas destinadas a quienes m\u00e1s<br>lo necesitan.<\/p>\n\n\n\n<p>\u201cCada prenda donada representa un acto de solidaridad que abriga no solo el<br>cuerpo, sino tambi\u00e9n el coraz\u00f3n de quienes atraviesan momentos dif\u00edciles. Este<br>esfuerzo es posible gracias a la generosidad de la ciudadan\u00eda torreonense\u201d,<br>expres\u00f3 la se\u00f1ora Selina Bremer de Cepeda.<\/p>\n\n\n\n<p>La directora general de DIF Torre\u00f3n, Marlene Mart\u00ednez Vald\u00e9s, se\u00f1al\u00f3 que por<br>instrucciones del alcalde Rom\u00e1n Alberto Cepeda Gonz\u00e1lez se impulsa una alianza<br>activa con la ciudadan\u00eda para fortalecer el trabajo del organismo.<\/p>\n\n\n\n<p>Destac\u00f3 que la colaboraci\u00f3n social permite ampliar el alcance de esta campa\u00f1a y<br>mejorar las condiciones de ni\u00f1as, ni\u00f1os, adultos mayores y familias que enfrentan<br>las bajas temperaturas.<\/p>\n\n\n\n<p>\u201cGracias a la participaci\u00f3n de la gente podemos llegar m\u00e1s lejos. La cooperaci\u00f3n<br>entre sociedad y gobierno nos permite proteger a quienes m\u00e1s lo necesitan y<br>construir un Torre\u00f3n m\u00e1s unido y solidario\u201d, afirm\u00f3 la directora.<\/p>\n\n\n\n<p>Las casitas de recolecci\u00f3n se encuentran ubicadas en: Colegio San Luis,<br>Montessori Monta\u00f1a, fraccionamiento Las Villas, fraccionamiento Las Acacias,<br>fraccionamiento El Cardenchal, residencial Los Fresnos, Campestre La Rosita,<br>Villa Frondoso, fraccionamiento San Luciano y residencial El Fresno.<\/p>\n\n\n\n<p>DIF Torre\u00f3n invita a toda la comunidad a sumarse y refrenda su compromiso de<br>seguir trabajando cercano a las familias para enfrentar juntos la temporada<br>invernal.<\/p>\n","protected":false},"excerpt":{"rendered":"<p>Torre\u00f3n, Coahuila. A 12 de diciembre de 2025. Las Voluntarias DIF Torre\u00f3n, con el acompa\u00f1amiento de la se\u00f1ora Selina Bremerde Cepeda, presidenta honoraria del organismo, lanzaron por cuarto a\u00f1oconsecutivo la campa\u00f1a \u201cSomos DIF, Abriguemos Torre\u00f3n\u201d, una iniciativaenfocada en apoyar a las personas en situaci\u00f3n de vulnerabilidad durante latemporada invernal. Para ello, se instalaron casitas de recolecci\u00f3n en distintos puntos de la ciudad,donde la ciudadan\u00eda podr\u00e1 donar ropa invernal y cobijas&#8230;<\/p>\n","protected":false},"author":1,"featured_media":29718,"comment_status":"closed","ping_status":"","sticky":false,"template":"","format":"standard","meta":{"footnotes":""},"categories":[5,28,7],"tags":[],"class_list":["post-29717","post","type-post","status-publish","format-standard","has-post-thumbnail","hentry","category-coahuila","category-la-laguna","category-torreon","wpcat-5-id","wpcat-28-id","wpcat-7-id"],"_links":{"self":[{"href":"https:\/\/www.aquilaguna.com\/index.php\/wp-json\/wp\/v2\/posts\/29717","targetHints":{"allow":["GET"]}}],"collection":[{"href":"https:\/\/www.aquilaguna.com\/index.php\/wp-json\/wp\/v2\/posts"}],"about":[{"href":"https:\/\/www.aquilaguna.com\/index.php\/wp-json\/wp\/v2\/types\/post"}],"author":[{"embeddable":true,"href":"https:\/\/www.aquilaguna.com\/index.php\/wp-json\/wp\/v2\/users\/1"}],"replies":[{"embeddable":true,"href":"https:\/\/www.aquilaguna.com\/index.php\/wp-json\/wp\/v2\/comments?post=29717"}],"version-history":[{"count":1,"href":"https:\/\/www.aquilaguna.com\/index.php\/wp-json\/wp\/v2\/posts\/29717\/revisions"}],"predecessor-version":[{"id":29719,"href":"https:\/\/www.aquilaguna.com\/index.php\/wp-json\/wp\/v2\/posts\/29717\/revisions\/29719"}],"wp:featuredmedia":[{"embeddable":true,"href":"https:\/\/www.aquilaguna.com\/index.php\/wp-json\/wp\/v2\/media\/29718"}],"wp:attachment":[{"href":"https:\/\/www.aquilaguna.com\/index.php\/wp-json\/wp\/v2\/media?parent=29717"}],"wp:term":[{"taxonomy":"category","embeddable":true,"href":"https:\/\/www.aquilaguna.com\/index.php\/wp-json\/wp\/v2\/categories?post=29717"},{"taxonomy":"post_tag","embeddable":true,"href":"https:\/\/www.aquilaguna.com\/index.php\/wp-json\/wp\/v2\/tags?post=29717"}],"curies":[{"name":"wp","href":"https:\/\/api.w.org\/{rel}","templated":true}]}}