{"id":29723,"date":"2025-12-13T12:48:20","date_gmt":"2025-12-13T18:48:20","guid":{"rendered":"https:\/\/www.aquilaguna.com\/?p=29723"},"modified":"2025-12-13T12:48:20","modified_gmt":"2025-12-13T18:48:20","slug":"trabajando-en-equipo-tenemos-los-mejores-indicadores-de-seguridad-en-coahuila-manolo","status":"publish","type":"post","link":"https:\/\/www.aquilaguna.com\/index.php\/2025\/12\/13\/trabajando-en-equipo-tenemos-los-mejores-indicadores-de-seguridad-en-coahuila-manolo\/","title":{"rendered":"TRABAJANDO EN EQUIPO TENEMOS LOS MEJORES INDICADORES DE SEGURIDAD EN COAHUILA: MANOLO."},"content":{"rendered":"\n<p>Ciudad de M\u00e9xico; a 11 de diciembre de 2025.- El gobernador Manolo Jim\u00e9nez Salinas particip\u00f3 en las sesiones del Consejo Nacional de Seguridad P\u00fablica y del Consejo Nacional de Protecci\u00f3n Civil, mismas que fueron encabezadas por la presidenta de M\u00e9xico, Claudia Sheinbaum Pardo, y en las que reiter\u00f3 su compromiso de trabajo en equipo para seguir fortaleciendo la seguridad en Coahuila y en M\u00e9xico.<\/p>\n\n\n\n<p>Con la presencia de Omar Garc\u00eda Harfuch, secretario de Seguridad y Protecci\u00f3n Ciudadana, as\u00ed como la de Ernestina Godoy, Fiscal General de la Rep\u00fablica, Manolo Jim\u00e9nez agradeci\u00f3 por el operativo que se llev\u00f3 a cabo en La Laguna, en donde se dio un golpe muy significativo con la detenci\u00f3n de un presunto delincuente relacionado con los delitos de extorsi\u00f3n en esta regi\u00f3n.<\/p>\n\n\n\n<p>\u201cDefinitivamente el trabajo en equipo da mejores resultados. Le agradecemos Presidenta profundamente por todo su apoyo, y esta f\u00f3rmula m\u00e1gica en seguridad de trabajo en equipo entre la sociedad civil organizada, la iniciativa privada, los ciudadanos y el gobierno, pues est\u00e1 dando&nbsp;&nbsp;resultados en Coahuila\u201d, puntualiz\u00f3 Manolo Jim\u00e9nez.<\/p>\n\n\n\n<p>Destac\u00f3 que, en el caso de Coahuila, se tienen los mejores indicadores desde 1993, cuando iniciaron las mediciones de seguridad.&nbsp;<\/p>\n\n\n\n<p>\u201cMuchas gracias presidenta, cuenta con nosotros\u201d, reiter\u00f3 Manolo Jim\u00e9nez, y coment\u00f3 que en el Congreso local de Coahuila ya est\u00e1 la iniciativa para homologar la ley de extorsi\u00f3n.&nbsp;<\/p>\n\n\n\n<p>Jim\u00e9nez Salinas se\u00f1al\u00f3 que, como gobernadores, lo m\u00e1s importante entre sus m\u00faltiples responsabilidades es la seguridad, ya que sin esta se pierden muchas cosas.<\/p>\n\n\n\n<p>Agreg\u00f3 que en Coahuila se han estado fortaleciendo las polic\u00edas municipales y estatales, e inform\u00f3 que se tiene un proyecto de fortalecimiento para la fiscal\u00eda estatal desde el a\u00f1o pasado.<\/p>\n\n\n\n<p>Destac\u00f3 que el principal aumento que tuvo en el presupuesto de Coahuila tiene que ver con el fortalecimiento del modelo de seguridad.<\/p>\n\n\n\n<p>Al hablar en nombre de las administraciones estatales emanadas del Partido Revolucionario Institucional, Coahuila y Durango, el gobernador Manolo Jim\u00e9nez manifest\u00f3 su compromiso y el del gobernador Esteban Villegas, por seguir trabajando con mucha voluntad y coordinaci\u00f3n con las instituciones federales, para ser implacables ante los delincuentes.&nbsp;<\/p>\n\n\n\n<p>De igual manera, inform\u00f3 a la mesa que se han dado golpes muy fuertes con el tema del huachicol, as\u00ed como en el tema del narcomenudeo.<\/p>\n\n\n\n<p>Resalt\u00f3 que el nuevo modelo de seguridad federal,&nbsp;&nbsp;esta nueva estrategia, est\u00e1 funcionando.<\/p>\n\n\n\n<p>Al cierre de noviembre de 2025, Coahuila registra una disminuci\u00f3n en homicidios dolosos del 29.3 por ciento, en comparaci\u00f3n del mismo periodo de 2024, de los cuales, el 98.8 por ciento han sido resueltos.<\/p>\n\n\n\n<p>El 2025 fue el a\u00f1o con el menor n\u00famero de homicidios dolosos en la entidad, de los \u00faltimos 30 a\u00f1os.<\/p>\n\n\n\n<p>De la misma manera, en Coahuila se ha registrado una disminuci\u00f3n del 56.6 por ciento en los feminicidios, respecto a 2024; y de estos, se tienen resueltos el cien por ciento.<\/p>\n","protected":false},"excerpt":{"rendered":"<p>Ciudad de M\u00e9xico; a 11 de diciembre de 2025.- El gobernador Manolo Jim\u00e9nez Salinas particip\u00f3 en las sesiones del Consejo Nacional de Seguridad P\u00fablica y del Consejo Nacional de Protecci\u00f3n Civil, mismas que fueron encabezadas por la presidenta de M\u00e9xico, Claudia Sheinbaum Pardo, y en las que reiter\u00f3 su compromiso de trabajo en equipo para seguir fortaleciendo la seguridad en Coahuila y en M\u00e9xico. Con la presencia de Omar Garc\u00eda&#8230;<\/p>\n","protected":false},"author":1,"featured_media":29724,"comment_status":"closed","ping_status":"","sticky":false,"template":"","format":"standard","meta":{"footnotes":""},"categories":[5,15,24],"tags":[],"class_list":["post-29723","post","type-post","status-publish","format-standard","has-post-thumbnail","hentry","category-coahuila","category-gobierno-de-coahuila","category-seguridad","wpcat-5-id","wpcat-15-id","wpcat-24-id"],"_links":{"self":[{"href":"https:\/\/www.aquilaguna.com\/index.php\/wp-json\/wp\/v2\/posts\/29723","targetHints":{"allow":["GET"]}}],"collection":[{"href":"https:\/\/www.aquilaguna.com\/index.php\/wp-json\/wp\/v2\/posts"}],"about":[{"href":"https:\/\/www.aquilaguna.com\/index.php\/wp-json\/wp\/v2\/types\/post"}],"author":[{"embeddable":true,"href":"https:\/\/www.aquilaguna.com\/index.php\/wp-json\/wp\/v2\/users\/1"}],"replies":[{"embeddable":true,"href":"https:\/\/www.aquilaguna.com\/index.php\/wp-json\/wp\/v2\/comments?post=29723"}],"version-history":[{"count":1,"href":"https:\/\/www.aquilaguna.com\/index.php\/wp-json\/wp\/v2\/posts\/29723\/revisions"}],"predecessor-version":[{"id":29725,"href":"https:\/\/www.aquilaguna.com\/index.php\/wp-json\/wp\/v2\/posts\/29723\/revisions\/29725"}],"wp:featuredmedia":[{"embeddable":true,"href":"https:\/\/www.aquilaguna.com\/index.php\/wp-json\/wp\/v2\/media\/29724"}],"wp:attachment":[{"href":"https:\/\/www.aquilaguna.com\/index.php\/wp-json\/wp\/v2\/media?parent=29723"}],"wp:term":[{"taxonomy":"category","embeddable":true,"href":"https:\/\/www.aquilaguna.com\/index.php\/wp-json\/wp\/v2\/categories?post=29723"},{"taxonomy":"post_tag","embeddable":true,"href":"https:\/\/www.aquilaguna.com\/index.php\/wp-json\/wp\/v2\/tags?post=29723"}],"curies":[{"name":"wp","href":"https:\/\/api.w.org\/{rel}","templated":true}]}}