{"id":29735,"date":"2025-12-14T20:01:02","date_gmt":"2025-12-15T02:01:02","guid":{"rendered":"https:\/\/www.aquilaguna.com\/?p=29735"},"modified":"2025-12-14T20:01:02","modified_gmt":"2025-12-15T02:01:02","slug":"aqui-laguna-469","status":"publish","type":"post","link":"https:\/\/www.aquilaguna.com\/index.php\/2025\/12\/14\/aqui-laguna-469\/","title":{"rendered":"Aqu\u00ed Laguna."},"content":{"rendered":"\n<p>\u00a1Exprimido! Expuesto, ubicado en la picota del esc\u00e1ndalo p\u00fablico, en el que se coloc\u00f3 por si mismo, con su artificiosa\u00a0indiferencia o incompetecia, \u00a1S\u00e9palo Dios!, reapareci\u00f3 finalmente el Gobernador del vecino Estado, Esteban Villegas, para &#8220;cantar&#8221; tard\u00edamente\u00a0m\u00e1s que sus opiniones,\u00a0sobre\u00a0sus\u00a0responsabilidades obvias que\u00a0ha venido evadiendo, no solo a lo largo de la semana que termina, sino\u00a0de muchos meses, desde que aparecieron, al menos de manera p\u00fablica, las quejas, los se\u00f1alamientos, las movilizaciones de\u00a0 pobladores de la zona lagunera de la entidad que dice\u00a0goberar, para unirse al coro de se\u00f1alamientos\u00a0y comentarios\u00a0consecuentes, que\u00a0surgen cual si fueran hongos luego de tormenta, en contra del hoy controversial Edgar Rodriguez Ortiz  &#8220;el Limones&#8221;, que ya detenido, es elevado ya en estos d\u00edas a\u00a0nivel de algun capo de capos, producto no\u00a0solo de su trayectoria criminal, sino\u00a0como elemento central de la campa\u00f1a medi\u00e1tica -en\u00a0especial difundida a trav\u00e9s de YouTube-, de la grandeza\u00a0 atr\u00edbu\u00edda a\u00a0sus insospechadas cualidades polic\u00edacas\u00a0y operativas del Secretario de Seguridad P\u00fablica en el pa\u00eds, Omar Garc\u00eda Harfuch, cabeza del operativo que ejecut\u00f3 su detenci\u00f3n,\u00a0que le genera en su c\u00edrculo cercano\u00a0 atribuciones desmesuradas, ciertamente, sin dejar de reconocer los hitos que registra su actuaci\u00f3n, en el presente r\u00e9gimen federal, en materia de\u00a0persecusi\u00f3n del delito y delincuentes,\u00a0luego del estercolero\u00a0 que dej\u00f3 no solo en materia de seguridad p\u00fablica al pa\u00eds, la pol\u00edtica de &#8220;Abrazos, no balazos&#8221;,\u00a0impuesta por Andr\u00e9s Manuel\u00a0L\u00f3pez\u00a0Obrador,\u00a0y hay que\u00a0decirlo;\u00a0aceptada, casi sin chistar por el resto de los poderes responsables en \u00e9ste pa\u00eds.<\/p>\n\n\n\n<p>M\u00e1s all\u00e1 de las vanidades e intereses que nutren esta pol\u00edt\u00edca publicitaria en torno al citado personaje, que al parecer le\u00a0tratan de construir,\u00a0seg\u00fan dicta la malicia, la\u00a0mala\u00a0f\u00e9 que abunda,\u00a0la construcci\u00f3n de candidatura alguna como\u00a0contendiente potencial a la pr\u00f3xima sucesion presidencial. Pues\u00a0 en verdad no se entiende\u00a0esa necesidad -que no es simple vanidad, como parece-, de\u00a0tan esforzado\u00a0despliegue publicitario, si los hechos hablan por s\u00ed mismos.<\/p>\n\n\n\n<p>La detenci\u00f3n\u00a0de\u00a0&#8220;el Limones&#8221;,\u00a0arroja ya singular luz sobre la radiograf\u00eda del tejido que la delincuencia y el poder pol\u00edtico\u00a0han ido construyendo\u00a0en esta\u00a0zona lagunera, que no es poco, y que se hizo m\u00e1s que visible\u00a0 hace meses, cuando de manera casi subrepticia, los sindicatos\u00a0al servicio del Ayutamiento de\u00a0G\u00f3mez Palacio as\u00ed como\u00a0los de la empresa a cargo del abasto de agua potable\u00a0de\u00a0la ciudad citada, dejaron de formar parte de las filas de la CTM, organizaci\u00f3n sindical que fuera su matriz y\u00a0sede de su militancia laboral y pol\u00edtica a lo largo de\u00a0muchas d\u00e9cadas,\u00a0pasaron a engrosar las filas del presuntamente &#8220;nuevo&#8221; organismo laboral denominado CATEM, hecho que seg\u00fan silenciosos observadores m\u00e1s que pendientes\u00a0 &#8220;prudentes&#8221; -pues el miedo no anda en burro-,\u00a0 singular acci\u00f3n que hizo anticipar &#8220;el triunfo&#8221; electoral a favor de Betzab\u00e9 Mart\u00ednez, entonces candidata de MORENA\u00a0a la Presidencia del municipio gomezpalatino,\u00a0como sucedi\u00f3 prof\u00e9ticamente.<\/p>\n\n\n\n<p>Otra\u00a0invasi\u00f3n silenciosa, cual si fuera mancha\u00a0de aceite, es la incursi\u00f3n que\u00a0se detecta sobre ciertos segmentos\u00a0de miembros\u00a0de algunos medios escritos escritos o digitales,\u00a0algunos que de\u00a0buena o mala f\u00e9 \u00a0 legitiman,\u00a0as\u00ed sea con silencio tal operaci\u00f3n,\u00a0como es el caso de algunos colegas que\u00a0tuvieron a bien asistir al\u00a0tradicional festejo navide\u00f1o, que convoca y organiza desde hace m\u00e1s de dos d\u00e9cadas quien fuera hasta hace algunas semanas, director de TV Torre\u00f3n, Armando Cobi\u00e1n\u00a0Lafont, y al que asiti\u00f3, Armando Nassael Cobi\u00e1n Duarte, su hijo, ligado\u00a0primero\u00a0en\u00a0rumores, versiones,\u00a0y luego en evidiencias fotogr\u00e1ficas,\u00a0que puedan considerase como tales y difundidas por \u00e9l mismo, de su relaci\u00f3n con el hoy m\u00e1s que c\u00e9lebre\u00a0 &#8220;Limones&#8221;, que han servido tambien para &#8220;embarrar&#8221; sin excusa aceptable al l\u00edder nacional de CATEM, hoy &#8220;poderoso&#8221; diputado federal Pedro Haces Barba, que se &#8220;hace el penitente&#8221;, negando cual San Pedro a su pupilo Limonero. Quien por cierto, en notable cambio de aires, Omar Garc\u00eda Harfuch, \u00e9ste mismo domingo\u00a0exhonera\u00a0de investigaci\u00f3n judicial\u00a0o polic\u00edaca\u00a0alguna\u00a0al dirigente citado\u00a0y a la organizaci\u00f3n sindical en este caso, pues al parecer recibi\u00f3 tajante &#8220;detente&#8221; o simplemente\u00a0un\u00a0&#8220;no menearle&#8221;.<\/p>\n\n\n\n<p>Y en el \u00e1mbito pol\u00edtico regional,\u00a0surgen varias interrogantes sobre\u00a0las incersiones que haya podido realizar\u00a0la CATEM y sus tan singualres dirigentes, reconocidos o no en el\u00a0 terreno electoral, pues corren versiones\u00a0en tal sentido, incluso se rese\u00f1an con funci\u00f3n, en los &#8220;espacios administrativos&#8221; otorgados como\u00a0compensacion\u00a0donde resultantes del toma y daca cual pago de tal participaci\u00f3n. Por ahora hay que dejarlo en la conciencia\u00a0de quienes lo hayan hecho, y ya veremos si se apagan las versiones quen tal sentido.<\/p>\n\n\n\n<p>Con todo y ello, al parecer, el siguiente escenario electoral en Coahuila, podr\u00e1 quedar &#8220;limpio&#8221; de tales acompa\u00f1antes, pues con el &#8220;golpe&#8221; recibido, el cual cay\u00f3 cual anillo al dedo a la Presidenta Claudia Sheinbaum\u00a0pues &#8220;el limones&#8221; sirvi\u00f3\u00a0de manera ejemplificante en la narrativa oficial que gener\u00f3\u00a0la expedici\u00f3n de una nueva Ley contra la Extorsi\u00f3n como\u00a0nuevo delito federal, cual persecusi\u00f3n\u00a0ser\u00e1 de\u00a0 oficio, es decir\u00a0no requiere\u00a0ya de denuncia previa.<\/p>\n\n\n\n<p>Y en cuanto\u00a0 a otros datos, esos que circulan libres de toda confirmaci\u00f3n, figura sin duda, los atribuidos al Gobernador de Coahuila en los hechos que culminaron\u00a0el pasado 10 de diciembre, con la detenci\u00f3n de &#8220;el Limones&#8221; y otros cinco sujetos, dicen en la ciudad capital de Durango,\u00a0y los cateos registrados en ranchos en tal entidad, un domicilio en su ciudad capital y tres m\u00e1s en la ciudad deTorre\u00f3n. Al parecer quedan en veremos m\u00e1s detenciones, pero lo espectacular ya pas\u00f3, seg\u00fan algunos, en especial al reducido grupo de contratistas, con todo y la exposici\u00f3n\u00a0que\u00a0de manera p\u00fablica del\u00a0Gobernador Jim\u00e9nez Salinas en su\u00a0 postura\u00a0reiterada y sostenida a lo largo del presente a\u00f1o, conoci\u00e9ndose que fue un empresario lagunero de Coahuila quien interpuso la denuncia que gener\u00f3, finalmente la reacci\u00f3n, la respuesta del gobierno federal, cuando el clima creado por\u00a0la presencia y operacion de la delincuencia organizada y su violencia\u00a0 amenazaba con alcanzar las fronteras\u00a0coahuilenses&#8230;<\/p>\n\n\n\n<p>Y ya en otro canal, pues el esp\u00edritu navide\u00f1o avanza tambi\u00e9n sobre nuestras vidas y las de los nuestros, diremos que el Licenciado Eduardo Olmos Castro, qued\u00f3 m\u00e1s que espantado\u00a0ante las reacciones que a su asistencia a un singular convivio gener\u00f3 en los \u00e1mbitos pol\u00edticos, no solo laguneros, sino de manera preocupante en los de la ciudad capital. Su imagen captada junto con muchos de lo otros asistentes a la &#8220;fiesta&#8221; resulta que ahora\u00a0son\u00a0casi de &#8220;utilidad p\u00fablica&#8221;, debido a la profusion de su uso en redes sociales y\u00a0 v\u00eddeos subidos a plataformas diversas\u00a0para ilustrar\u00a0el caso limonero.<\/p>\n\n\n\n<p>Vaya suerte, pues que se conozca el Licenciado Olmos Castro\u00a0no\u00a0resulta ser personalidad\u00a0aficionada a fiestas y fastos, menos aun cuando\u00a0result\u00f3\u00a0desde hace algunas semanas cuidadosamente\u00a0seleccionado para representar\u00a0y ser un puente de entendimiento en el delicado tiempo pol\u00edtico municipal que se vive hoy en Torreon.<\/p>\n\n\n\n<p>Vaya tiempos que vive quien fuera el\u00a0 poderoso el prepotente Secretario del Ayuntamiento de Torre\u00f3n, Jos\u00e9 Ganem\u00a0 Guerrero,\u00a0cual objeto de singular ojeriza a cargo del ex senador dormilon, Luis Fernando Salazar, con la que abona su ambici\u00f3n de\u00a0llegar algun d\u00eda a presidir el ayuntamiento de \u00e9ste municipio, con acciones a cargo de su chalan en estos menesteres, el diputado pluri Antonio Attolini Murra, quien al parercer no tiene otros trabajos m\u00e1s a tono con su condici\u00f3n de legislador, as\u00ed sea de mentirijillas, pero diremos que la persecusi\u00f3n judicial\u00a0a Ganem, est\u00e1 afectando y en serio, las ilusiones pol\u00edticas de su c\u00f3nyuge, la Licenciada Martha Rodr\u00edguez Romero, que ve desvanecer\u00a0sus proyectos de futuro pol\u00edtico,\u00a0 con todo y su bien hacer al frente del Tribunal de Justicia Municipal&#8230;<br><\/p>\n","protected":false},"excerpt":{"rendered":"<p>\u00a1Exprimido! Expuesto, ubicado en la picota del esc\u00e1ndalo p\u00fablico, en el que se coloc\u00f3 por si mismo, con su artificiosa\u00a0indiferencia o incompetecia, \u00a1S\u00e9palo Dios!, reapareci\u00f3 finalmente el Gobernador del vecino Estado, Esteban Villegas, para &#8220;cantar&#8221; tard\u00edamente\u00a0m\u00e1s que sus opiniones,\u00a0sobre\u00a0sus\u00a0responsabilidades obvias que\u00a0ha venido evadiendo, no solo a lo largo de la semana que termina, sino\u00a0de muchos meses, desde que aparecieron, al menos de manera p\u00fablica, las quejas, los se\u00f1alamientos, las movilizaciones&#8230;<\/p>\n","protected":false},"author":2,"featured_media":0,"comment_status":"closed","ping_status":"","sticky":false,"template":"","format":"standard","meta":{"footnotes":""},"categories":[8],"tags":[],"class_list":["post-29735","post","type-post","status-publish","format-standard","hentry","category-aqui-laguna","wpcat-8-id"],"_links":{"self":[{"href":"https:\/\/www.aquilaguna.com\/index.php\/wp-json\/wp\/v2\/posts\/29735","targetHints":{"allow":["GET"]}}],"collection":[{"href":"https:\/\/www.aquilaguna.com\/index.php\/wp-json\/wp\/v2\/posts"}],"about":[{"href":"https:\/\/www.aquilaguna.com\/index.php\/wp-json\/wp\/v2\/types\/post"}],"author":[{"embeddable":true,"href":"https:\/\/www.aquilaguna.com\/index.php\/wp-json\/wp\/v2\/users\/2"}],"replies":[{"embeddable":true,"href":"https:\/\/www.aquilaguna.com\/index.php\/wp-json\/wp\/v2\/comments?post=29735"}],"version-history":[{"count":1,"href":"https:\/\/www.aquilaguna.com\/index.php\/wp-json\/wp\/v2\/posts\/29735\/revisions"}],"predecessor-version":[{"id":29736,"href":"https:\/\/www.aquilaguna.com\/index.php\/wp-json\/wp\/v2\/posts\/29735\/revisions\/29736"}],"wp:attachment":[{"href":"https:\/\/www.aquilaguna.com\/index.php\/wp-json\/wp\/v2\/media?parent=29735"}],"wp:term":[{"taxonomy":"category","embeddable":true,"href":"https:\/\/www.aquilaguna.com\/index.php\/wp-json\/wp\/v2\/categories?post=29735"},{"taxonomy":"post_tag","embeddable":true,"href":"https:\/\/www.aquilaguna.com\/index.php\/wp-json\/wp\/v2\/tags?post=29735"}],"curies":[{"name":"wp","href":"https:\/\/api.w.org\/{rel}","templated":true}]}}