{"id":29743,"date":"2025-12-15T18:48:54","date_gmt":"2025-12-16T00:48:54","guid":{"rendered":"https:\/\/www.aquilaguna.com\/?p=29743"},"modified":"2025-12-15T18:48:54","modified_gmt":"2025-12-16T00:48:54","slug":"presentan-proyecto-centro-fuerza-mayor-de-dif-torreon","status":"publish","type":"post","link":"https:\/\/www.aquilaguna.com\/index.php\/2025\/12\/15\/presentan-proyecto-centro-fuerza-mayor-de-dif-torreon\/","title":{"rendered":"Presentan proyecto \u201cCentro Fuerza Mayor\u201d de DIF Torre\u00f3n."},"content":{"rendered":"\n<p>Torre\u00f3n, Coahuila. A 15 de diciembre de 2025.<\/p>\n\n\n\n<p>Con el objetivo de crear espacios que contribuyan a mejorar la calidad de vida de<br>los adultos mayores y generar entornos sociales que favorezcan un<br>envejecimiento activo, este lunes fue presentado a regidores el proyecto Centro<br>Fuerza Mayor, impulsado por la Administraci\u00f3n Municipal y el Sistema para el<br>Desarrollo Integral de la Familia (DIF) Torre\u00f3n.<\/p>\n\n\n\n<p>La iniciativa busca establecer espacios enfocados en el cuidado y bienestar de<br>este sector de la poblaci\u00f3n, que contribuyan al fortalecimiento de su autoestima,<br>as\u00ed como a su reintegraci\u00f3n e inclusi\u00f3n social.<\/p>\n\n\n\n<p>La directora general del DIF, Marlene Mart\u00ednez Vald\u00e9s, dio a conocer que este<br>proyecto prioritario se encuentra contemplado dentro del Plan Municipal de<br>Desarrollo 2025-2027, y surgi\u00f3 a partir de mesas de trabajo y la participaci\u00f3n<br>ciudadana, a trav\u00e9s de encuestas realizadas en los foros.<\/p>\n\n\n\n<p>Destac\u00f3 que en la regi\u00f3n Laguna, la esperanza de vida de las personas adultas<br>mayores es de aproximadamente 80 a\u00f1os, por lo que consider\u00f3 indispensable<br>generar mejores condiciones que permitan a este sector mantener su autonom\u00eda,<br>especialmente en quienes a\u00fan no presentan un nivel de dependencia parcial o<br>total.<\/p>\n\n\n\n<p>En ese sentido, explic\u00f3 que el Centro Fuerza Mayor promover\u00e1 la participaci\u00f3n<br>activa de los adultos mayores mediante el desarrollo de habilidades y destrezas en<br>actividades deportivas, as\u00ed como acciones orientadas a la integraci\u00f3n con sus<br>grupos, la familia y la sociedad.<\/p>\n\n\n\n<p>Incluyendo actividades recreativas, terap\u00e9uticas, culturales y aquellas que<br>fortalezcan su experiencia y tradiciones.<\/p>\n\n\n\n<p>La funcionaria, inform\u00f3 que el proyecto contar\u00e1 con una inversi\u00f3n municipal<br>estimada de 50 millones de pesos, y estar\u00e1 ubicado a un costado de Casa Nana.<br>La construcci\u00f3n se ejecutar\u00e1 bajo un esquema multianual, por etapas, iniciando la<br>primera de ellas en marzo.<\/p>\n\n\n\n<p>Durante la presentaci\u00f3n, los regidores externaron su felicitaci\u00f3n por el proyecto, al<br>reconocer que los adultos mayores representan un sector vulnerable de la<br>sociedad que requiere atenci\u00f3n especializada, y pol\u00edticas p\u00fablicas enfocadas en<br>su bienestar integral.<\/p>\n\n\n\n<p>La comisi\u00f3n de Desarrollo Integral de la Familia es presidida por la regidora Karla<br>Liliana Centeno F\u00e9lix, e integrada adem\u00e1s por los ediles Zazil Pacheco P\u00e9rez,<br>Graciela Guadalupe Mart\u00ednez Barraza, Diego Ontiveros Renter\u00eda y Sergio Lara<br>Galv\u00e1n.<\/p>\n","protected":false},"excerpt":{"rendered":"<p>Torre\u00f3n, Coahuila. A 15 de diciembre de 2025. Con el objetivo de crear espacios que contribuyan a mejorar la calidad de vida delos adultos mayores y generar entornos sociales que favorezcan unenvejecimiento activo, este lunes fue presentado a regidores el proyecto CentroFuerza Mayor, impulsado por la Administraci\u00f3n Municipal y el Sistema para elDesarrollo Integral de la Familia (DIF) Torre\u00f3n. La iniciativa busca establecer espacios enfocados en el cuidado y bienestar&#8230;<\/p>\n","protected":false},"author":1,"featured_media":29744,"comment_status":"closed","ping_status":"","sticky":false,"template":"","format":"standard","meta":{"footnotes":""},"categories":[5,28,7],"tags":[],"class_list":["post-29743","post","type-post","status-publish","format-standard","has-post-thumbnail","hentry","category-coahuila","category-la-laguna","category-torreon","wpcat-5-id","wpcat-28-id","wpcat-7-id"],"_links":{"self":[{"href":"https:\/\/www.aquilaguna.com\/index.php\/wp-json\/wp\/v2\/posts\/29743","targetHints":{"allow":["GET"]}}],"collection":[{"href":"https:\/\/www.aquilaguna.com\/index.php\/wp-json\/wp\/v2\/posts"}],"about":[{"href":"https:\/\/www.aquilaguna.com\/index.php\/wp-json\/wp\/v2\/types\/post"}],"author":[{"embeddable":true,"href":"https:\/\/www.aquilaguna.com\/index.php\/wp-json\/wp\/v2\/users\/1"}],"replies":[{"embeddable":true,"href":"https:\/\/www.aquilaguna.com\/index.php\/wp-json\/wp\/v2\/comments?post=29743"}],"version-history":[{"count":1,"href":"https:\/\/www.aquilaguna.com\/index.php\/wp-json\/wp\/v2\/posts\/29743\/revisions"}],"predecessor-version":[{"id":29745,"href":"https:\/\/www.aquilaguna.com\/index.php\/wp-json\/wp\/v2\/posts\/29743\/revisions\/29745"}],"wp:featuredmedia":[{"embeddable":true,"href":"https:\/\/www.aquilaguna.com\/index.php\/wp-json\/wp\/v2\/media\/29744"}],"wp:attachment":[{"href":"https:\/\/www.aquilaguna.com\/index.php\/wp-json\/wp\/v2\/media?parent=29743"}],"wp:term":[{"taxonomy":"category","embeddable":true,"href":"https:\/\/www.aquilaguna.com\/index.php\/wp-json\/wp\/v2\/categories?post=29743"},{"taxonomy":"post_tag","embeddable":true,"href":"https:\/\/www.aquilaguna.com\/index.php\/wp-json\/wp\/v2\/tags?post=29743"}],"curies":[{"name":"wp","href":"https:\/\/api.w.org\/{rel}","templated":true}]}}