{"id":2975,"date":"2021-06-25T18:19:31","date_gmt":"2021-06-25T23:19:31","guid":{"rendered":"https:\/\/www.aquilaguna.com\/?p=2975"},"modified":"2021-06-25T18:19:32","modified_gmt":"2021-06-25T23:19:32","slug":"imparte-dif-coahuila-taller-de-educacion-socioemocional-a-psicologos-y-trabajadores-sociales","status":"publish","type":"post","link":"https:\/\/www.aquilaguna.com\/index.php\/2021\/06\/25\/imparte-dif-coahuila-taller-de-educacion-socioemocional-a-psicologos-y-trabajadores-sociales\/","title":{"rendered":"IMPARTE DIF COAHUILA TALLER DE EDUCACI\u00d3N SOCIOEMOCIONAL A PSIC\u00d3LOGOS Y TRABAJADORES SOCIALES."},"content":{"rendered":"\n<p>Saltillo, Coahuila de Zaragoza; a 25 de Junio 2021.- Con el objetivo de detectar oportunamente indicadores de riesgo en la salud mental de ni\u00f1as, ni\u00f1os y adolescentes de edad escolar durante el regreso paulatino a las aulas, el Sistema DIF Coahuila imparti\u00f3\u00a0 el \u201cTaller en Educaci\u00f3n Socioemocional y Primeros Auxilios Psicol\u00f3gicos\u201d.<\/p>\n\n\n\n<p>El Director General del DIF Coahuila, Roberto C\u00e1rdenas Zavala, inform\u00f3 que esta actividad fue desarrollada por personal de los Centros de Atenci\u00f3n e Integraci\u00f3n Familiar (CIAF) y est\u00e1 dirigida a psic\u00f3logos y trabajadores sociales de las diferentes regiones de la entidad que laboran en la Secretar\u00eda de Educaci\u00f3n P\u00fablica (SEDU), en los niveles de Educaci\u00f3n Especial, Educaci\u00f3n B\u00e1sica (Preescolar, Primaria y Secundaria).<\/p>\n\n\n\n<p>Con ello, abund\u00f3, se les brinda herramientas para prevenir, identificar y atender casos relacionados a secuelas socioemocionales originadas por los diversos efectos del Covid-19 cuando los alumnos retomen de manera presencial sus clases.<\/p>\n\n\n\n<p>\u201cEsta capacitaci\u00f3n les permite atender los casos directamente en las escuelas y derivar la atenci\u00f3n a las dependencias para que se les brinde la atenci\u00f3n especializada, entre ellas el Sector Salud\u201d, coment\u00f3.<\/p>\n\n\n\n<p>\u201c\u2018Intervenci\u00f3n en crisis, fortalecimiento de la autoestima\u2019; \u2018Salud mental\u2019; \u2018Detecci\u00f3n de la depresi\u00f3n\u2019, y algunas problem\u00e1ticas a nivel de comportamiento, son algunos de los temas que fueron impartidos por personal profesional de los CAIF en una primera etapa a 285 psic\u00f3logos y 83 trabajadores sociales de la SEDU\u201d, agreg\u00f3 C\u00e1rdenas Zavala.&nbsp;<\/p>\n\n\n\n<p>Por su parte, Jos\u00e9 Guadalupe Flores Flores, Coordinador General de los CAIF del Estado y responsable del taller, inform\u00f3 que mediante el Programa de Prevenci\u00f3n de Riesgos Psicosociales, de 2018 a mayo de&nbsp; 2021 se han impartido 571 pl\u00e1ticas preventivas con los temas: \u201cSalud Mental\u201d, \u201cPrevenci\u00f3n de la Depresi\u00f3n\u201d y \u201cFortalecimiento de la Autoestima\u201d, beneficiando a 15 mil 898 alumnos de Preescolar, Primaria y Secundaria.<\/p>\n\n\n\n<p>Se\u00f1al\u00f3 que los docentes est\u00e1n ocupados y preocupados en fortalecer sus habilidades para identificar factores de riesgo, s\u00edntomas de depresi\u00f3n y situaciones que pudieran convertirse en situaci\u00f3n de riesgo mayor.<\/p>\n\n\n\n<p>\u201cEllos quieren saber si la no presencia de los ni\u00f1os en las aulas afect\u00f3 el tema de la socializaci\u00f3n, la comunicaci\u00f3n y la expresi\u00f3n de emociones. Y&nbsp; este taller est\u00e1 enfocado a desarrollar estas estrategias y habilidades para monitorear estos comportamientos, para actuar en consecuencia oportunamente\u201d, puntualiz\u00f3.<\/p>\n\n\n\n<p>Finalmente, Flores Flores dijo que este taller est\u00e1 abierto a instituciones de car\u00e1cter privado, con la misma intervenci\u00f3n, y quienes est\u00e9n interesados pueden comunicarse de manera directa a la Coordinaci\u00f3n General del Estado de los CAIF, a trav\u00e9s de la pagina web del DIF Coahuila, en el apartado de Citas o directamente en el tel\u00e9fono 844 417 2275, en la extensi\u00f3n 4491, para mayor informaci\u00f3n.<\/p>\n","protected":false},"excerpt":{"rendered":"<p>Saltillo, Coahuila de Zaragoza; a 25 de Junio 2021.- Con el objetivo de detectar oportunamente indicadores de riesgo en la salud mental de ni\u00f1as, ni\u00f1os y adolescentes de edad escolar durante el regreso paulatino a las aulas, el Sistema DIF Coahuila imparti\u00f3\u00a0 el \u201cTaller en Educaci\u00f3n Socioemocional y Primeros Auxilios Psicol\u00f3gicos\u201d. El Director General del DIF Coahuila, Roberto C\u00e1rdenas Zavala, inform\u00f3 que esta actividad fue desarrollada por personal de los&#8230;<\/p>\n","protected":false},"author":1,"featured_media":0,"comment_status":"closed","ping_status":"closed","sticky":false,"template":"","format":"standard","meta":{"footnotes":""},"categories":[5,26,15],"tags":[],"class_list":["post-2975","post","type-post","status-publish","format-standard","hentry","category-coahuila","category-dif","category-gobierno-de-coahuila","wpcat-5-id","wpcat-26-id","wpcat-15-id"],"_links":{"self":[{"href":"https:\/\/www.aquilaguna.com\/index.php\/wp-json\/wp\/v2\/posts\/2975","targetHints":{"allow":["GET"]}}],"collection":[{"href":"https:\/\/www.aquilaguna.com\/index.php\/wp-json\/wp\/v2\/posts"}],"about":[{"href":"https:\/\/www.aquilaguna.com\/index.php\/wp-json\/wp\/v2\/types\/post"}],"author":[{"embeddable":true,"href":"https:\/\/www.aquilaguna.com\/index.php\/wp-json\/wp\/v2\/users\/1"}],"replies":[{"embeddable":true,"href":"https:\/\/www.aquilaguna.com\/index.php\/wp-json\/wp\/v2\/comments?post=2975"}],"version-history":[{"count":1,"href":"https:\/\/www.aquilaguna.com\/index.php\/wp-json\/wp\/v2\/posts\/2975\/revisions"}],"predecessor-version":[{"id":2976,"href":"https:\/\/www.aquilaguna.com\/index.php\/wp-json\/wp\/v2\/posts\/2975\/revisions\/2976"}],"wp:attachment":[{"href":"https:\/\/www.aquilaguna.com\/index.php\/wp-json\/wp\/v2\/media?parent=2975"}],"wp:term":[{"taxonomy":"category","embeddable":true,"href":"https:\/\/www.aquilaguna.com\/index.php\/wp-json\/wp\/v2\/categories?post=2975"},{"taxonomy":"post_tag","embeddable":true,"href":"https:\/\/www.aquilaguna.com\/index.php\/wp-json\/wp\/v2\/tags?post=2975"}],"curies":[{"name":"wp","href":"https:\/\/api.w.org\/{rel}","templated":true}]}}