{"id":29752,"date":"2025-12-15T18:55:36","date_gmt":"2025-12-16T00:55:36","guid":{"rendered":"https:\/\/www.aquilaguna.com\/?p=29752"},"modified":"2025-12-15T18:55:36","modified_gmt":"2025-12-16T00:55:36","slug":"trabajando-en-equipo-fortalecemos-la-fiscalia-de-coahuila-manolo","status":"publish","type":"post","link":"https:\/\/www.aquilaguna.com\/index.php\/2025\/12\/15\/trabajando-en-equipo-fortalecemos-la-fiscalia-de-coahuila-manolo\/","title":{"rendered":"TRABAJANDO EN EQUIPO FORTALECEMOS LA FISCAL\u00cdA DE COAHUILA: MANOLO."},"content":{"rendered":"\n<p>Saltillo, Coahuila de Zaragoza; a 15 de diciembre de 2025.- El gobernador Manolo Jim\u00e9nez Salinas recibi\u00f3 el primer Informe de Gesti\u00f3n Institucional del fiscal general del Estado, Federico Fern\u00e1ndez Monta\u00f1ez, previo a su comparecencia ante las y los diputados que conforman la LXIII Legislatura local.<\/p>\n\n\n\n<p>\u201cTrabajando en equipo estamos fortaleciendo la Fiscal\u00eda de Coahuila. Me dio mucho gusto recibir el Primer Informe de nuestro amigo el fiscal Federico Fern\u00e1ndez Monta\u00f1ez. Gracias a la coordinaci\u00f3n entre todas las instituciones de seguridad, la estrategia implementada y la voluntad total de entrarle con todo, hemos venido reduciendo considerablemente los delitos en nuestro Estado. Hoy Coahuila tiene los mejores indicadores a nivel nacional. Felicidades a todo nuestro gran equipo. En seguridad seguiremos con todo pa\u2019delante, a pasos de gigante\u201d, destac\u00f3 el gobernador.<\/p>\n\n\n\n<p>El Mandatario estatal reconoci\u00f3 y felicit\u00f3 al Fiscal General del Estado por los logros y avances que desde esta instituci\u00f3n se han alcanzado, y que abonan a fortalecer el estado de derecho y la percepci\u00f3n de seguridad en todo el territorio coahuilense.<\/p>\n\n\n\n<p>Reiter\u00f3 su total respaldo, apertura y compromiso de trabajo coordinado, como hasta hoy se ha hecho, para continuar blindando a Coahuila y ofrecer a la ciudadan\u00eda una mejor calidad de vida.<\/p>\n\n\n\n<p>En su comparecencia ante las y los diputados de Coahuila, Federico Fern\u00e1ndez mencion\u00f3 que hoy Coahuila vive su mejor etapa en materia de seguridad de los \u00faltimos 30 a\u00f1os, gracias a un modelo de seguridad que viene trabaj\u00e1ndose desde hace muchos a\u00f1os.<\/p>\n\n\n\n<p>Reconoci\u00f3 que este modelo de seguridad cuenta con tres factores primarios: un gobernador que le entra al tema de seguridad; una coordinaci\u00f3n total entre todas las fuerzas de seguridad, el Poder Judicial y el Congreso del Estado; y el papel relevante que toman las y los ciudadanos en el tema de seguridad.<\/p>\n\n\n\n<p>Inform\u00f3 que este a\u00f1o, Coahuila cerr\u00f3 como la segunda entidad con menos homicidios dolosos a nivel nacional, y que de ellos, pr\u00e1cticamente est\u00e1n resueltos el cien por ciento.<\/p>\n\n\n\n<p>Agreg\u00f3 que la incidencia delictiva en el Estado es la m\u00e1s baja de los \u00faltimos 18 a\u00f1os; en 2025 se han cumplimentado un 117 por ciento m\u00e1s \u00f3rdenes de aprehensi\u00f3n que el a\u00f1o pasado; se decomisaron alrededor de tres mil kilos de droga, con trabajo de todas las corporaciones.<\/p>\n\n\n\n<p>\u201cPor primera vez en la historia, este a\u00f1o Coahuila obtuvo el segundo lugar con mejor percepci\u00f3n de seguridad en todo el pa\u00eds\u201d, destac\u00f3, y complement\u00f3 que Saltillo es la capital m\u00e1s segura de M\u00e9xico, Piedras Negras es la frontera m\u00e1s segura, y que Torre\u00f3n est\u00e1 entre las ciudades m\u00e1s seguras del pa\u00eds.<\/p>\n\n\n\n<p>Mencion\u00f3 que el IMCO reconoci\u00f3 a Coahuila como el primer lugar en la preservaci\u00f3n del Estado de Derecho en 2025.<\/p>\n\n\n\n<p>Fern\u00e1ndez Monta\u00f1ez expres\u00f3 que este a\u00f1o disminuy\u00f3 el \u00edndice de narcomenudeo gracias a una estrategia impulsada por el gobernador Manolo Jim\u00e9nez, y que hoy por hoy, Coahuila tiene la red de vigilancia ciudadana m\u00e1s grande de Latinoam\u00e9rica<\/p>\n\n\n\n<p>Adem\u00e1s, inform\u00f3 que por iniciativa del Gobernador del Estado se cre\u00f3 la Fiscal\u00eda Especializada para el cuidado de Ni\u00f1as, Ni\u00f1os y Mujeres, la cual, mediante un trabajo trasversal y coordinado con Inspira, el DIF Coahuila, y los Centros de Empoderamiento de las Mujeres, se ha registrado una disminuci\u00f3n del 55 por ciento de feminicidios, en comparaci\u00f3n con 2024, todos ellos resueltos.<\/p>\n\n\n\n<p>\u201cTenemos un gobernador que le entra al tema de seguridad; sigamos en esta alianza por cuidar Coahuila\u201d, mencion\u00f3 el fiscal Federico Fern\u00e1ndez.<\/p>\n","protected":false},"excerpt":{"rendered":"<p>Saltillo, Coahuila de Zaragoza; a 15 de diciembre de 2025.- El gobernador Manolo Jim\u00e9nez Salinas recibi\u00f3 el primer Informe de Gesti\u00f3n Institucional del fiscal general del Estado, Federico Fern\u00e1ndez Monta\u00f1ez, previo a su comparecencia ante las y los diputados que conforman la LXIII Legislatura local. \u201cTrabajando en equipo estamos fortaleciendo la Fiscal\u00eda de Coahuila. Me dio mucho gusto recibir el Primer Informe de nuestro amigo el fiscal Federico Fern\u00e1ndez Monta\u00f1ez&#8230;.<\/p>\n","protected":false},"author":1,"featured_media":29753,"comment_status":"closed","ping_status":"","sticky":false,"template":"","format":"standard","meta":{"footnotes":""},"categories":[5,21,15],"tags":[],"class_list":["post-29752","post","type-post","status-publish","format-standard","has-post-thumbnail","hentry","category-coahuila","category-congreso-del-estado","category-gobierno-de-coahuila","wpcat-5-id","wpcat-21-id","wpcat-15-id"],"_links":{"self":[{"href":"https:\/\/www.aquilaguna.com\/index.php\/wp-json\/wp\/v2\/posts\/29752","targetHints":{"allow":["GET"]}}],"collection":[{"href":"https:\/\/www.aquilaguna.com\/index.php\/wp-json\/wp\/v2\/posts"}],"about":[{"href":"https:\/\/www.aquilaguna.com\/index.php\/wp-json\/wp\/v2\/types\/post"}],"author":[{"embeddable":true,"href":"https:\/\/www.aquilaguna.com\/index.php\/wp-json\/wp\/v2\/users\/1"}],"replies":[{"embeddable":true,"href":"https:\/\/www.aquilaguna.com\/index.php\/wp-json\/wp\/v2\/comments?post=29752"}],"version-history":[{"count":1,"href":"https:\/\/www.aquilaguna.com\/index.php\/wp-json\/wp\/v2\/posts\/29752\/revisions"}],"predecessor-version":[{"id":29754,"href":"https:\/\/www.aquilaguna.com\/index.php\/wp-json\/wp\/v2\/posts\/29752\/revisions\/29754"}],"wp:featuredmedia":[{"embeddable":true,"href":"https:\/\/www.aquilaguna.com\/index.php\/wp-json\/wp\/v2\/media\/29753"}],"wp:attachment":[{"href":"https:\/\/www.aquilaguna.com\/index.php\/wp-json\/wp\/v2\/media?parent=29752"}],"wp:term":[{"taxonomy":"category","embeddable":true,"href":"https:\/\/www.aquilaguna.com\/index.php\/wp-json\/wp\/v2\/categories?post=29752"},{"taxonomy":"post_tag","embeddable":true,"href":"https:\/\/www.aquilaguna.com\/index.php\/wp-json\/wp\/v2\/tags?post=29752"}],"curies":[{"name":"wp","href":"https:\/\/api.w.org\/{rel}","templated":true}]}}