{"id":29755,"date":"2025-12-16T19:05:44","date_gmt":"2025-12-17T01:05:44","guid":{"rendered":"https:\/\/www.aquilaguna.com\/?p=29755"},"modified":"2025-12-16T19:05:44","modified_gmt":"2025-12-17T01:05:44","slug":"cursa-la-maestria-en-psicologia-clinica-que-ofrece-la-facultad-de-psicologia-de-la-uadec","status":"publish","type":"post","link":"https:\/\/www.aquilaguna.com\/index.php\/2025\/12\/16\/cursa-la-maestria-en-psicologia-clinica-que-ofrece-la-facultad-de-psicologia-de-la-uadec\/","title":{"rendered":"Cursa la Maestr\u00eda en Psicolog\u00eda Cl\u00ednica que Ofrece la Facultad de Psicolog\u00eda de la UAdeC."},"content":{"rendered":"\n<p>SALTILLO, Coahuila. 16 de diciembre de 2025. La Universidad Aut\u00f3noma de<br>Coahuila a trav\u00e9s de la Facultad de Psicolog\u00eda Unidad Sureste, convoca a estudiar la<br>Maestr\u00eda en Psicolog\u00eda Cl\u00ednica con Enfoque Cognitivo-Conductual, que tiene una<br>duraci\u00f3n de dos a\u00f1os y cuyas clases inician en agosto 2026.<\/p>\n\n\n\n<p>La Maestr\u00eda en Psicolog\u00eda Cl\u00ednica tiene como objetivo formar especialistas con<br>dominio te\u00f3rico y metodol\u00f3gico de la psicolog\u00eda cl\u00ednica desde la terapia cognitivo-<br>conductual, con conocimientos actualizados sobre problem\u00e1ticas de mayor impacto<br>en adultos y sobre t\u00e9cnicas de intervenci\u00f3n basadas en evidencia; el perfil de egreso<br>contempla, adem\u00e1s, la capacidad para el an\u00e1lisis cr\u00edtico y la atenci\u00f3n \u00e9tica de los<br>procesos psicol\u00f3gicos.<\/p>\n\n\n\n<p>Los interesados deber\u00e1n de cumplir con los siguientes requisitos: t\u00edtulo de<br>Licenciatura en Psicolog\u00eda, acreditar el idioma Ingl\u00e9s con un m\u00ednimo de 450 puntos<br>en TOEFL o su equivalente, obtener al menos mil puntos en el EXANI-III, as\u00ed como<br>aprobar la entrevista ante el Comit\u00e9 de Admisiones y cumplir con la inscripci\u00f3n<br>acad\u00e9mica y administrativa correspondiente; para aspirantes extranjeros, adem\u00e1s<br>del t\u00edtulo profesional y la acreditaci\u00f3n del idioma Ingl\u00e9s, se solicita demostrar<br>competencia ling\u00fc\u00edstica en Espa\u00f1ol y obtener una evaluaci\u00f3n favorable en la r\u00fabrica<br>de admisi\u00f3n.<\/p>\n\n\n\n<p>El proceso de selecci\u00f3n inicia con el pre registro a realizarse del 19 al 30 de enero<br>de 2026, a trav\u00e9s del portal de Admisiones de Posgrado de la UAdeC<br><a href=\"https:\/\/www.uadec.mx\/dip\/admisiones\/\" target=\"_blank\" rel=\"noreferrer noopener\">https:\/\/www.uadec.mx\/dip\/admisiones\/<\/a>, posteriormente, las y los aspirantes deber\u00e1n<br>registrarse como sustentantes ante el Centro Nacional de Evaluaci\u00f3n para la<br>Educaci\u00f3n Superior (CENEVAL) del 9 al 20 de febrero en la p\u00e1gina<br><a href=\"https:\/\/ceneval.edu.mx\/examenes-ingreso-exani_iii\/\" target=\"_blank\" rel=\"noreferrer noopener\">https:\/\/ceneval.edu.mx\/examenes-ingreso-exani_iii\/<\/a>.<\/p>\n\n\n\n<p>El env\u00edo de folios por parte de este organismo est\u00e1 programado para el 6 de marzo<br>de 2026, mientras que el Examen de pr\u00e1ctica se aplicar\u00e1 el 10 de marzo y el<br>Examen oficial se llevar\u00e1 a cabo el s\u00e1bado 14 de marzo, en un horario de 9:00 a<br>13:30 horas.<\/p>\n\n\n\n<p>Una vez realizado el registro en CENEVAL, las y los interesados deber\u00e1n completar<br>el registro interno del programa antes del 31 de mayo en el Formulario disponible en<br><a href=\"https:\/\/forms.office.com\/r\/8PvZEkgvhS\" target=\"_blank\" rel=\"noreferrer noopener\">https:\/\/forms.office.com\/r\/8PvZEkgvhS<\/a>, adem\u00e1s de enviar su expediente completo en<br>formato PDF al correo electr\u00f3nico oficial del Posgrado.<\/p>\n\n\n\n<p>aliciahernandezmont@uadec.edu.mx, cumpliendo con los lineamientos establecidos;<br>las entrevistas de admisi\u00f3n se desarrollar\u00e1n durante la semana del 8 al 12 de junio y<br>los resultados se notificar\u00e1n v\u00eda correo electr\u00f3nico el 19 de junio de 2026.<\/p>\n\n\n\n<p>Para m\u00e1s informaci\u00f3n, dirigirse con la coordinadora del programa, Dra. Alicia<br>Hern\u00e1ndez Monta\u00f1o a los correos aliciahernandezmont@uadec.edu.mx, llamar al<\/p>\n\n\n\n<p>(844) 412 35 28 ext. 112 o acudir a la Facultad de Psicolog\u00eda que se ubica en Unidad<br>Camporredondo Edificio \u201cC\u201d.<\/p>\n","protected":false},"excerpt":{"rendered":"<p>SALTILLO, Coahuila. 16 de diciembre de 2025. La Universidad Aut\u00f3noma deCoahuila a trav\u00e9s de la Facultad de Psicolog\u00eda Unidad Sureste, convoca a estudiar laMaestr\u00eda en Psicolog\u00eda Cl\u00ednica con Enfoque Cognitivo-Conductual, que tiene unaduraci\u00f3n de dos a\u00f1os y cuyas clases inician en agosto 2026. La Maestr\u00eda en Psicolog\u00eda Cl\u00ednica tiene como objetivo formar especialistas condominio te\u00f3rico y metodol\u00f3gico de la psicolog\u00eda cl\u00ednica desde la terapia cognitivo-conductual, con conocimientos actualizados sobre problem\u00e1ticas&#8230;<\/p>\n","protected":false},"author":1,"featured_media":29756,"comment_status":"closed","ping_status":"","sticky":false,"template":"","format":"standard","meta":{"footnotes":""},"categories":[2],"tags":[],"class_list":["post-29755","post","type-post","status-publish","format-standard","has-post-thumbnail","hentry","category-uadec","wpcat-2-id"],"_links":{"self":[{"href":"https:\/\/www.aquilaguna.com\/index.php\/wp-json\/wp\/v2\/posts\/29755","targetHints":{"allow":["GET"]}}],"collection":[{"href":"https:\/\/www.aquilaguna.com\/index.php\/wp-json\/wp\/v2\/posts"}],"about":[{"href":"https:\/\/www.aquilaguna.com\/index.php\/wp-json\/wp\/v2\/types\/post"}],"author":[{"embeddable":true,"href":"https:\/\/www.aquilaguna.com\/index.php\/wp-json\/wp\/v2\/users\/1"}],"replies":[{"embeddable":true,"href":"https:\/\/www.aquilaguna.com\/index.php\/wp-json\/wp\/v2\/comments?post=29755"}],"version-history":[{"count":1,"href":"https:\/\/www.aquilaguna.com\/index.php\/wp-json\/wp\/v2\/posts\/29755\/revisions"}],"predecessor-version":[{"id":29757,"href":"https:\/\/www.aquilaguna.com\/index.php\/wp-json\/wp\/v2\/posts\/29755\/revisions\/29757"}],"wp:featuredmedia":[{"embeddable":true,"href":"https:\/\/www.aquilaguna.com\/index.php\/wp-json\/wp\/v2\/media\/29756"}],"wp:attachment":[{"href":"https:\/\/www.aquilaguna.com\/index.php\/wp-json\/wp\/v2\/media?parent=29755"}],"wp:term":[{"taxonomy":"category","embeddable":true,"href":"https:\/\/www.aquilaguna.com\/index.php\/wp-json\/wp\/v2\/categories?post=29755"},{"taxonomy":"post_tag","embeddable":true,"href":"https:\/\/www.aquilaguna.com\/index.php\/wp-json\/wp\/v2\/tags?post=29755"}],"curies":[{"name":"wp","href":"https:\/\/api.w.org\/{rel}","templated":true}]}}