{"id":2977,"date":"2021-06-25T18:20:39","date_gmt":"2021-06-25T23:20:39","guid":{"rendered":"https:\/\/www.aquilaguna.com\/?p=2977"},"modified":"2021-06-25T18:20:40","modified_gmt":"2021-06-25T23:20:40","slug":"mexico-contra-el-bloqueo-cubano","status":"publish","type":"post","link":"https:\/\/www.aquilaguna.com\/index.php\/2021\/06\/25\/mexico-contra-el-bloqueo-cubano\/","title":{"rendered":"M\u00c9XICO CONTRA EL BLOQUEO CUBANO."},"content":{"rendered":"\n<p><strong>Por Fernando Rangel de Le\u00f3n<\/strong><\/p>\n\n\n\n<p>Desde 1960, en que EEUU, impuso el embargo en contra de Cuba, el gobierno de<br>M\u00e9xico, encabezado entonces por Adolfo L\u00f3pez Mateos, se pronunci\u00f3 en su contra en la<br>Organizaci\u00f3n de Estados Americanos OEA y en la Organizaci\u00f3n de las Naciones Unidas<br>ONU; siendo consecuente con la pol\u00edtica exterior de nuestro pa\u00eds basada en los principios de<br>\u201cautodeterminaci\u00f3n de los pueblos\u201d y \u201cla no intervenci\u00f3n\u201d.<\/p>\n\n\n\n<p>Este embargo lo decret\u00f3 el gobierno de Washington, de Eisenhower, porque Fidel<br>Castro, quien hab\u00eda llegado al poder el 1 de enero de 1959, tras el triunfo de la Revoluci\u00f3n<br>Cubana, que buscaba una verdadera transformaci\u00f3n, no se hab\u00eda plegado a la pol\u00edtica<br>titiritera e intervencionista norteamericana que hab\u00eda ejercido en la isla con el derrocado<br>dictador Fulgencio Batista, y sus anteriores peleles; y hab\u00eda realizado expropiaciones<br>nacionalistas de empresas propiedad de estadunidenses; que hab\u00edan saqueado las riquezas<br>naturales de Cuba.<\/p>\n\n\n\n<p>Kennedy, en 1961, aprob\u00f3 la invasi\u00f3n a Cuba, que tras una cruenta batalla fue<br>derrotado por los cubanos en Playa Gir\u00f3n; forzando a Fidel, a declarar que su revoluci\u00f3n era<br>socialista; y a\u00f1adiendo su famosa frase \u201cla historia me absolver\u00e1\u201d.<\/p>\n\n\n\n<p>Desde entonces y hasta la fecha todos los gobiernos mexicanos no se han cansado<br>de exigir por todos los medios al gobierno norteamericano que levante el embargo a Cuba;<br>sobresaliendo la petici\u00f3n del actual embajador de M\u00e9xico en la ONU, nuestro exrector de la<br>UNAM, Juan Ram\u00f3n de la Fuente, hecha en sesi\u00f3n plenaria el pasado 23 de junio, en cuya<br>tribuna dijo: \u201c\u2026 no es posible solucionar problemas de \u00edndole global, o emprender grandes<br>transformaciones regionales, sin un concurso internacional que parta del principio<br>irrestricto de la libre determinaci\u00f3n de los pueblos\u201d. \u201cfrente a una pandemia como la que<br>enfrentamos por el COVID-19, resulta impostergable poner fin al bloqueo que se mantiene<br>sobre Cuba\u201d \u201c\u2026poner fin al embargo cubano no solo mejorar\u00eda la econom\u00eda de la isla sino<br>tambi\u00e9n la de la regi\u00f3n.\u201d<\/p>\n\n\n\n<p>Este al igual que los dem\u00e1s elocuentes discursos de los oradores logr\u00f3 que 184<br>miembros de la ONU votaran en contra del embargo o bloqueo, se abstuvieran Colombia,<br>Ucrania y Emiratos \u00c1rabes, y EEUU y su aliado Israel, votaran en favor.<\/p>\n\n\n\n<p>Adem\u00e1s, el doctor De la Fuente hizo un llamamiento a la comunidad internacional a<br>expresar su apoyo para que se levante el bloqueo o embargo a Cuba.<\/p>\n\n\n\n<p>Ojal\u00e1 que el nuevo gobierno de Joe Biden, sea sensible y receptivo de la votaci\u00f3n<br>casi un\u00e1nime en la ONU, para que incluya a Cuba en este mundo globalizado y de muchos<\/p>\n\n\n\n<p>progresos econ\u00f3micos, comerciales y financieros; recordando que hist\u00f3ricamente EEUU<br>tuvo excelentes v\u00ednculos con la isla.<\/p>\n","protected":false},"excerpt":{"rendered":"<p>Por Fernando Rangel de Le\u00f3n Desde 1960, en que EEUU, impuso el embargo en contra de Cuba, el gobierno deM\u00e9xico, encabezado entonces por Adolfo L\u00f3pez Mateos, se pronunci\u00f3 en su contra en laOrganizaci\u00f3n de Estados Americanos OEA y en la Organizaci\u00f3n de las Naciones UnidasONU; siendo consecuente con la pol\u00edtica exterior de nuestro pa\u00eds basada en los principios de\u201cautodeterminaci\u00f3n de los pueblos\u201d y \u201cla no intervenci\u00f3n\u201d. Este embargo lo decret\u00f3&#8230;<\/p>\n","protected":false},"author":1,"featured_media":0,"comment_status":"closed","ping_status":"closed","sticky":false,"template":"","format":"standard","meta":{"footnotes":""},"categories":[6],"tags":[],"class_list":["post-2977","post","type-post","status-publish","format-standard","hentry","category-fernando-rangel","wpcat-6-id"],"_links":{"self":[{"href":"https:\/\/www.aquilaguna.com\/index.php\/wp-json\/wp\/v2\/posts\/2977","targetHints":{"allow":["GET"]}}],"collection":[{"href":"https:\/\/www.aquilaguna.com\/index.php\/wp-json\/wp\/v2\/posts"}],"about":[{"href":"https:\/\/www.aquilaguna.com\/index.php\/wp-json\/wp\/v2\/types\/post"}],"author":[{"embeddable":true,"href":"https:\/\/www.aquilaguna.com\/index.php\/wp-json\/wp\/v2\/users\/1"}],"replies":[{"embeddable":true,"href":"https:\/\/www.aquilaguna.com\/index.php\/wp-json\/wp\/v2\/comments?post=2977"}],"version-history":[{"count":1,"href":"https:\/\/www.aquilaguna.com\/index.php\/wp-json\/wp\/v2\/posts\/2977\/revisions"}],"predecessor-version":[{"id":2978,"href":"https:\/\/www.aquilaguna.com\/index.php\/wp-json\/wp\/v2\/posts\/2977\/revisions\/2978"}],"wp:attachment":[{"href":"https:\/\/www.aquilaguna.com\/index.php\/wp-json\/wp\/v2\/media?parent=2977"}],"wp:term":[{"taxonomy":"category","embeddable":true,"href":"https:\/\/www.aquilaguna.com\/index.php\/wp-json\/wp\/v2\/categories?post=2977"},{"taxonomy":"post_tag","embeddable":true,"href":"https:\/\/www.aquilaguna.com\/index.php\/wp-json\/wp\/v2\/tags?post=2977"}],"curies":[{"name":"wp","href":"https:\/\/api.w.org\/{rel}","templated":true}]}}