{"id":3007,"date":"2021-06-25T20:25:01","date_gmt":"2021-06-26T01:25:01","guid":{"rendered":"https:\/\/www.aquilaguna.com\/?p=3007"},"modified":"2021-06-25T20:25:33","modified_gmt":"2021-06-26T01:25:33","slug":"solicitara-uadec-que-teatro-salvador-novo-pase-a-ser-parte-de-su-patrimonio","status":"publish","type":"post","link":"https:\/\/www.aquilaguna.com\/index.php\/2021\/06\/25\/solicitara-uadec-que-teatro-salvador-novo-pase-a-ser-parte-de-su-patrimonio\/","title":{"rendered":"Solicitar\u00e1 UAdeC que teatro Salvador Novo pase a ser parte de su patrimonio."},"content":{"rendered":"\n<p>Torre\u00f3n, Coahuila.- La&nbsp; Universidad Aut\u00f3noma&nbsp; de Coahuila&nbsp; solicitar\u00e1 al Gobernador&nbsp; Miguel Angel Riquelme Sol\u00eds, tener a bien pasar al patrimonio de la&nbsp; M\u00e1xima Casa de Estudios, el Teatro Salvador Novo,&nbsp; que forma parte de lo que fuera el CINAR&nbsp; para ser destinado&nbsp; a la Escuela de Artes Esc\u00e9nicas &nbsp; de la Unidad Torre\u00f3n,&nbsp; y de la que est\u00e1n por egresar&nbsp; su primera generaci\u00f3n de alumnos en esta especialidad.<\/p>\n\n\n\n<p>Lo anterior&nbsp; fue confirmado \u00e9ste d\u00eda por el Rector Salvador Hern\u00e1ndez V\u00e9lez, al termino de la ceremonia que en honor de la trayectoria y memoria del Doctor Gerardo&nbsp; Moscoso Caama\u00f1o, recientemente&nbsp; fallecido y quien&nbsp; fuera el primer Director de la instituci\u00f3n mencionada.<\/p>\n\n\n\n<p>Indic\u00f3 que \u00e9sta petici\u00f3n est\u00e1 en curso, pretendiendo que el Teatro Salvador a Novo sea&nbsp; parte de la Universidad Aut\u00f3noma de Coahuila, y para uso de la Escuela &nbsp; de Artes Esc\u00e9nicas, incluso &nbsp; indic\u00f3 que &nbsp; los estudiantes de \u00e9sta instituci\u00f3n, est\u00e1n solicitando que de acceder al Gobierno de Coahuila a tal petici\u00f3n, que&nbsp; \u00e9ste lleve el nombre del Doctor Gerardo Moscoso Caama\u00f1o.<\/p>\n\n\n\n<p>Lo ultimo, indic\u00f3, &#8221;seria una cuesti\u00f3n a cargo de nosotros, y como la comunidad estudiantil lo solicita, as\u00ed sera tambi\u00e9n&#8221;.<\/p>\n\n\n\n<p>&#8221;Yo&nbsp; estoy solicitando a la comunidad universitaria en especial los alumnos de esta instituci\u00f3n, que escriban la biograf\u00eda del Doctor Moscoso&nbsp; Caama\u00f1o&#8221;,&nbsp; ya que afirm\u00f3, &#8221;lo que no est\u00e1 escrito, no existe&#8221;. Necesitamos pues tal testimonio en trabajo conjunto a cargo de Difusi\u00f3n Cultural, a trav\u00e9s de su titular Arcelia Ayup, as\u00ed como de la Directora de la escuela citada&#8221;.<\/p>\n\n\n\n<p>Indico que la solicitud de donaci\u00f3n&nbsp; se ha presentado y ya dar\u00e1 el Gobernador&nbsp; su respuesta&nbsp; a \u00e9sta petici\u00f3n.&nbsp;<\/p>\n\n\n\n<p>Dijo luego que el Teatro Salvador Novo, &nbsp; que form\u00f3 parte de las instalaciones de lo que fuera&nbsp;el Centro de Iniciaci\u00f3n Art\u00edstica -CINAR-,&nbsp; esta ubicado en una zona de alta marginaci\u00f3n en \u00e9sta ciudad.&nbsp;<\/p>\n\n\n\n<p>Expreso que&nbsp; en relaci\u00f3n al homenaje p\u00f3stumo realizado este d\u00eda en memoria del primer director de la escuela de Artes Esc\u00e9nicas&nbsp; de Torre\u00f3n, &#8221;lo mas trascendente es darle continuidad&nbsp; a la obra de formaci\u00f3n de j\u00f3venes que el emprendiera con tanta pasi\u00f3n y entusiasmo, ese ser\u00eda el mejor homenaje; sumarnos a los objetivos que \u00e9l impulsaba&#8221;.<\/p>\n\n\n\n<p><strong>ELECCIONES.<\/strong><\/p>\n\n\n\n<p>En cuanto a las quejas &nbsp; que un inc\u00f3gnito&nbsp; grupo de personas &nbsp; que se dicen alumnos de la Escuela de Artes Esc\u00e9nicas, solicitaron la intervenci\u00f3n de un Medio&nbsp; de Comunicaci\u00f3n Regional, porque se encontraban inconformes con la designaci\u00f3n de la persona que supli\u00f3,&nbsp; la ausencia&nbsp; del Doctor Gerardo Moscoso Caama\u00f1o al frente de la instituci\u00f3n.<\/p>\n\n\n\n<p>El Rector &nbsp; Hern\u00e1ndez Velez, record\u00f3 que, &#8221;la escuela&nbsp; forma parte de una instituci\u00f3n aut\u00f3noma,&nbsp; como es el caso de la UAdeC&nbsp; &nbsp; por lo que &nbsp; son&nbsp; tanto sus alumnos como sus directivos con los que tienen la palabra&#8221;.<\/p>\n\n\n\n<p>&#8221;Adem\u00e1s,&nbsp; la actual titular, est\u00e1 en situaci\u00f3n de solo responsable del despacho&#8221;,&nbsp; estimado que, &#8221;en&nbsp; seis o siete meses, o quiz\u00e1s el pr\u00f3ximo mes de septiembre&nbsp; se este en condiciones de convocar&nbsp; la creaci\u00f3n de su primer Consejo&nbsp; Directivo, que no esta constitu\u00eddo&nbsp; aun y una vez que esto suceda se pueda constitu\u00edr en Colegio Electoral, justamente para convocar a elecciones&#8221;.<\/p>\n\n\n\n<p>Y ser\u00e1, sentenci\u00f3, &#8221;dentro de la comunidad&nbsp; de esa escuela, de donde surja su nuevo director o directora, seg\u00fan sea el caso&#8221;. Recalco que, &#8221;as\u00ed como en cualquier otra comunidad de la universidad, es la que decide quien es su Director&#8221;.<\/p>\n","protected":false},"excerpt":{"rendered":"<p>Torre\u00f3n, Coahuila.- La&nbsp; Universidad Aut\u00f3noma&nbsp; de Coahuila&nbsp; solicitar\u00e1 al Gobernador&nbsp; Miguel Angel Riquelme Sol\u00eds, tener a bien pasar al patrimonio de la&nbsp; M\u00e1xima Casa de Estudios, el Teatro Salvador Novo,&nbsp; que forma parte de lo que fuera el CINAR&nbsp; para ser destinado&nbsp; a la Escuela de Artes Esc\u00e9nicas &nbsp; de la Unidad Torre\u00f3n,&nbsp; y de la que est\u00e1n por egresar&nbsp; su primera generaci\u00f3n de alumnos en esta especialidad. Lo anterior&nbsp;&#8230;<\/p>\n","protected":false},"author":2,"featured_media":0,"comment_status":"closed","ping_status":"","sticky":false,"template":"","format":"standard","meta":{"footnotes":""},"categories":[5,12,9,15,7,2],"tags":[],"class_list":["post-3007","post","type-post","status-publish","format-standard","hentry","category-coahuila","category-cultura","category-educacion","category-gobierno-de-coahuila","category-torreon","category-uadec","wpcat-5-id","wpcat-12-id","wpcat-9-id","wpcat-15-id","wpcat-7-id","wpcat-2-id"],"_links":{"self":[{"href":"https:\/\/www.aquilaguna.com\/index.php\/wp-json\/wp\/v2\/posts\/3007","targetHints":{"allow":["GET"]}}],"collection":[{"href":"https:\/\/www.aquilaguna.com\/index.php\/wp-json\/wp\/v2\/posts"}],"about":[{"href":"https:\/\/www.aquilaguna.com\/index.php\/wp-json\/wp\/v2\/types\/post"}],"author":[{"embeddable":true,"href":"https:\/\/www.aquilaguna.com\/index.php\/wp-json\/wp\/v2\/users\/2"}],"replies":[{"embeddable":true,"href":"https:\/\/www.aquilaguna.com\/index.php\/wp-json\/wp\/v2\/comments?post=3007"}],"version-history":[{"count":2,"href":"https:\/\/www.aquilaguna.com\/index.php\/wp-json\/wp\/v2\/posts\/3007\/revisions"}],"predecessor-version":[{"id":3009,"href":"https:\/\/www.aquilaguna.com\/index.php\/wp-json\/wp\/v2\/posts\/3007\/revisions\/3009"}],"wp:attachment":[{"href":"https:\/\/www.aquilaguna.com\/index.php\/wp-json\/wp\/v2\/media?parent=3007"}],"wp:term":[{"taxonomy":"category","embeddable":true,"href":"https:\/\/www.aquilaguna.com\/index.php\/wp-json\/wp\/v2\/categories?post=3007"},{"taxonomy":"post_tag","embeddable":true,"href":"https:\/\/www.aquilaguna.com\/index.php\/wp-json\/wp\/v2\/tags?post=3007"}],"curies":[{"name":"wp","href":"https:\/\/api.w.org\/{rel}","templated":true}]}}