{"id":30187,"date":"2026-01-25T18:15:32","date_gmt":"2026-01-26T00:15:32","guid":{"rendered":"https:\/\/www.aquilaguna.com\/?p=30187"},"modified":"2026-01-25T18:15:32","modified_gmt":"2026-01-26T00:15:32","slug":"coahuila-esta-preparado-ante-la-presencia-de-frente-frio","status":"publish","type":"post","link":"https:\/\/www.aquilaguna.com\/index.php\/2026\/01\/25\/coahuila-esta-preparado-ante-la-presencia-de-frente-frio\/","title":{"rendered":"COAHUILA EST\u00c1 PREPARADO ANTE LA PRESENCIA DE FRENTE FR\u00cdO."},"content":{"rendered":"\n<ul class=\"wp-block-list\">\n<li><em>Monitoreo meteorol\u00f3gico, habilitaci\u00f3n de refugios temporales y rondines preventivos<\/em><\/li>\n<\/ul>\n\n\n\n<p>Saltillo, Coahuila de Zaragoza; 24 de enero de 2026.\u2013 La Secretar\u00eda de Gobierno, a trav\u00e9s de la Subsecretar\u00eda de Protecci\u00f3n Civil del Estado, informa que durante el transcurso del d\u00eda el Frente Fr\u00edo n\u00famero 30 y su masa de aire \u00e1rtico provocar\u00e1n un marcado descenso de temperatura, as\u00ed como lluvias fuertes con descargas el\u00e9ctricas, vientos de 50 a 70 km\/h, con rachas de 80 a 100 km\/h, y la probabilidad de ca\u00edda de aguanieve o nieve en diversas regiones del estado.<\/p>\n\n\n\n<p><strong>CONDICIONES CLIMATOL\u00d3GICAS<\/strong><\/p>\n\n\n\n<p>De acuerdo con el pron\u00f3stico meteorol\u00f3gico, el descenso de temperatura se intensificar\u00e1 durante la tarde-noche del s\u00e1bado, as\u00ed como el domingo y lunes, con mayor impacto en las regiones Norte, Carbon\u00edfera y Centro-Desierto.<\/p>\n\n\n\n<p>En las regiones Laguna y Sureste, si bien las condiciones ser\u00e1n menos adversas, se prev\u00e9n temperaturas bajas en zonas serranas, por lo que se mantiene vigilancia permanente en todo el territorio estatal.<\/p>\n\n\n\n<p><strong>ACCIONES PREVENTIVAS Y OPERATIVAS<\/strong><\/p>\n\n\n\n<p>Entre las acciones implementadas se encuentra el despliegue de un operativo en refugios temporales, que contempla la verificaci\u00f3n de su disponibilidad, apertura y correcto funcionamiento, as\u00ed como la revisi\u00f3n de que cuenten con servicios b\u00e1sicos como energ\u00eda el\u00e9ctrica, agua potable, sanitarios, colchonetas, cobijas y alimentos.<\/p>\n\n\n\n<p>Asimismo, se garantiza que los refugios cuenten con condiciones adecuadas de seguridad, higiene y control de acceso, adem\u00e1s de la revisi\u00f3n de las instalaciones el\u00e9ctricas y de gas, a fin de prevenir riesgos para las personas usuarias.<\/p>\n\n\n\n<p>De igual forma, se coordina el traslado de personas en situaci\u00f3n de calle, personas adultas mayores, ni\u00f1as, ni\u00f1os y personas con discapacidad, priorizando a los sectores m\u00e1s vulnerables ante las bajas temperaturas.<\/p>\n\n\n\n<p>En este marco, el Secretario de Gobierno, \u00d3scar Pimentel Gonz\u00e1lez, sostuvo el pasado jueves una reuni\u00f3n virtual de coordinaci\u00f3n con los 38 municipios del estado, en la que participaron algunos alcaldes, secretarias y secretarios de Ayuntamiento y directoras y directores de Protecci\u00f3n Civil municipal, en la que se refrend\u00f3 la coordinaci\u00f3n permanente del Gobierno de Coahuila, instancias federales, el Ej\u00e9rcito Mexicano, la Guardia Nacional, as\u00ed como la Polic\u00eda Estatal, para atender de manera oportuna cualquier contingencia que pudiera presentarse.<\/p>\n\n\n\n<p>La relaci\u00f3n de refugios temporales y sus ubicaciones puede consultarse en el siguiente enlace oficial:<\/p>\n\n\n\n<p><a href=\"https:\/\/gaabcdh.r.af.d.sendibt2.com\/tr\/cl\/NO06hYD81SBiP6Dka0kElICB6pWWwcB4yrnmC1edUvqjQ_xhZj5VWFGlY7QJWeiSRmU3NqkOVoskYl94661puJEc_K35KCZvoLjW8sofdiFapJB90zIWCGOVrbMRQhtvRyKqKlJxk2axeRbMs8nQQSPFSaQmvzdHUXYMRtQKSl3oIoZxo2fw-pVY1gkZYqgVZP0wN98ttDhdI_M0H346BZD6KdHtdP8mnsgDTVE4wkfgKo8RnGZOeWjL02l7H-rpNxENWd4hDxhXR9b8Vef6gMoG7Jl8DFC7fjn937so4HLhWRTho7GvhBRIwPbKqb4kHsSF-uGo0t6Uyl2Wq5Ep\" rel=\"noreferrer noopener\" target=\"_blank\">http:\/\/proteccioncivil.sfpcoahuila.gob.mx\/modulo22.php?opcion=8<\/a><\/p>\n\n\n\n<p><strong>RONDINES PREVENTIVOS Y SUPERVISI\u00d3N<\/strong><\/p>\n\n\n\n<p>Las Unidades Municipales de Protecci\u00f3n Civil de los 38 ayuntamientos realizan rondines preventivos y de supervisi\u00f3n, principalmente en horario nocturno y durante la madrugada, en zonas de alta vulnerabilidad, comunidades rurales, colonias con mayor exposici\u00f3n al fr\u00edo y puntos donde se identifique presencia de personas en situaci\u00f3n de calle, con el objetivo de detectar y canalizar oportunamente a quienes requieran resguardo, atenci\u00f3n m\u00e9dica o traslado a albergues temporales.<\/p>\n\n\n\n<p>Asimismo, se refuerza la coordinaci\u00f3n con corporaciones de seguridad municipal y estatal para brindar apoyo durante estas acciones y generar condiciones de confianza para la atenci\u00f3n de la poblaci\u00f3n vulnerable.<\/p>\n\n\n\n<p><strong>SECRETAR\u00cdA DE SALUD<\/strong><\/p>\n\n\n\n<p>La Secretar\u00eda de Salud del Estado inform\u00f3 que se encuentra en alerta y preparada para atender cualquier urgencia m\u00e9dica derivada de las condiciones climatol\u00f3gicas.<\/p>\n\n\n\n<p>Se cuenta con capacidad operativa en los hospitales del estado y con personal m\u00e9dico previamente notificado, para brindar atenci\u00f3n oportuna, incluyendo casos que pudieran presentarse en albergues o espacios de resguardo.<\/p>\n\n\n\n<p>Asimismo, se mantiene coordinaci\u00f3n con los enlaces de Protecci\u00f3n Civil en cada jurisdicci\u00f3n sanitaria, lo que permitir\u00e1 una respuesta inmediata ante cualquier eventualidad.<\/p>\n\n\n\n<p>La Secretar\u00eda de Salud reiter\u00f3 el llamado a no utilizar asadores de le\u00f1a ni artefactos improvisados en el interior de viviendas o espacios cerrados, debido al riesgo de intoxicaci\u00f3n por mon\u00f3xido de carbono, e insisti\u00f3 en atender las medidas preventivas durante la temporada invernal.<\/p>\n\n\n\n<p>La Subsecretar\u00eda de Protecci\u00f3n Civil exhorta a la poblaci\u00f3n a mantenerse informada a trav\u00e9s de los canales oficiales, atender las recomendaciones preventivas y reportar cualquier emergencia o situaci\u00f3n de riesgo al 9-1-1, disponible las 24 horas.<\/p>\n\n\n\n<p>El Gobierno del Estado de Coahuila mantiene vigilancia permanente de las condiciones climatol\u00f3gicas y continuar\u00e1 implementando acciones preventivas para salvaguardar a la poblaci\u00f3n.<\/p>\n","protected":false},"excerpt":{"rendered":"<p>Saltillo, Coahuila de Zaragoza; 24 de enero de 2026.\u2013 La Secretar\u00eda de Gobierno, a trav\u00e9s de la Subsecretar\u00eda de Protecci\u00f3n Civil del Estado, informa que durante el transcurso del d\u00eda el Frente Fr\u00edo n\u00famero 30 y su masa de aire \u00e1rtico provocar\u00e1n un marcado descenso de temperatura, as\u00ed como lluvias fuertes con descargas el\u00e9ctricas, vientos de 50 a 70 km\/h, con rachas de 80 a 100 km\/h, y la probabilidad&#8230;<\/p>\n","protected":false},"author":1,"featured_media":0,"comment_status":"closed","ping_status":"","sticky":false,"template":"","format":"standard","meta":{"footnotes":""},"categories":[27,5,15,54],"tags":[],"class_list":["post-30187","post","type-post","status-publish","format-standard","hentry","category-clima","category-coahuila","category-gobierno-de-coahuila","category-proteccion-civil","wpcat-27-id","wpcat-5-id","wpcat-15-id","wpcat-54-id"],"_links":{"self":[{"href":"https:\/\/www.aquilaguna.com\/index.php\/wp-json\/wp\/v2\/posts\/30187","targetHints":{"allow":["GET"]}}],"collection":[{"href":"https:\/\/www.aquilaguna.com\/index.php\/wp-json\/wp\/v2\/posts"}],"about":[{"href":"https:\/\/www.aquilaguna.com\/index.php\/wp-json\/wp\/v2\/types\/post"}],"author":[{"embeddable":true,"href":"https:\/\/www.aquilaguna.com\/index.php\/wp-json\/wp\/v2\/users\/1"}],"replies":[{"embeddable":true,"href":"https:\/\/www.aquilaguna.com\/index.php\/wp-json\/wp\/v2\/comments?post=30187"}],"version-history":[{"count":1,"href":"https:\/\/www.aquilaguna.com\/index.php\/wp-json\/wp\/v2\/posts\/30187\/revisions"}],"predecessor-version":[{"id":30188,"href":"https:\/\/www.aquilaguna.com\/index.php\/wp-json\/wp\/v2\/posts\/30187\/revisions\/30188"}],"wp:attachment":[{"href":"https:\/\/www.aquilaguna.com\/index.php\/wp-json\/wp\/v2\/media?parent=30187"}],"wp:term":[{"taxonomy":"category","embeddable":true,"href":"https:\/\/www.aquilaguna.com\/index.php\/wp-json\/wp\/v2\/categories?post=30187"},{"taxonomy":"post_tag","embeddable":true,"href":"https:\/\/www.aquilaguna.com\/index.php\/wp-json\/wp\/v2\/tags?post=30187"}],"curies":[{"name":"wp","href":"https:\/\/api.w.org\/{rel}","templated":true}]}}