{"id":30189,"date":"2026-01-25T18:16:44","date_gmt":"2026-01-26T00:16:44","guid":{"rendered":"https:\/\/www.aquilaguna.com\/?p=30189"},"modified":"2026-01-25T18:16:44","modified_gmt":"2026-01-26T00:16:44","slug":"ante-pronostico-de-proteccion-civil-sobre-llegada-de-masa-de-aire-polar-el-lunes-26-de-enero-se-suspenden-clases-en-las-regiones-norte-carbonifera-y-centro-desierto-en-coahuila","status":"publish","type":"post","link":"https:\/\/www.aquilaguna.com\/index.php\/2026\/01\/25\/ante-pronostico-de-proteccion-civil-sobre-llegada-de-masa-de-aire-polar-el-lunes-26-de-enero-se-suspenden-clases-en-las-regiones-norte-carbonifera-y-centro-desierto-en-coahuila\/","title":{"rendered":"ANTE PRON\u00d3STICO DE PROTECCI\u00d3N CIVIL SOBRE LLEGADA DE MASA DE AIRE POLAR, EL LUNES 26 DE ENERO SE SUSPENDEN CLASES EN LAS REGIONES NORTE, CARBON\u00cdFERA Y CENTRO-DESIERTO EN COAHUILA."},"content":{"rendered":"\n<p>\u00b7&nbsp;&nbsp;&nbsp;&nbsp;&nbsp;&nbsp;&nbsp;<em>Enlas regiones Sureste y Laguna se recorre el horario para entrar a las 9:00 hrs.&nbsp;<\/em><\/p>\n\n\n\n<p>Saltillo, Coahuila; 25 de enero de 2026.- La Secretar\u00eda de Educaci\u00f3n de Coahuila da a conocer que, de acuerdo a la informaci\u00f3n que emiten las autoridades de Protecci\u00f3n Civil, en la que se indica la llegada de una nueva masa de aire polar a diversas regiones del estado y considerando los riesgos que se pueden presentar, se informa que para el Lunes 26 de enero de 2026 se suspenden las clases presenciales en todos los niveles educativos de las regiones Norte, Carbon\u00edfera y Centro-Desierto del estado*.<\/p>\n\n\n\n<p>Para las regiones Laguna y Sureste, en esta misma fecha, se recorre el horario de entrada a clases presenciales de los niveles de primaria y secundaria para las 09:00 horas.<\/p>\n\n\n\n<p>Dichas medidas se emiten con la finalidad de salvaguardar el bienestar f\u00edsico del alumnado, padres de familia, personal docente, administrativo y de apoyo.<\/p>\n\n\n\n<p>En el caso de las escuelas particulares se aplicar\u00e1n sus propios criterios, manteniendo comunicaci\u00f3n cercana al respecto con sus alumnos y padres de familia.<\/p>\n\n\n\n<p>Se invita a la comunidad educativa a atender las recomendaciones de la p\u00e1gina oficial del Gobierno del Estado de Coahuila y de Protecci\u00f3n Civil.<\/p>\n","protected":false},"excerpt":{"rendered":"<p>\u00b7&nbsp;&nbsp;&nbsp;&nbsp;&nbsp;&nbsp;&nbsp;Enlas regiones Sureste y Laguna se recorre el horario para entrar a las 9:00 hrs.&nbsp; Saltillo, Coahuila; 25 de enero de 2026.- La Secretar\u00eda de Educaci\u00f3n de Coahuila da a conocer que, de acuerdo a la informaci\u00f3n que emiten las autoridades de Protecci\u00f3n Civil, en la que se indica la llegada de una nueva masa de aire polar a diversas regiones del estado y considerando los riesgos que se pueden&#8230;<\/p>\n","protected":false},"author":1,"featured_media":0,"comment_status":"closed","ping_status":"","sticky":false,"template":"","format":"standard","meta":{"footnotes":""},"categories":[27,5,9,15,54],"tags":[],"class_list":["post-30189","post","type-post","status-publish","format-standard","hentry","category-clima","category-coahuila","category-educacion","category-gobierno-de-coahuila","category-proteccion-civil","wpcat-27-id","wpcat-5-id","wpcat-9-id","wpcat-15-id","wpcat-54-id"],"_links":{"self":[{"href":"https:\/\/www.aquilaguna.com\/index.php\/wp-json\/wp\/v2\/posts\/30189","targetHints":{"allow":["GET"]}}],"collection":[{"href":"https:\/\/www.aquilaguna.com\/index.php\/wp-json\/wp\/v2\/posts"}],"about":[{"href":"https:\/\/www.aquilaguna.com\/index.php\/wp-json\/wp\/v2\/types\/post"}],"author":[{"embeddable":true,"href":"https:\/\/www.aquilaguna.com\/index.php\/wp-json\/wp\/v2\/users\/1"}],"replies":[{"embeddable":true,"href":"https:\/\/www.aquilaguna.com\/index.php\/wp-json\/wp\/v2\/comments?post=30189"}],"version-history":[{"count":1,"href":"https:\/\/www.aquilaguna.com\/index.php\/wp-json\/wp\/v2\/posts\/30189\/revisions"}],"predecessor-version":[{"id":30190,"href":"https:\/\/www.aquilaguna.com\/index.php\/wp-json\/wp\/v2\/posts\/30189\/revisions\/30190"}],"wp:attachment":[{"href":"https:\/\/www.aquilaguna.com\/index.php\/wp-json\/wp\/v2\/media?parent=30189"}],"wp:term":[{"taxonomy":"category","embeddable":true,"href":"https:\/\/www.aquilaguna.com\/index.php\/wp-json\/wp\/v2\/categories?post=30189"},{"taxonomy":"post_tag","embeddable":true,"href":"https:\/\/www.aquilaguna.com\/index.php\/wp-json\/wp\/v2\/tags?post=30189"}],"curies":[{"name":"wp","href":"https:\/\/api.w.org\/{rel}","templated":true}]}}