{"id":30194,"date":"2026-01-25T19:40:30","date_gmt":"2026-01-26T01:40:30","guid":{"rendered":"https:\/\/www.aquilaguna.com\/?p=30194"},"modified":"2026-01-25T19:40:30","modified_gmt":"2026-01-26T01:40:30","slug":"dif-coahuila-fortalece-programa-de-alimentacion-escolar","status":"publish","type":"post","link":"https:\/\/www.aquilaguna.com\/index.php\/2026\/01\/25\/dif-coahuila-fortalece-programa-de-alimentacion-escolar\/","title":{"rendered":"DIF COAHUILA FORTALECE PROGRAMA DE ALIMENTACI\u00d3N ESCOLAR."},"content":{"rendered":"\n<p>\u00b7&nbsp;&nbsp;&nbsp;&nbsp;&nbsp;&nbsp;<em>Presidenta del DIF Coahuila entrega&nbsp;&nbsp;equipo de cocina para escuelas de educaci\u00f3n b\u00e1sica<\/em><\/p>\n\n\n\n<p>Saltillo, Coahuila; 25 de enero de 2026.- Con el objetivo de fortalecer la alimentaci\u00f3n y el desarrollo integral de la ni\u00f1ez coahuilense, el DIF Coahuila llev\u00f3 a cabo la entrega de equipo de cocina como parte del Programa de Alimentaci\u00f3n Escolar que fue puesto en marcha el a\u00f1o pasado por el gobernador Manolo Jim\u00e9nez Salinas.&nbsp;<\/p>\n\n\n\n<p>A trav\u00e9s de este programa, se garantiza que las ni\u00f1as y ni\u00f1os cuenten con desayunos calientes, nutritivos y balanceados, dise\u00f1ados conforme a los requerimientos nutricionales diarios establecidos por la Estrategia Integral de Asistencia Social Alimentaria (EIASA) del Sistema Nacional DIF, contribuyendo a su bienestar, salud y mejor desempe\u00f1o escolar.<\/p>\n\n\n\n<p>La presidenta honoraria del DIF Coahuila, Liliana Salinas Vald\u00e9s, destac\u00f3 la importancia de garantizar una alimentaci\u00f3n adecuada desde la infancia y sumando esfuerzos con el sector educativo.&nbsp;<\/p>\n\n\n\n<p>\u201cUna alimentaci\u00f3n sana y nutritiva es fundamental para el desarrollo de nuestras ni\u00f1as y ni\u00f1os. En el DIF Coahuila trabajamos todos los d\u00edas para fortalecer los programas que les permitan crecer sanos, aprender mejor y construir un futuro con m\u00e1s oportunidades&#8221;, destac\u00f3.<\/p>\n\n\n\n<p>Actualmente, en Coahuila 367 escuelas participan en el Programa de Alimentaci\u00f3n Escolar en modalidad caliente, mientras que 783 planteles reciben desayunos fr\u00edos, beneficiando a miles de ni\u00f1as y ni\u00f1os en las cinco regiones del estado.<\/p>\n\n\n\n<p>&nbsp;Se entreg\u00f3 equipamiento de cocina a los planteles&nbsp;&nbsp;CAM Jean Piaget T.V.; Escuela Justo Sierra T.M.; Escuela Ford 171 \u201cEloy Dewey Saavedra\u201d T.V.; Jard\u00edn de Ni\u00f1os General Vicente Guerrero; Jard\u00edn de Ni\u00f1os Zapalinam\u00e9, Jard\u00edn de Ni\u00f1os Ej\u00e9rcito Mexicano y Jard\u00edn de Ni\u00f1os Saltillo, beneficiando de manera directa a casi 500 estudiantes.<\/p>\n\n\n\n<p>Durante 2025, el DIF Coahuila realiz\u00f3 la entrega de 23 equipos completos de cocina y 142 reequipamientos en las cinco regiones del estado.&nbsp;&nbsp;Para el a\u00f1o 2026, se tiene programada la entrega de 28 equipos completos y 81 reequipamientos adicionales, consolidando as\u00ed el fortalecimiento de la infraestructura escolar destinada a la preparaci\u00f3n de alimentos.<\/p>\n\n\n\n<p>Durante la entrega estuvieron presentes el subsecretario de Educaci\u00f3n B\u00e1sica, Hugo Lozano S\u00e1nchez; la subsecretaria de Planeaci\u00f3n Ejecutiva, Mar\u00eda del Carmen Ruiz Esparza; la directora de Programas Sociales del DIF Coahuila, Ivonne Espinosa Torres; la coordinadora de Alimentos Nutritivos del DIF Coahuila, Mar\u00eda Luisa Idrogo Garc\u00eda; el coordinador de la Regi\u00f3n Sureste del DIF Coahuila, Jos\u00e9 Manuel Rodr\u00edguez Romero y comunidad educativa.<\/p>\n\n\n\n<p>Con estas acciones, el DIF Coahuila refrenda su compromiso con la seguridad alimentaria, la salud y el bienestar de la ni\u00f1ez, impulsando programas que impactan de manera directa en su desarrollo integral y en la construcci\u00f3n de comunidades m\u00e1s fuertes.<\/p>\n","protected":false},"excerpt":{"rendered":"<p>\u00b7&nbsp;&nbsp;&nbsp;&nbsp;&nbsp;&nbsp;Presidenta del DIF Coahuila entrega&nbsp;&nbsp;equipo de cocina para escuelas de educaci\u00f3n b\u00e1sica Saltillo, Coahuila; 25 de enero de 2026.- Con el objetivo de fortalecer la alimentaci\u00f3n y el desarrollo integral de la ni\u00f1ez coahuilense, el DIF Coahuila llev\u00f3 a cabo la entrega de equipo de cocina como parte del Programa de Alimentaci\u00f3n Escolar que fue puesto en marcha el a\u00f1o pasado por el gobernador Manolo Jim\u00e9nez Salinas.&nbsp; A trav\u00e9s de&#8230;<\/p>\n","protected":false},"author":1,"featured_media":30195,"comment_status":"closed","ping_status":"","sticky":false,"template":"","format":"standard","meta":{"footnotes":""},"categories":[5,26,15],"tags":[],"class_list":["post-30194","post","type-post","status-publish","format-standard","has-post-thumbnail","hentry","category-coahuila","category-dif","category-gobierno-de-coahuila","wpcat-5-id","wpcat-26-id","wpcat-15-id"],"_links":{"self":[{"href":"https:\/\/www.aquilaguna.com\/index.php\/wp-json\/wp\/v2\/posts\/30194","targetHints":{"allow":["GET"]}}],"collection":[{"href":"https:\/\/www.aquilaguna.com\/index.php\/wp-json\/wp\/v2\/posts"}],"about":[{"href":"https:\/\/www.aquilaguna.com\/index.php\/wp-json\/wp\/v2\/types\/post"}],"author":[{"embeddable":true,"href":"https:\/\/www.aquilaguna.com\/index.php\/wp-json\/wp\/v2\/users\/1"}],"replies":[{"embeddable":true,"href":"https:\/\/www.aquilaguna.com\/index.php\/wp-json\/wp\/v2\/comments?post=30194"}],"version-history":[{"count":1,"href":"https:\/\/www.aquilaguna.com\/index.php\/wp-json\/wp\/v2\/posts\/30194\/revisions"}],"predecessor-version":[{"id":30196,"href":"https:\/\/www.aquilaguna.com\/index.php\/wp-json\/wp\/v2\/posts\/30194\/revisions\/30196"}],"wp:featuredmedia":[{"embeddable":true,"href":"https:\/\/www.aquilaguna.com\/index.php\/wp-json\/wp\/v2\/media\/30195"}],"wp:attachment":[{"href":"https:\/\/www.aquilaguna.com\/index.php\/wp-json\/wp\/v2\/media?parent=30194"}],"wp:term":[{"taxonomy":"category","embeddable":true,"href":"https:\/\/www.aquilaguna.com\/index.php\/wp-json\/wp\/v2\/categories?post=30194"},{"taxonomy":"post_tag","embeddable":true,"href":"https:\/\/www.aquilaguna.com\/index.php\/wp-json\/wp\/v2\/tags?post=30194"}],"curies":[{"name":"wp","href":"https:\/\/api.w.org\/{rel}","templated":true}]}}