{"id":30197,"date":"2026-01-25T20:01:00","date_gmt":"2026-01-26T02:01:00","guid":{"rendered":"https:\/\/www.aquilaguna.com\/?p=30197"},"modified":"2026-01-25T20:01:00","modified_gmt":"2026-01-26T02:01:00","slug":"aqui-laguna-478","status":"publish","type":"post","link":"https:\/\/www.aquilaguna.com\/index.php\/2026\/01\/25\/aqui-laguna-478\/","title":{"rendered":"Aqu\u00ed Laguna."},"content":{"rendered":"\n<p>\u00a1Meten reversa! Vaya vaya, verg\u00fcenza parece afect\u00f3\u00a0a los\u00a0 Ministros de la nueva Suprema Corte de Justicia\u00a0 al mando de quien parece\u00a0remedo\u00a0de Don Benito Ju\u00e1rez, o as\u00ed nos lo han querido vender desde\u00a0la narrativa\u00a0impuesta por el nuevo r\u00e9gimen. Reculan pues\u00a0y renuncian, m\u00e1s de a fuerza que de ganas a contar con nuevos veh\u00edculos oficiales para su traslado en sus ocupaciones diarias, sometidos a la\u00a0metralla de la opini\u00f3n p\u00fablica y que seg\u00fan trascendi\u00f3\u00a0el costo de los nuevos\u00a0veh\u00edculos para igual n\u00famero de los nuevos Ministros, con un costo unitario que van seg\u00fan estimaci\u00f3n, de un mill\u00f3n 069 mil pesos hasta un mill\u00f3n 777,900 al que hab\u00eda que agregar el costo de su blindaje, que podr\u00eda haber\u00a0aumentado\u00a0a 3 millones de pesos por unidad. Y eso,\u00a0que no incluyeron informar sobre el costo de compra de los instrumentos con los que se arm\u00f3\u00a0el montaje\u00a0cual version alguna de \u00f3pera\u00a0 bufa, en la que pusieron como eje\u00a0la figura de\u00a0 Quetzalc\u00f3atl y los famosos\u00a0y rid\u00edculos &#8220;bastones de mando&#8221;, todo eso pasa\u00a0porque la transparencia, ese tema se ha\u00a0ido &#8220;al infinito y m\u00e1s all\u00e1&#8221;y quien sabe\u00a0c\u00f3mo y\u00a0cu\u00e1ndo diablos regrese a la vida mexicana.<\/p>\n\n\n\n<p>Y\u00a0de justicieros hablando, diremos que este mismo martes, el titular del Poder Judicial de\u00a0 Coahuila, el Licenciado Miguel Mery\u00a0Ayup\u00a0estar\u00e1 rindiendo\u00a0otro\u00a0informe de resultados al frente del mismo en acto programado para tener efecto en Saltillo,\u00a0al tiempo que con ello se inauguran las nuevas instalaciones que\u00a0exporfeso han sido constru\u00eddas\u00a0en este sexenio para albergar a quienes tienen bajo su encargo la impartici\u00f3n de Justicia. Se espera, claro es esperanza, que\u00a0el funcionario citado incluya\u00a0informar con precisi\u00f3n\u00a0la parte del presupuersto oficial\u00a0asignado para el cumplimiento de tales funciones, y del cual obvio se han de haber erogado x n\u00famero de millones para lograr, y claro que tal disposici\u00f3n\u00a0est\u00e1 m\u00e1s que justificada si se considera lo obsoleto que ya resultan para\u00a0contener\u00a0a los\u00a0juzgadores que tienen ubicaci\u00f3n en Saltillo, es decir\u00a0la \u00e9lite de tal grupo\u00a0y amigos, claro.<\/p>\n\n\n\n<p>Bien por tal inversi\u00f3n pero resta\u00a0esclarecerla,\u00a0por mera obligaci\u00f3n y de paso, ya esperamos este informante\u00a0lo que de tal prespuesto se ejerce en Torre\u00f3n con\u00a0la creacion de un obvio &#8220;Distrito Judicial&#8221;, el arrendamiento que registra\u00a0el \u00e1rea donde\u00a0se instalar\u00e1 el grupo principal de la Sala Regional,\u00a0y tiempo de arrendamiento, inversi\u00f3n para su adecuaci\u00f3n, as\u00ed como\u00a0la compra y acondicionamiento en obra para contener un estacionamiento ad hoc, as\u00ed como\u00a0el t\u00e9rmino de tal obra, pues por ac\u00e1, no hay quien diga \u00e9sta boca es m\u00eda sobre el tema, puras especulaciones, que da\u00f1an sin duda\u00a0el objetivo, la intenci\u00f3n de la obra. <\/p>\n\n\n\n<p>Y en el tema de la justicia,\u00a0no solo de la impartici\u00f3n\u00a0de la justicia, sino esa que\u00a0el pueblo llano asume cual si fuera\u00a0asunto m\u00e1gico y no\u00a0proceso a cargo de\u00a0 instituciones y sus titulares. Esta semana, hemos visto transcurrir el caso donde result\u00f3 muerto\u00a0un joven de\u00a0solo 24 a\u00f1os, Cris Hern\u00e1n Renteria P\u00e9rez, vecino de la colonia Las Fuentes, como modesto vendedor minorista, por las redes sociales como espacio; celebrar su cumplea\u00f1os en Mister Rabbit, al parecer sin recursos suficientes para asumir su consumo, punto que le gener\u00f3 finalmente\u00a0el costo de su vida.\u00a0 El hecho y su narrativa mantuvo la atencion p\u00fablica por breves d\u00edas,\u00a0y mostr\u00f3 que eso de la coordinaci\u00f3n es asunto\u00a0mas que complejo, pues en algunos casos es inexistente.<\/p>\n\n\n\n<p>Los protoclos que\u00a0han de existir, no solo en el bar citado, ubicado ya sabe, en el Distrito Col\u00f3n, la participaci\u00f3n de elementos de la Direcci\u00f3n de Seguridad P\u00fablica, y\u00a0que tras ser detenido\u00a0por \u00e9stos, fuera trasladado al Centro de Justicia Municipal, y de ah\u00ed, a\u00a0las instalaciones\u00a0a la\u00a0Cruz Roja y de ah\u00ed, rumbo a su muerte.<\/p>\n\n\n\n<p>Este hecho, que levanto \u00e1mpula en la opinion p\u00fablica, no solo en redes sociales, y cuya narrativa conocida se\u00a0di\u00f3 a trav\u00e9s del Fiscal General de Justicia, quien\u00a0ante\u00a0el rumbo que\u00a0alcanzaba\u00a0el caso, tom\u00f3 bajo su responsabilidad\u00a0el dar la cara y\u00a0tomar control en tal narrativa,\u00a0y una vez que la movilizaci\u00f3n de la familia, amigos y\u00a0ciudadanos\u00a0emplazaban a la titular del Centro de Justicia Municipal Martha Rodr\u00edguez, la presentacion de pruebas de que en tal sitio no se hab\u00eda registrado golpiza alguna por parte de sus celadores y que\u00a0tal situaci\u00f3n fue frenada, debido a que el Fiscal Fern\u00e1ndez Monta\u00f1ez apacigu\u00f3 tras haber presentado los videos\u00a0que muestran que el joven no recibi\u00f3 golpiza alguna, sino que resbal\u00f3 -no dijo en\u00a0 que sitio ocurri\u00f3 tal hecho-, y se caus\u00f3 el golpe que probablemente -no se conoce aun\u00a0la causa, tras\u00a0la autopsia de rigor-, que\u00a0gener\u00f3 su deceso, es decir, exhoner\u00f3 de sospecha\u00a0o\u00a0sospechosismo alguno\u00a0no solo al trabajadores de Mister Rabbit y funcionarios y celadores del Centro de Justicia, y de paso a los elementos\u00a0de la policia que\u00a0realizaron la detenci\u00f3n y traslado del\u00a0 joven, al tema que amenazaba con desbordarse y se lleg\u00f3 a m\u00e1s, al\u00a0 presentar y sostener de manera p\u00fablica la se\u00f1ora madre del fallecido, en la que \u00e9sta se dio por satisfecha por\u00a0los videos presentados y con\u00a0ello\u00a0se &#8220;despanzurro&#8221;\u00a0el tema, cobr\u00f3 importancia sin duda en el\u00a0sensible clima pol\u00edtico electoral que se empieza a vivir en la Laguna, y en donde quisieron, pero no pudieron sacar\u00a0&#8220;raja&#8221;, como se dice, ya saben Ustedes el se\u00f1or Atollini,\u00a0un Shamir Fern\u00e1ndez y sobe todo, Luis Fernando Salazar, a quien no les fue nada bien en tal intentona, pues fueron m\u00e1s que tundidos en las redes sociales por el obvio oportunismo mostrado.<\/p>\n\n\n\n<p>Con todo y ello es oportuno revisar\u00a0 a fondo los diversos protocolos\u00a0 existentes\u00a0en\u00a0los organismos involucrados en estos casos, donde intervienen\u00a0guardias de seguridad, elementos de polic\u00eda, celadores del Centro de Justicia, incluso\u00a0los vigentes en la Cruz\u00a0 Roja, y el establecimiento\u00a0de coordinaci\u00f3n\u00a0m\u00ednima en tales instancias, que deben mostrarse los &#8220;partes informativos&#8221; oficiales iniciales\u00a0y que coordinados\u00a0 por el \u00e1rea de Comunicaci\u00f3n\u00a0Social del municpio, hubieran podido evitar que la narrativa generada desde la ciudad capital, aumentara las confusiones y\u00a0versiones interesadas, por el alto n\u00famero de personajes involucrados\u00a0no en los hechos sino en\u00a0el complejo entramado de relaciones &#8220;peligrosas&#8221; que han ido develando el caso lo que ha\u00a0ocasionado descontrol y sobre todo desconfianza\u00a0versus la autoridad local. En espera pues que la muerte del joven Renter\u00eda P\u00e9rez deje\u00a0algo positivo. No m\u00e1s, pero no menos. \u00a0 <\/p>\n\n\n\n<p>De se\u00f1alar, sin duda, la notable ausencia de la Licenciada Martha Rodr\u00edguez , Directora del Centro de Justicia Muncipal, para darla cara\u00a0no solo ante los padres del fallecido, sino de la opinion p\u00fablica, para explicar\u00a0como sucedieron\u00a0los hechos citados, supuestamente en el interior, sobre todo, cuando ya van tres\u00a0asuntos como el registrado el pasado fin de semana, en tales\u00a0instalaciones&#8230;<\/p>\n\n\n\n<p>Y\u00a0seg\u00fan pron\u00f3stico, ya saben, de metere\u00f3logos\u00a0especialistas,\u00a0auguran, anticipan pues que el fr\u00edo, muy fr\u00edo privar\u00e1 sobre cielos y tierras norte\u00f1as, entre estas, las que hoy habitamos y en la que los principales\u00a0 afectados resultan se nuestros peque\u00f1os y los viejos.<\/p>\n","protected":false},"excerpt":{"rendered":"<p>\u00a1Meten reversa! Vaya vaya, verg\u00fcenza parece afect\u00f3\u00a0a los\u00a0 Ministros de la nueva Suprema Corte de Justicia\u00a0 al mando de quien parece\u00a0remedo\u00a0de Don Benito Ju\u00e1rez, o as\u00ed nos lo han querido vender desde\u00a0la narrativa\u00a0impuesta por el nuevo r\u00e9gimen. Reculan pues\u00a0y renuncian, m\u00e1s de a fuerza que de ganas a contar con nuevos veh\u00edculos oficiales para su traslado en sus ocupaciones diarias, sometidos a la\u00a0metralla de la opini\u00f3n p\u00fablica y que seg\u00fan&#8230;<\/p>\n","protected":false},"author":2,"featured_media":0,"comment_status":"closed","ping_status":"","sticky":false,"template":"","format":"standard","meta":{"footnotes":""},"categories":[8],"tags":[],"class_list":["post-30197","post","type-post","status-publish","format-standard","hentry","category-aqui-laguna","wpcat-8-id"],"_links":{"self":[{"href":"https:\/\/www.aquilaguna.com\/index.php\/wp-json\/wp\/v2\/posts\/30197","targetHints":{"allow":["GET"]}}],"collection":[{"href":"https:\/\/www.aquilaguna.com\/index.php\/wp-json\/wp\/v2\/posts"}],"about":[{"href":"https:\/\/www.aquilaguna.com\/index.php\/wp-json\/wp\/v2\/types\/post"}],"author":[{"embeddable":true,"href":"https:\/\/www.aquilaguna.com\/index.php\/wp-json\/wp\/v2\/users\/2"}],"replies":[{"embeddable":true,"href":"https:\/\/www.aquilaguna.com\/index.php\/wp-json\/wp\/v2\/comments?post=30197"}],"version-history":[{"count":1,"href":"https:\/\/www.aquilaguna.com\/index.php\/wp-json\/wp\/v2\/posts\/30197\/revisions"}],"predecessor-version":[{"id":30198,"href":"https:\/\/www.aquilaguna.com\/index.php\/wp-json\/wp\/v2\/posts\/30197\/revisions\/30198"}],"wp:attachment":[{"href":"https:\/\/www.aquilaguna.com\/index.php\/wp-json\/wp\/v2\/media?parent=30197"}],"wp:term":[{"taxonomy":"category","embeddable":true,"href":"https:\/\/www.aquilaguna.com\/index.php\/wp-json\/wp\/v2\/categories?post=30197"},{"taxonomy":"post_tag","embeddable":true,"href":"https:\/\/www.aquilaguna.com\/index.php\/wp-json\/wp\/v2\/tags?post=30197"}],"curies":[{"name":"wp","href":"https:\/\/api.w.org\/{rel}","templated":true}]}}