{"id":30205,"date":"2026-01-26T18:48:54","date_gmt":"2026-01-27T00:48:54","guid":{"rendered":"https:\/\/www.aquilaguna.com\/?p=30205"},"modified":"2026-01-26T18:48:54","modified_gmt":"2026-01-27T00:48:54","slug":"ante-pronostico-de-pc-sobre-continuacion-de-la-presencia-de-masa-de-aire-polar-el-martes-27-de-enero-se-suspenden-clases-en-las-regiones-norte-carbonifera-y-centro-desierto","status":"publish","type":"post","link":"https:\/\/www.aquilaguna.com\/index.php\/2026\/01\/26\/ante-pronostico-de-pc-sobre-continuacion-de-la-presencia-de-masa-de-aire-polar-el-martes-27-de-enero-se-suspenden-clases-en-las-regiones-norte-carbonifera-y-centro-desierto\/","title":{"rendered":"ANTE PRON\u00d3STICO DE PC\u00a0\u00a0SOBRE CONTINUACI\u00d3N DE LA PRESENCIA DE MASA DE AIRE POLAR, EL MARTES 27 DE ENERO SE SUSPENDEN CLASES EN LAS REGIONES NORTE, CARBON\u00cdFERA Y CENTRO-DESIERTO."},"content":{"rendered":"\n<p>\u00b7&nbsp;&nbsp;&nbsp;&nbsp;&nbsp;&nbsp;<em>En las region Sureste se recorre el horario para entrar a las 9:00 hrs<\/em><\/p>\n\n\n\n<p>Saltillo, Coahuila; 26 de enero de 2026.- La Secretar\u00eda de Educaci\u00f3n de Coahuila da a conocer que, de acuerdo a la informaci\u00f3n que emiten las autoridades de Protecci\u00f3n Civil, en la que se indica que continuar\u00e1 la presencia de una masa de aire polar en diversas regiones del estado y considerando los riesgos que se pueden presentar, se informa que para el martes 27 de enero de&nbsp;&nbsp;2026 se suspenden las clases presenciales en todos los niveles educativos de las regiones Norte, Carbon\u00edfera y Centro-Desierto del estado.&nbsp;<\/p>\n\n\n\n<p>Para la region Sureste, en esta misma fecha, se recorre el horario de entrada a clases presenciales de los niveles de primaria y secundaria para las 09:00 horas. Para la region Laguna se operar\u00e1 con normalidad.&nbsp;<\/p>\n\n\n\n<p>Dichas medidas se emiten con la finalidad de salvaguardar el bienestar f\u00edsico del alumnado, padres de familia, personal docente, administrativo y de apoyo.<\/p>\n\n\n\n<p>En el caso de las escuelas particulares se aplicar\u00e1n sus propios criterios, manteniendo comunicaci\u00f3n cercana al respecto con sus alumnos y padres de familia.<\/p>\n\n\n\n<p>Se invita a la comunidad educativa a atender las recomendaciones de la p\u00e1gina oficial del Gobierno del Estado de Coahuila y de Protecci\u00f3n Civil.<\/p>\n","protected":false},"excerpt":{"rendered":"<p>\u00b7&nbsp;&nbsp;&nbsp;&nbsp;&nbsp;&nbsp;En las region Sureste se recorre el horario para entrar a las 9:00 hrs Saltillo, Coahuila; 26 de enero de 2026.- La Secretar\u00eda de Educaci\u00f3n de Coahuila da a conocer que, de acuerdo a la informaci\u00f3n que emiten las autoridades de Protecci\u00f3n Civil, en la que se indica que continuar\u00e1 la presencia de una masa de aire polar en diversas regiones del estado y considerando los riesgos que se pueden&#8230;<\/p>\n","protected":false},"author":1,"featured_media":0,"comment_status":"closed","ping_status":"","sticky":false,"template":"","format":"standard","meta":{"footnotes":""},"categories":[27,5,9,15],"tags":[],"class_list":["post-30205","post","type-post","status-publish","format-standard","hentry","category-clima","category-coahuila","category-educacion","category-gobierno-de-coahuila","wpcat-27-id","wpcat-5-id","wpcat-9-id","wpcat-15-id"],"_links":{"self":[{"href":"https:\/\/www.aquilaguna.com\/index.php\/wp-json\/wp\/v2\/posts\/30205","targetHints":{"allow":["GET"]}}],"collection":[{"href":"https:\/\/www.aquilaguna.com\/index.php\/wp-json\/wp\/v2\/posts"}],"about":[{"href":"https:\/\/www.aquilaguna.com\/index.php\/wp-json\/wp\/v2\/types\/post"}],"author":[{"embeddable":true,"href":"https:\/\/www.aquilaguna.com\/index.php\/wp-json\/wp\/v2\/users\/1"}],"replies":[{"embeddable":true,"href":"https:\/\/www.aquilaguna.com\/index.php\/wp-json\/wp\/v2\/comments?post=30205"}],"version-history":[{"count":1,"href":"https:\/\/www.aquilaguna.com\/index.php\/wp-json\/wp\/v2\/posts\/30205\/revisions"}],"predecessor-version":[{"id":30206,"href":"https:\/\/www.aquilaguna.com\/index.php\/wp-json\/wp\/v2\/posts\/30205\/revisions\/30206"}],"wp:attachment":[{"href":"https:\/\/www.aquilaguna.com\/index.php\/wp-json\/wp\/v2\/media?parent=30205"}],"wp:term":[{"taxonomy":"category","embeddable":true,"href":"https:\/\/www.aquilaguna.com\/index.php\/wp-json\/wp\/v2\/categories?post=30205"},{"taxonomy":"post_tag","embeddable":true,"href":"https:\/\/www.aquilaguna.com\/index.php\/wp-json\/wp\/v2\/tags?post=30205"}],"curies":[{"name":"wp","href":"https:\/\/api.w.org\/{rel}","templated":true}]}}