{"id":30213,"date":"2026-01-26T21:17:49","date_gmt":"2026-01-27T03:17:49","guid":{"rendered":"https:\/\/www.aquilaguna.com\/?p=30213"},"modified":"2026-01-26T21:17:49","modified_gmt":"2026-01-27T03:17:49","slug":"dan-a-conocer-calendario-electoral-para-coahuila","status":"publish","type":"post","link":"https:\/\/www.aquilaguna.com\/index.php\/2026\/01\/26\/dan-a-conocer-calendario-electoral-para-coahuila\/","title":{"rendered":"Dan a conocer calendario electoral para Coahuila."},"content":{"rendered":"\n<p>Torre\u00f3n, Coahuila.- La diputada\u00a0federal y lideresa del PRI en este municipio, Ver\u00f3nica Mart\u00ednez, dio a conocer el calendario electoral\u00a0de el proceso intermedio en Coahuila, y que ya se encuentra en marcha.<\/p>\n\n\n\n<p>Indic\u00f3 que, el d\u00eda 30 de enero de este a\u00f1o, termina\u00a0el tiempo\u00a0que la ley electoral vigente fija como l\u00edmite para que se registren alianzas interpartidistas si\u00a0es que la hay.\u00a0<\/p>\n\n\n\n<p>&#8220;Nosotros, estaremos en espera de que el Comit\u00e9 Directivo Estatal nos informe sobre los Acuerdos, o las decisiones\u00a0que se tomen sobre la pr\u00f3xima elecci\u00f3n de junio\u00a0de este a\u00f1o&#8221;.<\/p>\n\n\n\n<p>Ser\u00e1 en marco, agreg\u00f3, &#8220;cuando se realicen las precampa\u00f1as para\u00a0quienes as\u00ed\u00a0se decidan. Creo que hay otros partidos que ya se adelantaron y est\u00e1n en riesgo de ser sancionados, o\u00a0impugnados por actos anticipados de campa\u00f1a&#8221;.<\/p>\n\n\n\n<p>&#8220;Nosotros estaremos siempre respetuosos\u00a0de la ley. En febrero estaremos dando los\u00a0Informes legislativos. Hoy nos declaramos listos y fuertes\u00a0unidos para darle con todo\u00a0en el pr\u00f3ximo proceso&#8221;.\u00a0<\/p>\n\n\n\n<p>Preguntada sobre\u00a0los candidatos que su partido estar\u00e1 postulando, afirm\u00f3 que\u00a0&#8220;primero\u00a0habr\u00e1 de definir los tiempos que marca la ley&#8221;.\u00a0<\/p>\n\n\n\n<p>&#8220;Nosotros, estamos esperando que el CDE decida\u00a0y defina sobre posibles alianzas\u00a0que pudieran darse\u00a0y con ello, lo que se tenga que hacer y haya definiciones\u00a0para\u00a0conocer quienes encabezar\u00e1n los diferentes Distritos en el Estado de Coahuila&#8221;.<\/p>\n\n\n\n<p>&#8220;Vamos\u00a0a esperar los tiempos, y por supuesto estaremos cumpliendo con lo que marca la ley, en\u00a0el tema de\u00a0igualdad de Genero, y lo que si puedo garantizar\u00a0es que iran cuadros\u00a0competitivos, con experiencia, con trabajo, pero sobre trodo, que dar\u00e1n resultados&#8221;.\u00a0<\/p>\n\n\n\n<p>Reiter\u00f3 que ser\u00e1 a partir de el d\u00eda 31 de enero, cuando se peuda conocer si iran en alianza o no con otros partidos, para luego el CDE baje l\u00ednea y saber\u00a0quienes ser\u00e1n los abanderados.<\/p>\n\n\n\n<p>En cuanto a los tiempos de renuncias\u00a0de quienes vayan a participar en el proceso electoral ya en marcha en busca de su posible reelecci\u00f3n\u00a0y que por ahora ocupen\u00a0cargo de representaci\u00f3n popular o encomiendas burocr\u00e1ticas, tendr\u00e1n como fecha limite para tal acci\u00f3n, el d\u00eda 18 de febrero.<\/p>\n\n\n\n<p>Indic\u00f3 luego que ser\u00e1 el d\u00eda 30 de enero cuando se concluya como fecha limite el plazo para\u00a0signar alianzas partidistas.\u00a0<\/p>\n\n\n\n<p>Y luego, del primero al 20 de marzo,\u00a0ser\u00e1 el tiempo para realizar precampa\u00f1as, el registro de candidatos, del 20 al 25 de abril, y del 5 de mayo al 3 de junio\u00a0el periodo para realizar\u00a0campa\u00f1a constitucional, culminando el domingo 7 de junio el proceso en marcha.<\/p>\n\n\n\n<p>Por\u00a0 su parte, el Licenciado Felipe Gonz\u00e1lez,\u00a0expres\u00f3 su opini\u00f3n sobre el clima pol\u00edtico que prevalece en estos d\u00edas en Torre\u00f3n,\u00a0 afirmando que, &#8220;lo veo muy bien, pues todo lo medible\u00a0arroja\u00a0resultados muy positivos&#8221;.\u00a0<\/p>\n","protected":false},"excerpt":{"rendered":"<p>Torre\u00f3n, Coahuila.- La diputada\u00a0federal y lideresa del PRI en este municipio, Ver\u00f3nica Mart\u00ednez, dio a conocer el calendario electoral\u00a0de el proceso intermedio en Coahuila, y que ya se encuentra en marcha. Indic\u00f3 que, el d\u00eda 30 de enero de este a\u00f1o, termina\u00a0el tiempo\u00a0que la ley electoral vigente fija como l\u00edmite para que se registren alianzas interpartidistas si\u00a0es que la hay.\u00a0 &#8220;Nosotros, estaremos en espera de que el Comit\u00e9 Directivo Estatal&#8230;<\/p>\n","protected":false},"author":2,"featured_media":0,"comment_status":"closed","ping_status":"","sticky":false,"template":"","format":"standard","meta":{"footnotes":""},"categories":[5,28,16,7],"tags":[],"class_list":["post-30213","post","type-post","status-publish","format-standard","hentry","category-coahuila","category-la-laguna","category-pri","category-torreon","wpcat-5-id","wpcat-28-id","wpcat-16-id","wpcat-7-id"],"_links":{"self":[{"href":"https:\/\/www.aquilaguna.com\/index.php\/wp-json\/wp\/v2\/posts\/30213","targetHints":{"allow":["GET"]}}],"collection":[{"href":"https:\/\/www.aquilaguna.com\/index.php\/wp-json\/wp\/v2\/posts"}],"about":[{"href":"https:\/\/www.aquilaguna.com\/index.php\/wp-json\/wp\/v2\/types\/post"}],"author":[{"embeddable":true,"href":"https:\/\/www.aquilaguna.com\/index.php\/wp-json\/wp\/v2\/users\/2"}],"replies":[{"embeddable":true,"href":"https:\/\/www.aquilaguna.com\/index.php\/wp-json\/wp\/v2\/comments?post=30213"}],"version-history":[{"count":1,"href":"https:\/\/www.aquilaguna.com\/index.php\/wp-json\/wp\/v2\/posts\/30213\/revisions"}],"predecessor-version":[{"id":30214,"href":"https:\/\/www.aquilaguna.com\/index.php\/wp-json\/wp\/v2\/posts\/30213\/revisions\/30214"}],"wp:attachment":[{"href":"https:\/\/www.aquilaguna.com\/index.php\/wp-json\/wp\/v2\/media?parent=30213"}],"wp:term":[{"taxonomy":"category","embeddable":true,"href":"https:\/\/www.aquilaguna.com\/index.php\/wp-json\/wp\/v2\/categories?post=30213"},{"taxonomy":"post_tag","embeddable":true,"href":"https:\/\/www.aquilaguna.com\/index.php\/wp-json\/wp\/v2\/tags?post=30213"}],"curies":[{"name":"wp","href":"https:\/\/api.w.org\/{rel}","templated":true}]}}