{"id":30220,"date":"2026-01-27T18:36:50","date_gmt":"2026-01-28T00:36:50","guid":{"rendered":"https:\/\/www.aquilaguna.com\/?p=30220"},"modified":"2026-01-27T18:36:50","modified_gmt":"2026-01-28T00:36:50","slug":"forma-parte-de-la-comunidad-academica-de-la-faff-y-estudia-administracion-fiscal-o-administracion-financiera","status":"publish","type":"post","link":"https:\/\/www.aquilaguna.com\/index.php\/2026\/01\/27\/forma-parte-de-la-comunidad-academica-de-la-faff-y-estudia-administracion-fiscal-o-administracion-financiera\/","title":{"rendered":"Forma Parte de la Comunidad Acad\u00e9mica de la FAFF y Estudia Administraci\u00f3n Fiscal o Administraci\u00f3n Financiera."},"content":{"rendered":"\n<p>TORRE\u00d3N, Coahuila. 27 de enero de 2026. La Facultad de Administraci\u00f3n Fiscal y<br>Financiera (FAFF) de la Universidad Aut\u00f3noma de Coahuila en la Unidad Laguna,<br>invita a formar parte de su comunidad acad\u00e9mica a trav\u00e9s de las licenciaturas en<br>Administraci\u00f3n Fiscal y Administraci\u00f3n Financiera, con un plan de estudio<br>vanguardista, dise\u00f1ado para dominar los retos del entorno econ\u00f3mico actual,<br>optimizando la salud financiera de las organizaciones y liderar en el \u00e1mbito de las<br>pol\u00edticas fiscales.<\/p>\n\n\n\n<p>La y el licenciado en Administraci\u00f3n Fiscal es el profesional de las \u00e1reas tributarias<br>de los tres \u00f3rdenes de Gobierno: federal, estatal y municipal, que analiza e interpreta<br>los estados financieros para efecto de la toma de decisiones en lo referente a las<br>disposiciones fiscales.<\/p>\n\n\n\n<p>Mientras que, el profesional en Administraci\u00f3n Financiera se enfoca en las<br>inversiones y de las finanzas p\u00fablicas y privadas, que domina los mercados de<br>valores e instrumentos de captaci\u00f3n de recursos econ\u00f3micos, adem\u00e1s de conocer y<br>aplicar la normatividad, circulares y reglamentos inherentes a su entorno laboral y<br>profesional.<\/p>\n\n\n\n<p>Ambos est\u00e1n capacitados para investigar la problem\u00e1tica de las finanzas y de los<br>negocios en materia fiscal, dise\u00f1ar pol\u00edticas de formaci\u00f3n futura de capital humano e<br>intelectual, as\u00ed como el manejo \u00f3ptimo de los recursos de la organizaci\u00f3n y se<br>caracteriza por ser solidario con su entorno social.<\/p>\n\n\n\n<p>A lo largo de los ocho semestres que dura la carrera, los estudiantes desarrollar\u00e1n<br>habilidades y destrezas al cursar materias como Contabilidad Financiera,<br>Fundamentos del Derecho, Matem\u00e1ticas Financieras, Matem\u00e1ticas para los<br>negocios, Psicolog\u00eda Social, Administraci\u00f3n de Recursos Humanos, Finanzas<br>Internacionales, entre otras.<\/p>\n\n\n\n<p>Al concluir su formaci\u00f3n profesional, los egresados de la Licenciatura en<br>Administraci\u00f3n Fiscal podr\u00e1n desempe\u00f1arse en organismos del sector p\u00fablico como<br>el Servicio de Administraci\u00f3n Tributaria (SAT), la Secretar\u00eda de Hacienda y Cr\u00e9dito<br>P\u00fablico, el Instituto Mexicano de Seguro Social (IMSS), en la iniciativa privada<br>pueden ejercer en despachos de consultor\u00eda o asesor\u00eda fiscal, entre otros, ya que su<br>especialidad le permite participar en todo tipo de negocios.<\/p>\n\n\n\n<p>Los profesionales en Administraci\u00f3n Financiera, podr\u00e1n trabajar en empresas y<br>organismos del sector p\u00fablico y privado, tesorer\u00edas generales de los estados,<br>instituciones bancarias, sistema de cr\u00e9dito y fideicomisos, sociedades mercantiles e<br>industriales o de servicios, tambi\u00e9n como profesionistas independientes en<br>despachos de consultor\u00eda y asesor\u00eda financiera, y con grandes aptitudes para<br>emprender su propia empresa.<\/p>\n\n\n\n<p>El registro para ficha de admisi\u00f3n en la UAdeC, vence el 30 de enero de 2026 en<br><a href=\"http:\/\/www.uadec.mx\/admisiones\/\" target=\"_blank\" rel=\"noreferrer noopener\">www.uadec.mx\/admisiones\/<\/a> para m\u00e1s informaci\u00f3n los interesados pueden enviar un<br>mensaje a trav\u00e9s del Whatsapp 871 1398228, en las redes sociales Facebook:<br>Somos FAFF e Instagram: somos FAFF, o acudir a las instalaciones de la Facultad<br>de Administraci\u00f3n Fiscal y Financiera, ubicada en Ciudad Universitaria de la UAdeC<br>en Carretera Torre\u00f3n-Matamoros km 7.5, en Torre\u00f3n, Coahuila.<\/p>\n","protected":false},"excerpt":{"rendered":"<p>TORRE\u00d3N, Coahuila. 27 de enero de 2026. La Facultad de Administraci\u00f3n Fiscal yFinanciera (FAFF) de la Universidad Aut\u00f3noma de Coahuila en la Unidad Laguna,invita a formar parte de su comunidad acad\u00e9mica a trav\u00e9s de las licenciaturas enAdministraci\u00f3n Fiscal y Administraci\u00f3n Financiera, con un plan de estudiovanguardista, dise\u00f1ado para dominar los retos del entorno econ\u00f3mico actual,optimizando la salud financiera de las organizaciones y liderar en el \u00e1mbito de laspol\u00edticas fiscales. La&#8230;<\/p>\n","protected":false},"author":1,"featured_media":30221,"comment_status":"closed","ping_status":"","sticky":false,"template":"","format":"standard","meta":{"footnotes":""},"categories":[7,2],"tags":[],"class_list":["post-30220","post","type-post","status-publish","format-standard","has-post-thumbnail","hentry","category-torreon","category-uadec","wpcat-7-id","wpcat-2-id"],"_links":{"self":[{"href":"https:\/\/www.aquilaguna.com\/index.php\/wp-json\/wp\/v2\/posts\/30220","targetHints":{"allow":["GET"]}}],"collection":[{"href":"https:\/\/www.aquilaguna.com\/index.php\/wp-json\/wp\/v2\/posts"}],"about":[{"href":"https:\/\/www.aquilaguna.com\/index.php\/wp-json\/wp\/v2\/types\/post"}],"author":[{"embeddable":true,"href":"https:\/\/www.aquilaguna.com\/index.php\/wp-json\/wp\/v2\/users\/1"}],"replies":[{"embeddable":true,"href":"https:\/\/www.aquilaguna.com\/index.php\/wp-json\/wp\/v2\/comments?post=30220"}],"version-history":[{"count":1,"href":"https:\/\/www.aquilaguna.com\/index.php\/wp-json\/wp\/v2\/posts\/30220\/revisions"}],"predecessor-version":[{"id":30222,"href":"https:\/\/www.aquilaguna.com\/index.php\/wp-json\/wp\/v2\/posts\/30220\/revisions\/30222"}],"wp:featuredmedia":[{"embeddable":true,"href":"https:\/\/www.aquilaguna.com\/index.php\/wp-json\/wp\/v2\/media\/30221"}],"wp:attachment":[{"href":"https:\/\/www.aquilaguna.com\/index.php\/wp-json\/wp\/v2\/media?parent=30220"}],"wp:term":[{"taxonomy":"category","embeddable":true,"href":"https:\/\/www.aquilaguna.com\/index.php\/wp-json\/wp\/v2\/categories?post=30220"},{"taxonomy":"post_tag","embeddable":true,"href":"https:\/\/www.aquilaguna.com\/index.php\/wp-json\/wp\/v2\/tags?post=30220"}],"curies":[{"name":"wp","href":"https:\/\/api.w.org\/{rel}","templated":true}]}}