{"id":30223,"date":"2026-01-27T18:38:27","date_gmt":"2026-01-28T00:38:27","guid":{"rendered":"https:\/\/www.aquilaguna.com\/?p=30223"},"modified":"2026-01-27T18:38:27","modified_gmt":"2026-01-28T00:38:27","slug":"invitan-a-formar-parte-del-taller-de-psicologia-infantil-mentes-brillantes","status":"publish","type":"post","link":"https:\/\/www.aquilaguna.com\/index.php\/2026\/01\/27\/invitan-a-formar-parte-del-taller-de-psicologia-infantil-mentes-brillantes\/","title":{"rendered":"Invitan a formar parte del taller de psicolog\u00eda infantil \u201cMentes Brillantes\u201d."},"content":{"rendered":"\n<p>Torre\u00f3n, Coahuila a 27 de enero de 2026.<\/p>\n\n\n\n<p>Con el prop\u00f3sito de promover la salud emocional y el desarrollo integral de la<br>ni\u00f1ez, el departamento de Psicolog\u00eda de la Direcci\u00f3n de Salud P\u00fablica Municipal,<br>invita a ni\u00f1as y ni\u00f1os a formar parte del taller \u201cMentes brillantes\u201d.<\/p>\n\n\n\n<p>Jos\u00e9 Manuel Riveroll Duarte, director de Salud P\u00fablica Municipal, indic\u00f3 que dicho<br>taller est\u00e1 orientado en la psicolog\u00eda infantil y su acompa\u00f1amiento emocional en<br>un entorno seguro, positivo y profesional, bajo la atenci\u00f3n de personal<br>especializado.<\/p>\n\n\n\n<p>\u201cEl taller iniciar\u00e1 el pr\u00f3ximo mi\u00e9rcoles 4 de febrero de 12:00 a 13:30 horas, y est\u00e1<br>dirigido a ni\u00f1as y ni\u00f1os de entre seis y 12 a\u00f1os de edad.<\/p>\n\n\n\n<p>El temario contempla una duraci\u00f3n de 10 meses durante los cuales se<br>desarrollar\u00e1n contenidos fundamentales para el fortalecimiento emocional, social y<br>personal de las y los participantes\u201d, mencion\u00f3 Riveroll Duarte.<\/p>\n\n\n\n<p>Entre los temas que se abordar\u00e1n se encuentran: desarrollo emocional,<br>identificaci\u00f3n de emociones b\u00e1sicas, autoestima y autoconocimiento y empat\u00eda.<br>As\u00ed como conciencia emocional, manejo adecuado de las emociones, tolerancia a<br>la frustraci\u00f3n, t\u00e9cnicas para canalizar el estr\u00e9s y la ansiedad, tipos de<br>comunicaci\u00f3n, prevenci\u00f3n del bullying, diversidad de estructuras familiares, uso<br>responsable de redes sociales y prevenci\u00f3n del abuso infantil, entre otros.<\/p>\n\n\n\n<p>Dichos contenidos ser\u00e1n abordados a trav\u00e9s de actividades recreativas y<br>formativas, algunas de ellas realizadas fuera de las instalaciones de Salud P\u00fablica<br>Municipal, con el objetivo de favorecer un aprendizaje integral y significativo.<\/p>\n\n\n\n<p>El costo por sesi\u00f3n es de 64 pesos, sin embargo, la instrucci\u00f3n del alcalde Rom\u00e1n<br>Alberto Cepeda Gonz\u00e1lez, en atenci\u00f3n a su compromiso con las infancias de<br>Torre\u00f3n, es que se busque apoyar a toda la poblaci\u00f3n, por lo que en aquellos<br>casos en los que las personas interesadas no cuenten con los recursos<br>econ\u00f3micos necesarios, se canalizar\u00e1 al \u00e1rea de Trabajo Social para buscar que<br>le sea condonado el pago del servicio.<\/p>\n\n\n\n<p>Para mayor informaci\u00f3n, se pone a disposici\u00f3n de la ciudadan\u00eda los tel\u00e9fonos 87<br>1500 7200 y 871 127 9587, as\u00ed como la p\u00e1gina oficial en Facebook Salud P\u00fablica<br>Municipal.<\/p>\n","protected":false},"excerpt":{"rendered":"<p>Torre\u00f3n, Coahuila a 27 de enero de 2026. Con el prop\u00f3sito de promover la salud emocional y el desarrollo integral de lani\u00f1ez, el departamento de Psicolog\u00eda de la Direcci\u00f3n de Salud P\u00fablica Municipal,invita a ni\u00f1as y ni\u00f1os a formar parte del taller \u201cMentes brillantes\u201d. Jos\u00e9 Manuel Riveroll Duarte, director de Salud P\u00fablica Municipal, indic\u00f3 que dichotaller est\u00e1 orientado en la psicolog\u00eda infantil y su acompa\u00f1amiento emocional enun entorno seguro, positivo&#8230;<\/p>\n","protected":false},"author":1,"featured_media":30224,"comment_status":"closed","ping_status":"","sticky":false,"template":"","format":"standard","meta":{"footnotes":""},"categories":[5,28,7],"tags":[],"class_list":["post-30223","post","type-post","status-publish","format-standard","has-post-thumbnail","hentry","category-coahuila","category-la-laguna","category-torreon","wpcat-5-id","wpcat-28-id","wpcat-7-id"],"_links":{"self":[{"href":"https:\/\/www.aquilaguna.com\/index.php\/wp-json\/wp\/v2\/posts\/30223","targetHints":{"allow":["GET"]}}],"collection":[{"href":"https:\/\/www.aquilaguna.com\/index.php\/wp-json\/wp\/v2\/posts"}],"about":[{"href":"https:\/\/www.aquilaguna.com\/index.php\/wp-json\/wp\/v2\/types\/post"}],"author":[{"embeddable":true,"href":"https:\/\/www.aquilaguna.com\/index.php\/wp-json\/wp\/v2\/users\/1"}],"replies":[{"embeddable":true,"href":"https:\/\/www.aquilaguna.com\/index.php\/wp-json\/wp\/v2\/comments?post=30223"}],"version-history":[{"count":1,"href":"https:\/\/www.aquilaguna.com\/index.php\/wp-json\/wp\/v2\/posts\/30223\/revisions"}],"predecessor-version":[{"id":30225,"href":"https:\/\/www.aquilaguna.com\/index.php\/wp-json\/wp\/v2\/posts\/30223\/revisions\/30225"}],"wp:featuredmedia":[{"embeddable":true,"href":"https:\/\/www.aquilaguna.com\/index.php\/wp-json\/wp\/v2\/media\/30224"}],"wp:attachment":[{"href":"https:\/\/www.aquilaguna.com\/index.php\/wp-json\/wp\/v2\/media?parent=30223"}],"wp:term":[{"taxonomy":"category","embeddable":true,"href":"https:\/\/www.aquilaguna.com\/index.php\/wp-json\/wp\/v2\/categories?post=30223"},{"taxonomy":"post_tag","embeddable":true,"href":"https:\/\/www.aquilaguna.com\/index.php\/wp-json\/wp\/v2\/tags?post=30223"}],"curies":[{"name":"wp","href":"https:\/\/api.w.org\/{rel}","templated":true}]}}