{"id":30226,"date":"2026-01-27T18:39:51","date_gmt":"2026-01-28T00:39:51","guid":{"rendered":"https:\/\/www.aquilaguna.com\/?p=30226"},"modified":"2026-01-27T18:39:51","modified_gmt":"2026-01-28T00:39:51","slug":"administracion-municipal-mantiene-acciones-del-operativo-abrigo-llaman-a-la-ciudadania-a-reportar-a-las-personas-en-situacion-de-calle","status":"publish","type":"post","link":"https:\/\/www.aquilaguna.com\/index.php\/2026\/01\/27\/administracion-municipal-mantiene-acciones-del-operativo-abrigo-llaman-a-la-ciudadania-a-reportar-a-las-personas-en-situacion-de-calle\/","title":{"rendered":"Administraci\u00f3n Municipal mantiene acciones del Operativo Abrigo; llaman a la ciudadan\u00eda a reportar a las personas en situaci\u00f3n de calle."},"content":{"rendered":"\n<p>Torre\u00f3n, Coahuila. A 27 de enero de 2026.<\/p>\n\n\n\n<p>La Administraci\u00f3n Municipal que encabeza el alcalde Rom\u00e1n Alberto Cepeda<br>Gonz\u00e1lez, mantiene las acciones de atenci\u00f3n inmediata a la poblaci\u00f3n, ante las<br>bajas temperaturas que se registran en la regi\u00f3n y que se prev\u00e9 contin\u00faen durante<br>los pr\u00f3ximos d\u00edas.<\/p>\n\n\n\n<p>Adem\u00e1s de los esfuerzos del Municipio, es importante la colaboraci\u00f3n de la<br>ciudadan\u00eda para que reporte a personas en situaci\u00f3n de calle o familias con alguna<br>vulnerabilidad, para que las dependencias acudan a brindar el apoyo y<br>resguardarlos en alguno de los albergues dispuestos.<\/p>\n\n\n\n<p>Jorge Luis Ju\u00e1rez Llanas, director de Protecci\u00f3n Civil y Bomberos de Torre\u00f3n, dijo<br>que a trav\u00e9s de los recorridos nocturnos que realizan en coordinaci\u00f3n con otras<br>dependencias municipales y del Gobierno del Estado, se logra ubicar a la<br>poblaci\u00f3n vulnerable y llevarla a los refugios temporales.<\/p>\n\n\n\n<p>Resalt\u00f3 que en ocasiones, las personas en situaci\u00f3n de calle no aceptan el<br>traslado a los albergues, sin embargo, se les ofrece alimento y bebidas calientes,<br>adem\u00e1s de cobijas para mitigar el fr\u00edo.<\/p>\n\n\n\n<p>El director inform\u00f3 que el Operativo Abrigo se mantiene activo con la participaci\u00f3n<br>tambi\u00e9n de Tr\u00e1nsito y Vialidad, y Seguridad P\u00fablica, Protecci\u00f3n Civil del Estado, el<br>Sistema para el Desarrollo Integral de la Familia (DIF) Torre\u00f3n, Polic\u00eda Estatal,<br>Atenci\u00f3n Ciudadana y Desarrollo Social, Salud Municipal, entre otras,<br>fortaleciendo as\u00ed la atenci\u00f3n integral a la poblaci\u00f3n.<\/p>\n\n\n\n<p>Con el Operativo Abrigo se ha atendido a 730 personas desde diciembre de 2025.<br>Detall\u00f3 que los albergues disponibles se ubican en: Prolongaci\u00f3n Degollado sin<br>n\u00famero, entre avenida Delicias y bulevar Revoluci\u00f3n; en el DIF Nueva Rosita,<br>localizado en bulevar Independencia n\u00famero 2233, colonia Nueva Rosita; y en el<br>Auditorio Municipal, en calle Degollado n\u00famero 745, colonia Luis Echeverr\u00eda<br>\u00c1lvarez. Todos ellos cuentan con las condiciones necesarias para brindar un<br>resguardo digno y seguro a quienes lo soliciten.<\/p>\n\n\n\n<p>El funcionario indic\u00f3 que de acuerdo con los pron\u00f3sticos de la Comisi\u00f3n Nacional<br>del Agua (Conagua), el clima fr\u00edo persistir\u00e1 en los pr\u00f3ximos d\u00edas, por lo que reiter\u00f3<\/p>\n\n\n\n<p>la importancia de comunicarse a los n\u00fameros de Protecci\u00f3n Civil y Bomberos, 871<br>712 00 66, al 073, o al 911 para emergencias.<\/p>\n\n\n\n<p>Finalmente, exhort\u00f3 a la ciudadan\u00eda a cuidar especialmente de ni\u00f1os y adultos<br>mayores, abrigarse adecuadamente, mantenerse hidratados, supervisar el uso de<br>calentadores y evitar la exposici\u00f3n prolongada al fr\u00edo, recordando que la<br>prevenci\u00f3n y la solidaridad pueden salvar vidas.<\/p>\n","protected":false},"excerpt":{"rendered":"<p>Torre\u00f3n, Coahuila. A 27 de enero de 2026. La Administraci\u00f3n Municipal que encabeza el alcalde Rom\u00e1n Alberto CepedaGonz\u00e1lez, mantiene las acciones de atenci\u00f3n inmediata a la poblaci\u00f3n, ante lasbajas temperaturas que se registran en la regi\u00f3n y que se prev\u00e9 contin\u00faen durantelos pr\u00f3ximos d\u00edas. Adem\u00e1s de los esfuerzos del Municipio, es importante la colaboraci\u00f3n de laciudadan\u00eda para que reporte a personas en situaci\u00f3n de calle o familias con algunavulnerabilidad, para&#8230;<\/p>\n","protected":false},"author":1,"featured_media":30227,"comment_status":"closed","ping_status":"","sticky":false,"template":"","format":"standard","meta":{"footnotes":""},"categories":[5,28,7],"tags":[],"class_list":["post-30226","post","type-post","status-publish","format-standard","has-post-thumbnail","hentry","category-coahuila","category-la-laguna","category-torreon","wpcat-5-id","wpcat-28-id","wpcat-7-id"],"_links":{"self":[{"href":"https:\/\/www.aquilaguna.com\/index.php\/wp-json\/wp\/v2\/posts\/30226","targetHints":{"allow":["GET"]}}],"collection":[{"href":"https:\/\/www.aquilaguna.com\/index.php\/wp-json\/wp\/v2\/posts"}],"about":[{"href":"https:\/\/www.aquilaguna.com\/index.php\/wp-json\/wp\/v2\/types\/post"}],"author":[{"embeddable":true,"href":"https:\/\/www.aquilaguna.com\/index.php\/wp-json\/wp\/v2\/users\/1"}],"replies":[{"embeddable":true,"href":"https:\/\/www.aquilaguna.com\/index.php\/wp-json\/wp\/v2\/comments?post=30226"}],"version-history":[{"count":1,"href":"https:\/\/www.aquilaguna.com\/index.php\/wp-json\/wp\/v2\/posts\/30226\/revisions"}],"predecessor-version":[{"id":30228,"href":"https:\/\/www.aquilaguna.com\/index.php\/wp-json\/wp\/v2\/posts\/30226\/revisions\/30228"}],"wp:featuredmedia":[{"embeddable":true,"href":"https:\/\/www.aquilaguna.com\/index.php\/wp-json\/wp\/v2\/media\/30227"}],"wp:attachment":[{"href":"https:\/\/www.aquilaguna.com\/index.php\/wp-json\/wp\/v2\/media?parent=30226"}],"wp:term":[{"taxonomy":"category","embeddable":true,"href":"https:\/\/www.aquilaguna.com\/index.php\/wp-json\/wp\/v2\/categories?post=30226"},{"taxonomy":"post_tag","embeddable":true,"href":"https:\/\/www.aquilaguna.com\/index.php\/wp-json\/wp\/v2\/tags?post=30226"}],"curies":[{"name":"wp","href":"https:\/\/api.w.org\/{rel}","templated":true}]}}