{"id":30232,"date":"2026-01-27T19:32:47","date_gmt":"2026-01-28T01:32:47","guid":{"rendered":"https:\/\/www.aquilaguna.com\/?p=30232"},"modified":"2026-01-27T19:32:47","modified_gmt":"2026-01-28T01:32:47","slug":"se-reanudan-actividades-presenciales-ante-pronostico-de-proteccion-civil-sobre-mejora-en-las-condiciones-climaticas","status":"publish","type":"post","link":"https:\/\/www.aquilaguna.com\/index.php\/2026\/01\/27\/se-reanudan-actividades-presenciales-ante-pronostico-de-proteccion-civil-sobre-mejora-en-las-condiciones-climaticas\/","title":{"rendered":"SE REANUDAN ACTIVIDADES PRESENCIALES ANTE PRON\u00d3STICO DE PROTECCI\u00d3N CIVIL SOBRE MEJORA EN LAS CONDICIONES CLIM\u00c1TICAS."},"content":{"rendered":"\n<p>Saltillo, Coahuila de Zaragoza; 27 de enero de 2026.\u2013 La Secretar\u00eda de Educaci\u00f3n de Coahuila informa que, de acuerdo con la actualizaci\u00f3n del pron\u00f3stico emitido por las autoridades de Protecci\u00f3n Civil, se prev\u00e9 una mejora gradual en las condiciones clim\u00e1ticas en las diversas regiones del estado.<\/p>\n\n\n\n<p>Derivado de lo anterior, a partir del mi\u00e9rcoles 28 de enero de 2026 se reanudan las actividades escolares presenciales en todos los niveles educativos y en todas las regiones del estado, por lo que la jornada escolar se desarrollar\u00e1 con normalidad.<\/p>\n\n\n\n<p>No obstante, se indica que los centros educativos deber\u00e1n atender y aplicar los criterios de temperatura vigentes para la justificaci\u00f3n de faltas o retardos, de acuerdo con lo siguiente:<\/p>\n\n\n\n<p>Secundaria: cuando se registren -2 \u00b0C, una hora antes del horario de entrada.<\/p>\n\n\n\n<p>Primaria: al registrarse -1 \u00b0C a las 7:00 horas.<\/p>\n\n\n\n<p>Educaci\u00f3n Inicial, Preescolar y Educaci\u00f3n Especial: al registrarse 0 \u00b0C a las 8:00 horas.<\/p>\n\n\n\n<p>Lo anterior, con la finalidad de salvaguardar el bienestar f\u00edsico del alumnado, destacando que la asistencia quedar\u00e1 a criterio de madres y padres de familia, quienes podr\u00e1n valorar las condiciones de salud de sus hijas e hijos.<\/p>\n\n\n\n<p>En el caso de las escuelas particulares, estas aplicar\u00e1n sus propios criterios de operaci\u00f3n, manteniendo una comunicaci\u00f3n permanente con madres, padres y tutores, y privilegiando en todo momento la seguridad de su comunidad escolar.<\/p>\n\n\n\n<p>La Secretar\u00eda de Educaci\u00f3n de Coahuila exhorta a la comunidad educativa a mantenerse informada a trav\u00e9s de los canales oficiales del Gobierno del Estado de Coahuila y de Protecci\u00f3n Civil, as\u00ed como a atender sus recomendaciones.<\/p>\n","protected":false},"excerpt":{"rendered":"<p>Saltillo, Coahuila de Zaragoza; 27 de enero de 2026.\u2013 La Secretar\u00eda de Educaci\u00f3n de Coahuila informa que, de acuerdo con la actualizaci\u00f3n del pron\u00f3stico emitido por las autoridades de Protecci\u00f3n Civil, se prev\u00e9 una mejora gradual en las condiciones clim\u00e1ticas en las diversas regiones del estado. Derivado de lo anterior, a partir del mi\u00e9rcoles 28 de enero de 2026 se reanudan las actividades escolares presenciales en todos los niveles educativos&#8230;<\/p>\n","protected":false},"author":1,"featured_media":0,"comment_status":"closed","ping_status":"","sticky":false,"template":"","format":"standard","meta":{"footnotes":""},"categories":[27,5,9,15,54],"tags":[],"class_list":["post-30232","post","type-post","status-publish","format-standard","hentry","category-clima","category-coahuila","category-educacion","category-gobierno-de-coahuila","category-proteccion-civil","wpcat-27-id","wpcat-5-id","wpcat-9-id","wpcat-15-id","wpcat-54-id"],"_links":{"self":[{"href":"https:\/\/www.aquilaguna.com\/index.php\/wp-json\/wp\/v2\/posts\/30232","targetHints":{"allow":["GET"]}}],"collection":[{"href":"https:\/\/www.aquilaguna.com\/index.php\/wp-json\/wp\/v2\/posts"}],"about":[{"href":"https:\/\/www.aquilaguna.com\/index.php\/wp-json\/wp\/v2\/types\/post"}],"author":[{"embeddable":true,"href":"https:\/\/www.aquilaguna.com\/index.php\/wp-json\/wp\/v2\/users\/1"}],"replies":[{"embeddable":true,"href":"https:\/\/www.aquilaguna.com\/index.php\/wp-json\/wp\/v2\/comments?post=30232"}],"version-history":[{"count":1,"href":"https:\/\/www.aquilaguna.com\/index.php\/wp-json\/wp\/v2\/posts\/30232\/revisions"}],"predecessor-version":[{"id":30233,"href":"https:\/\/www.aquilaguna.com\/index.php\/wp-json\/wp\/v2\/posts\/30232\/revisions\/30233"}],"wp:attachment":[{"href":"https:\/\/www.aquilaguna.com\/index.php\/wp-json\/wp\/v2\/media?parent=30232"}],"wp:term":[{"taxonomy":"category","embeddable":true,"href":"https:\/\/www.aquilaguna.com\/index.php\/wp-json\/wp\/v2\/categories?post=30232"},{"taxonomy":"post_tag","embeddable":true,"href":"https:\/\/www.aquilaguna.com\/index.php\/wp-json\/wp\/v2\/tags?post=30232"}],"curies":[{"name":"wp","href":"https:\/\/api.w.org\/{rel}","templated":true}]}}