{"id":30234,"date":"2026-01-27T19:34:08","date_gmt":"2026-01-28T01:34:08","guid":{"rendered":"https:\/\/www.aquilaguna.com\/?p=30234"},"modified":"2026-01-27T19:34:08","modified_gmt":"2026-01-28T01:34:08","slug":"siguen-conferencias-a-coahuila-lo-cuidamos-todos","status":"publish","type":"post","link":"https:\/\/www.aquilaguna.com\/index.php\/2026\/01\/27\/siguen-conferencias-a-coahuila-lo-cuidamos-todos\/","title":{"rendered":"SIGUEN CONFERENCIAS \u201cA COAHUILA LO CUIDAMOS TODOS\u201d."},"content":{"rendered":"\n<p>\u00b7&nbsp;&nbsp;&nbsp;&nbsp;&nbsp;&nbsp;<em>Llevan FGE y Mejora Coahuila programas a universitarios y docentes en la entidad&nbsp;<\/em><\/p>\n\n\n\n<p>Saltillo, Coahuila de Zaragoza. 27 de enero de 2026.- Con el objetivo de mantener una cercan\u00eda con la comunidad universitaria, el Fiscal General de Coahuila, Federico Fern\u00e1ndez Monta\u00f1ez llev\u00f3 la pl\u00e1tica \u201cA Coahuila los Cuidamos Todos\u201d a la Universidad Tecnol\u00f3gica de Saltillo en Derramadero, sector del sur de Saltillo.<\/p>\n\n\n\n<p>En esta ocasi\u00f3n en coordinaci\u00f3n con los programas para la juventud que coordina Mejora Coahuila, que dirige su titular Gabriel Elizondo P\u00e9rez.&nbsp;<\/p>\n\n\n\n<p>Federico Fern\u00e1ndez Monta\u00f1ez se\u00f1al\u00f3 ante m\u00e1s de 400 alumnos la importancia de entre todos cuidar a nuestra entidad; empezando por universidad, nuestra comunidad.<\/p>\n\n\n\n<p>Reiter\u00f3 la disposici\u00f3n de la Fiscal\u00eda General del Estado en coordinaci\u00f3n con la administraci\u00f3n del Gobernador Manolo Jim\u00e9nez Salinas para trabajar por un Coahuila Seguro y Blindado.<\/p>\n\n\n\n<p>Gabriel Elizondo, Director General de Mejora Coahuila, habl\u00f3 de la importancia de poder exponer ante la autoridad como el Fiscal General las necesidades en materia de seguridad.<\/p>\n\n\n\n<p>Como parte de este evento, se entreg\u00f3 material deportivo a la instituci\u00f3n y se presentaron las becas estatales y de movilidad internacional, as\u00ed como los apoyos a emprendedores, los cuales forman parte de los nuevos programas que impulsa el gobernador a trav\u00e9s de Mejora Coahuila.<\/p>\n\n\n\n<p>Gabriel Franyuti, Sub Secretaria de Prevenci\u00f3n y Proximidad fue la encargada de abrir el evento, el cual cont\u00f3 con la presencia de Julio Loera, Delegado Regional de la Regi\u00f3n Sureste de la FGE y Sim\u00f3n P\u00e9rez, comandante regional de la Polic\u00eda Estatal de Coahuila.&nbsp;<\/p>\n\n\n\n<p>Sof\u00eda Carranza, Rectora de la Universidad Tecnol\u00f3gica de Saltillo fue la anfitriona del evento.<\/p>\n","protected":false},"excerpt":{"rendered":"<p>\u00b7&nbsp;&nbsp;&nbsp;&nbsp;&nbsp;&nbsp;Llevan FGE y Mejora Coahuila programas a universitarios y docentes en la entidad&nbsp; Saltillo, Coahuila de Zaragoza. 27 de enero de 2026.- Con el objetivo de mantener una cercan\u00eda con la comunidad universitaria, el Fiscal General de Coahuila, Federico Fern\u00e1ndez Monta\u00f1ez llev\u00f3 la pl\u00e1tica \u201cA Coahuila los Cuidamos Todos\u201d a la Universidad Tecnol\u00f3gica de Saltillo en Derramadero, sector del sur de Saltillo. En esta ocasi\u00f3n en coordinaci\u00f3n con los programas&#8230;<\/p>\n","protected":false},"author":1,"featured_media":30235,"comment_status":"closed","ping_status":"","sticky":false,"template":"","format":"standard","meta":{"footnotes":""},"categories":[5,9,15,24],"tags":[],"class_list":["post-30234","post","type-post","status-publish","format-standard","has-post-thumbnail","hentry","category-coahuila","category-educacion","category-gobierno-de-coahuila","category-seguridad","wpcat-5-id","wpcat-9-id","wpcat-15-id","wpcat-24-id"],"_links":{"self":[{"href":"https:\/\/www.aquilaguna.com\/index.php\/wp-json\/wp\/v2\/posts\/30234","targetHints":{"allow":["GET"]}}],"collection":[{"href":"https:\/\/www.aquilaguna.com\/index.php\/wp-json\/wp\/v2\/posts"}],"about":[{"href":"https:\/\/www.aquilaguna.com\/index.php\/wp-json\/wp\/v2\/types\/post"}],"author":[{"embeddable":true,"href":"https:\/\/www.aquilaguna.com\/index.php\/wp-json\/wp\/v2\/users\/1"}],"replies":[{"embeddable":true,"href":"https:\/\/www.aquilaguna.com\/index.php\/wp-json\/wp\/v2\/comments?post=30234"}],"version-history":[{"count":1,"href":"https:\/\/www.aquilaguna.com\/index.php\/wp-json\/wp\/v2\/posts\/30234\/revisions"}],"predecessor-version":[{"id":30236,"href":"https:\/\/www.aquilaguna.com\/index.php\/wp-json\/wp\/v2\/posts\/30234\/revisions\/30236"}],"wp:featuredmedia":[{"embeddable":true,"href":"https:\/\/www.aquilaguna.com\/index.php\/wp-json\/wp\/v2\/media\/30235"}],"wp:attachment":[{"href":"https:\/\/www.aquilaguna.com\/index.php\/wp-json\/wp\/v2\/media?parent=30234"}],"wp:term":[{"taxonomy":"category","embeddable":true,"href":"https:\/\/www.aquilaguna.com\/index.php\/wp-json\/wp\/v2\/categories?post=30234"},{"taxonomy":"post_tag","embeddable":true,"href":"https:\/\/www.aquilaguna.com\/index.php\/wp-json\/wp\/v2\/tags?post=30234"}],"curies":[{"name":"wp","href":"https:\/\/api.w.org\/{rel}","templated":true}]}}