{"id":30249,"date":"2026-01-28T20:36:20","date_gmt":"2026-01-29T02:36:20","guid":{"rendered":"https:\/\/www.aquilaguna.com\/?p=30249"},"modified":"2026-01-28T20:36:20","modified_gmt":"2026-01-29T02:36:20","slug":"invitan-a-participar-en-el-primer-intercambio-de-residuos-del-2026","status":"publish","type":"post","link":"https:\/\/www.aquilaguna.com\/index.php\/2026\/01\/28\/invitan-a-participar-en-el-primer-intercambio-de-residuos-del-2026\/","title":{"rendered":"Invitan a participar en el primer intercambio de residuos del 2026."},"content":{"rendered":"\n<p>Torre\u00f3n, Coahuila. A 28 de enero de 2026.<\/p>\n\n\n\n<p>En el marco del D\u00eda Mundial de la Educaci\u00f3n Ambiental, la Administraci\u00f3n<br>Municipal del alcalde Rom\u00e1n Alberto Cepeda Gonz\u00e1lez, invita a la ciudadan\u00eda a<br>participar en el primer intercambio de residuos del 2026. Esta iniciativa est\u00e1<br>orientada a fortalecer la cultura del reciclaje y el cuidado del entorno.<\/p>\n\n\n\n<p>La actividad se lleva a cabo a trav\u00e9s de la Direcci\u00f3n General de Medio Ambiente, y<br>ser\u00e1 este viernes 30 de enero en la explanada de la Plaza Mayor, de 09:00 a<br>12:00 horas.<\/p>\n\n\n\n<p>Marcelo S\u00e1nchez Adame, director de la dependencia, dio a conocer que este<br>evento tiene como objetivo fomentar la participaci\u00f3n ciudadana y promover h\u00e1bitos<br>responsables mediante el intercambio de residuos reciclables por productos de<br>limpieza del Grupo AlEn.<\/p>\n\n\n\n<p>Indic\u00f3 que durante la jornada se estar\u00e1n recibiendo materiales reciclables como:<br>PET: botellas de agua, refrescos y jugos; PP: botellas de leche, yogurt y champ\u00fa;<br>aluminio: latas de refresco, jugo, y tapitas de pl\u00e1stico.<\/p>\n\n\n\n<p>\u201cEste tipo de acciones permiten que la ciudadan\u00eda se involucre de manera activa y<br>comprenda que el cuidado del medio ambiente inicia con decisiones cotidianas,<br>como la correcta separaci\u00f3n residuos\u201d, se\u00f1al\u00f3 el director.<\/p>\n\n\n\n<p>El funcionario dijo que estas acciones buscan reducir el impacto ambiental,<br>disminuir la cantidad de residuos y fortalecer el trabajo conjunto entre sociedad y<br>Gobierno, para la construcci\u00f3n de un municipio m\u00e1s limpio y sostenible.<\/p>\n\n\n\n<p>En este sentido, indic\u00f3 que con esta jornada se reafirma el compromiso con la<br>educaci\u00f3n ambiental, y con la implementaci\u00f3n de estrategias que promuevan un<br>entorno m\u00e1s saludable para las futuras generaciones.<\/p>\n","protected":false},"excerpt":{"rendered":"<p>Torre\u00f3n, Coahuila. A 28 de enero de 2026. En el marco del D\u00eda Mundial de la Educaci\u00f3n Ambiental, la Administraci\u00f3nMunicipal del alcalde Rom\u00e1n Alberto Cepeda Gonz\u00e1lez, invita a la ciudadan\u00eda aparticipar en el primer intercambio de residuos del 2026. Esta iniciativa est\u00e1orientada a fortalecer la cultura del reciclaje y el cuidado del entorno. La actividad se lleva a cabo a trav\u00e9s de la Direcci\u00f3n General de Medio Ambiente, yser\u00e1 este&#8230;<\/p>\n","protected":false},"author":1,"featured_media":30250,"comment_status":"closed","ping_status":"","sticky":false,"template":"","format":"standard","meta":{"footnotes":""},"categories":[5,28,7],"tags":[],"class_list":["post-30249","post","type-post","status-publish","format-standard","has-post-thumbnail","hentry","category-coahuila","category-la-laguna","category-torreon","wpcat-5-id","wpcat-28-id","wpcat-7-id"],"_links":{"self":[{"href":"https:\/\/www.aquilaguna.com\/index.php\/wp-json\/wp\/v2\/posts\/30249","targetHints":{"allow":["GET"]}}],"collection":[{"href":"https:\/\/www.aquilaguna.com\/index.php\/wp-json\/wp\/v2\/posts"}],"about":[{"href":"https:\/\/www.aquilaguna.com\/index.php\/wp-json\/wp\/v2\/types\/post"}],"author":[{"embeddable":true,"href":"https:\/\/www.aquilaguna.com\/index.php\/wp-json\/wp\/v2\/users\/1"}],"replies":[{"embeddable":true,"href":"https:\/\/www.aquilaguna.com\/index.php\/wp-json\/wp\/v2\/comments?post=30249"}],"version-history":[{"count":1,"href":"https:\/\/www.aquilaguna.com\/index.php\/wp-json\/wp\/v2\/posts\/30249\/revisions"}],"predecessor-version":[{"id":30251,"href":"https:\/\/www.aquilaguna.com\/index.php\/wp-json\/wp\/v2\/posts\/30249\/revisions\/30251"}],"wp:featuredmedia":[{"embeddable":true,"href":"https:\/\/www.aquilaguna.com\/index.php\/wp-json\/wp\/v2\/media\/30250"}],"wp:attachment":[{"href":"https:\/\/www.aquilaguna.com\/index.php\/wp-json\/wp\/v2\/media?parent=30249"}],"wp:term":[{"taxonomy":"category","embeddable":true,"href":"https:\/\/www.aquilaguna.com\/index.php\/wp-json\/wp\/v2\/categories?post=30249"},{"taxonomy":"post_tag","embeddable":true,"href":"https:\/\/www.aquilaguna.com\/index.php\/wp-json\/wp\/v2\/tags?post=30249"}],"curies":[{"name":"wp","href":"https:\/\/api.w.org\/{rel}","templated":true}]}}