{"id":30252,"date":"2026-01-28T20:37:45","date_gmt":"2026-01-29T02:37:45","guid":{"rendered":"https:\/\/www.aquilaguna.com\/?p=30252"},"modified":"2026-01-28T20:37:45","modified_gmt":"2026-01-29T02:37:45","slug":"roman-alberto-cepeda-gonzalez-entrega-nueva-plaza-publica-en-villas-zaragoza","status":"publish","type":"post","link":"https:\/\/www.aquilaguna.com\/index.php\/2026\/01\/28\/roman-alberto-cepeda-gonzalez-entrega-nueva-plaza-publica-en-villas-zaragoza\/","title":{"rendered":"Rom\u00e1n Alberto Cepeda Gonz\u00e1lez entrega nueva plaza p\u00fablica en Villas Zaragoza."},"content":{"rendered":"\n<p>Torre\u00f3n, Coahuila. A 28 de enero de 2026.<\/p>\n\n\n\n<p>Con una inversi\u00f3n de 2 millones de pesos, esta ma\u00f1ana Rom\u00e1n Alberto Cepeda<br>Gonz\u00e1lez entreg\u00f3 una plaza p\u00fablica a vecinos de Villas Zaragoza, a donde<br>adem\u00e1s llev\u00f3 los servicios de la brigada municipal \u201cEl Alcalde y su equipo en tu<br>colonia hacemos m\u00e1s\u201d, en beneficio tambi\u00e9n de habitantes de sectores aleda\u00f1os.<\/p>\n\n\n\n<p>El Alcalde y su esposa, la se\u00f1ora Selina Bremer de Cepeda, presidenta honoraria<br>del DIF Torre\u00f3n, entregaron adem\u00e1s diversos aparatos de movilidad como sillas<br>de ruedas y andadores.<\/p>\n\n\n\n<p>En su mensaje, el Presidente Municipal destac\u00f3 la coordinaci\u00f3n y el trabajo en<br>equipo con el gobernador Manolo Jim\u00e9nez, para atender todos los sectores de<br>Torre\u00f3n y retribuir con acciones la confianza de la ciudadan\u00eda.<\/p>\n\n\n\n<p>\u201cTodo Torre\u00f3n nos ocupa y nos preocupa, cumplirle a todos es importante y lo<br>hacemos de la mano con el gran aliado que es el Gobernador. Desde aqu\u00ed<br>mandamos un mensaje que, con unidad, coordinaci\u00f3n y en equipo, se logran<br>resultados como el que Coahuila sea el estado m\u00e1s seguro del norte, y el segundo<br>m\u00e1s seguro de todo el pa\u00eds, y que Torre\u00f3n sea la segunda ciudad m\u00e1s segura del<br>pa\u00eds con m\u00e1s de 500 mil habitantes\u201d.<\/p>\n\n\n\n<p>Cepeda Gonz\u00e1lez manifest\u00f3 su agradecimiento a la ciudadan\u00eda por sumarse a las<br>acciones de Gobierno en materia de seguridad, y reiter\u00f3 su compromiso por<br>continuar en esa ruta.<\/p>\n\n\n\n<p>\u201cLa seguridad es un trabajo de todos, sociedad y Gobierno, porque sin seguridad<br>no hay trabajo, no hay educaci\u00f3n, ni se puede salir a hacer las actividades de<br>educaci\u00f3n o esparcimiento. Por eso vamos a seguir trabajando por mantener esa<br>confianza que d\u00eda a d\u00eda nos ganamos\u201d.<\/p>\n\n\n\n<p>Asimismo, el Alcalde destac\u00f3 el crecimiento de Torre\u00f3n y los retos que implica en<br>du Gobierno.<\/p>\n\n\n\n<p>\u201cTorre\u00f3n crece y eso se traduce en m\u00e1s obras, m\u00e1s plazas, m\u00e1s acciones de<br>drenaje, pavimentaci\u00f3n, bacheo. Hay retos por delante, pero no nos vamos a<br>detener, tenemos un compromiso de 100 plazas, adem\u00e1s vamos a iniciar con el<\/p>\n\n\n\n<p>Gobernador el Parque Lineal Oriente. Torre\u00f3n seguir\u00e1 creciendo en empleo, en<br>seguridad, y en espacios p\u00fablicos para que disfruten con su familia porque estos<br>parques contribuyen tambi\u00e9n a la prevenci\u00f3n y la seguridad\u201d, dijo el edil.<\/p>\n\n\n\n<p>Por su parte, Hugo D\u00e1vila Prado, coordinador de Mejora Coahuila en Torre\u00f3n,<br>destac\u00f3 la cercan\u00eda de la se\u00f1ora Selina Bremer de Cepeda con las familias del<br>municipio, y agreg\u00f3 que el organismo representa el coraz\u00f3n de la Administraci\u00f3n<br>por su labor social y su compromiso con los sectores m\u00e1s vulnerables.<\/p>\n\n\n\n<p>Tambi\u00e9n resalt\u00f3 el trabajo del alcalde Rom\u00e1n Alberto Cepeda Gonz\u00e1lez, por<br>atender las necesidades del oriente de Torre\u00f3n, un sector que durante a\u00f1os<br>enfrent\u00f3 dificultades para recibir obras y acciones de infraestructura.<\/p>\n\n\n\n<p>\u201cHay que decirlo y reconocerlo, siempre batall\u00e1bamos para traer obras al oriente y<br>hoy con Rom\u00e1n se est\u00e1 volteando a ver, y hoy esta placita es una realidad\u201d.<\/p>\n\n\n\n<p>El funcionario indic\u00f3 que el edil no solo se ha enfocado en fortalecer la seguridad,<br>sino tambi\u00e9n en llevar servicios p\u00fablicos dignos a la poblaci\u00f3n, lo que contribuye a<br>mejorar la calidad de vida de las familias de Torre\u00f3n.<\/p>\n\n\n\n<p>Asimismo, exhort\u00f3 a los vecinos a cuidar los espacios p\u00fablicos. \u201cEsta placita es de<br>ustedes y es responsabilidad de todos mantenerla en buen estado\u201d.<\/p>\n\n\n\n<p>Por su parte, Eduardo L\u00f3pez Sauceda, representante del sector, agradeci\u00f3 al<br>Alcalde y a su equipo por las acciones realizadas con cuadrillas de limpieza,<br>seguridad y alumbrado p\u00fablico.<\/p>\n\n\n\n<p>Adem\u00e1s, a nombre de los vecinos beneficiaros, Nancy Guadalupe R\u00edos R\u00edos,<br>reconoci\u00f3 y agradeci\u00f3 la labor del Alcalde en este sector.<\/p>\n\n\n\n<p>En el evento estuvieron presentes tambi\u00e9n: Ariel Mart\u00ednez Mendoza, Jefe de<br>Gabinete; Karla Centeno F\u00e9lix, regidora y presidenta de la Comisi\u00f3n del DIF; Juan<br>Adolfo Von Bertrab Saracho, director de Obras P\u00fablicas; y Marlene Mart\u00ednez<br>Vald\u00e9s, directora general del DIF Torre\u00f3n.<\/p>\n","protected":false},"excerpt":{"rendered":"<p>Torre\u00f3n, Coahuila. A 28 de enero de 2026. Con una inversi\u00f3n de 2 millones de pesos, esta ma\u00f1ana Rom\u00e1n Alberto CepedaGonz\u00e1lez entreg\u00f3 una plaza p\u00fablica a vecinos de Villas Zaragoza, a dondeadem\u00e1s llev\u00f3 los servicios de la brigada municipal \u201cEl Alcalde y su equipo en tucolonia hacemos m\u00e1s\u201d, en beneficio tambi\u00e9n de habitantes de sectores aleda\u00f1os. El Alcalde y su esposa, la se\u00f1ora Selina Bremer de Cepeda, presidenta honorariadel DIF&#8230;<\/p>\n","protected":false},"author":1,"featured_media":30253,"comment_status":"closed","ping_status":"","sticky":false,"template":"","format":"standard","meta":{"footnotes":""},"categories":[5,28,7],"tags":[],"class_list":["post-30252","post","type-post","status-publish","format-standard","has-post-thumbnail","hentry","category-coahuila","category-la-laguna","category-torreon","wpcat-5-id","wpcat-28-id","wpcat-7-id"],"_links":{"self":[{"href":"https:\/\/www.aquilaguna.com\/index.php\/wp-json\/wp\/v2\/posts\/30252","targetHints":{"allow":["GET"]}}],"collection":[{"href":"https:\/\/www.aquilaguna.com\/index.php\/wp-json\/wp\/v2\/posts"}],"about":[{"href":"https:\/\/www.aquilaguna.com\/index.php\/wp-json\/wp\/v2\/types\/post"}],"author":[{"embeddable":true,"href":"https:\/\/www.aquilaguna.com\/index.php\/wp-json\/wp\/v2\/users\/1"}],"replies":[{"embeddable":true,"href":"https:\/\/www.aquilaguna.com\/index.php\/wp-json\/wp\/v2\/comments?post=30252"}],"version-history":[{"count":1,"href":"https:\/\/www.aquilaguna.com\/index.php\/wp-json\/wp\/v2\/posts\/30252\/revisions"}],"predecessor-version":[{"id":30254,"href":"https:\/\/www.aquilaguna.com\/index.php\/wp-json\/wp\/v2\/posts\/30252\/revisions\/30254"}],"wp:featuredmedia":[{"embeddable":true,"href":"https:\/\/www.aquilaguna.com\/index.php\/wp-json\/wp\/v2\/media\/30253"}],"wp:attachment":[{"href":"https:\/\/www.aquilaguna.com\/index.php\/wp-json\/wp\/v2\/media?parent=30252"}],"wp:term":[{"taxonomy":"category","embeddable":true,"href":"https:\/\/www.aquilaguna.com\/index.php\/wp-json\/wp\/v2\/categories?post=30252"},{"taxonomy":"post_tag","embeddable":true,"href":"https:\/\/www.aquilaguna.com\/index.php\/wp-json\/wp\/v2\/tags?post=30252"}],"curies":[{"name":"wp","href":"https:\/\/api.w.org\/{rel}","templated":true}]}}