{"id":30255,"date":"2026-01-28T20:57:34","date_gmt":"2026-01-29T02:57:34","guid":{"rendered":"https:\/\/www.aquilaguna.com\/?p=30255"},"modified":"2026-01-28T20:57:34","modified_gmt":"2026-01-29T02:57:34","slug":"aqui-laguna-479","status":"publish","type":"post","link":"https:\/\/www.aquilaguna.com\/index.php\/2026\/01\/28\/aqui-laguna-479\/","title":{"rendered":"Aqu\u00ed Laguna."},"content":{"rendered":"\n<p>\u00bfPeligro de Extinci\u00f3n?, la que\u00a0ha quedado planteada\u00a0hoy en Coahuila, sobre el destino electoral que\u00a0arroje y defina el destino que espera al\u00a0Partido Acci\u00f3n Nacional,\u00a0con fecha fatal el primer domingo de junio del a\u00f1o en curso, una vez que este mismo d\u00eda, ha quedado cancelada la posibilidad de que tal partido signara alianza con\u00a0el Partido Revolucionario Institucional, pues\u00a0al parecer\u00a0su Comit\u00e9 Estatal, no obtuvo la autorizaci\u00f3n\u00a0correspondiente de su\u00a0dirigencia nacional, y\u00a0 el PRI, solo obtuvo cual compa\u00f1ero de viaje, en la elecci\u00f3n intermedia en puerta,\u00a0la uni\u00f3n de las siglas de la UDC,\u00a0si se estima\u00a0como base para tales augurios la\u00a0p\u00edrrica votaci\u00f3n aportada por\u00a0los blanquiazules en la pasada elecci\u00f3n en este Estado y que\u00a0 solo sum\u00f3 el 0.8 del procentaje total de los votos emitidos.<\/p>\n\n\n\n<p>Con todo y ello, la estrategia de tal coalici\u00f3n\u00a0permiti\u00f3 a los blanquiazules, por tal alianza, sumar algunos diputados, pluris pues,\u00a0suma que seg\u00fan muchos observadores y simpatizantes del PRI\u00a0 considera\u00a0 que con ello &#8220;les dimos feria de m\u00e1s&#8221;, dado lo exiguo de votos en las sumas totales. Bajo tal antecedente, y ahora \u00a0 sin\u00a0entrar en coalici\u00f3n con el PRI, el futuro se antoja m\u00e1s que\u00a0dif\u00edcil para los panistas, en especial en Torre\u00f3n, donde la escasez de militancia es notable, pero m\u00e1s aun,\u00a0no solo de &#8220;caras nuevas&#8221; sino de\u00a0 &#8220;cuadros\u00a0competitivos&#8221; que pudieran rescatar\u00a0en votaci\u00f3n, los restos de la &#8220;derecha lagunera&#8221;,\u00a0que se localizaba otrora, entre\u00a0la clase media pretenciosa, que tambi\u00e9n otrora abundara en los medios urbanos\u00a0 comarcanos\u00a0y que hoy, se ignora\u00a0cual ser\u00e1 el partido de su preferencia, pues no dejan de manifestar rechazo al priismo dominante\u00a0en estas tierras, que bien pudieran ser captados por las ofertas electorales\u00a0 que\u00a0presenten,\u00a0es un decir, el Partido\u00a0Movimiento Ciudadano y que en otra l\u00ednea, pudiera &#8220;capear&#8221; los nuevos partidos pol\u00edticos estatales que estar\u00e1n estren\u00e1ndose\u00a0en esta pr\u00f3xima elecci\u00f3n, y cuya persistencia en el escenario pol\u00edtico estatal\u00a0quedar\u00e1\u00a0sujeto a que alcancen los m\u00ednimos de votaci\u00f3n que marcan las leyes electorales que se registre a su favor. Una\u00a0vez que se consume tal alianza, cuyos contenidos no estaremos conoci\u00e9ndolos por ahora, y saber de a c\u00f3mo qued\u00f3 tal toma y daca, entre\u00a0tan dispares\u00a0aliados\u00a0y que se estar\u00e1 consumando\u00a0la tarde de este mismo dia.<\/p>\n\n\n\n<p>Otra alianza en puerta sin duda estar\u00e1 concret\u00e1ndose\u00a0entre el Partido de la Revoluci\u00f3n Democr\u00e1tica y lo que les resta de aliados, esto es, por ahora, solo el Partido del Trabajo\u00a0que dej\u00f3 finalmente caprichos atr\u00e1s y se uni\u00f3 a la yunta, no as\u00ed el Partido Verde, que ir\u00e1 &#8220;solo&#8221; en\u00a0la contienda.<\/p>\n\n\n\n<p>Tambi\u00e9n este mismo d\u00eda se estar\u00e1 desvelando\u00a0las identidades,\u00a0al menos\u00a0entre los priistas, de quienes ser\u00e1n los\u00a0abanderados\u00a0para competir en esta contienda. Al margen de los\u00a0que se vienen mencion\u00e1ndo en otras regiones\u00a0de Coahuila, regionalmente\u00a0en estas tierras importante los que abanderen los Distritos que corresponden a Torre\u00f3n y que como ya se conoce,\u00a0m\u00e1s que apuntados se encuentran\u00a0ya la Licenciada Ver\u00f3nica Mart\u00ednez y el Licenciado Felipe Gonz\u00e1lez, y como &#8220;caras nuevas&#8221; y lo que ello signfique, se menciona, al menos muy seguro de ello a Hugo D\u00e1vila Prado\u00a0que se apresta a dejar a un lado el m\u00e1gico chaleco de Mejora y\u00a0portando eso s\u00ed, de una cara experiencia, derivada de haber pasado ya\u00a0por un proceso electoral similar y haber perdido, en tanto que se anticipa, corresponder\u00e1 cual &#8220;cara nueva&#8221;\u00a0el nombre de la Contadora P\u00fablica Dora Elia Salinas, por ahora regidora del ayuntamiento de Torre\u00f3n, y\u00a0cuya inclusi\u00f3n posible se estima, cual &#8220;compensaci\u00f3n pol\u00edtica&#8221; para el Doctor Manuel Medina Elizondo por la\u00a0buena\u00a0 disposici\u00f3n -no hubo resistencia, dicen-, en\u00a0las\u00a0obvias negociaciones con &#8220;fuerzas centensitas&#8221;, que permitieron\u00a0alcanzar\u00a0un candidato de Unidad\u00a0por la titularidad de la Unidad Torre\u00f3n de la UAdeC,\u00a0en la persona del Licenciado Omar Rojas, quien ya anda por ah\u00ed en campa\u00f1a, de mero tr\u00e1mite entre los universitarios, recorridos\u00a0en los que habr\u00e1 de mostrar los resultados\u00a0de\u00a0la acci\u00f3n\u00a0legitimadora de un acuerdo o disposici\u00f3n cupular\u00a0el\u00a0pr\u00f3ximo 3 de febrero cuando se celebre la elecci\u00f3n acordada en el\u00a0&#8220;pacto\u00a0en las alturas&#8221; con el que se pone fin, que no pausa, de la hegemon\u00eda\u00a0ejercida a lo largo de\u00a0m\u00e1s de tres d\u00e9cadas por parte del Grupo Medinista\u00a0al\u00a0 menos en la representaci\u00f3n de las fuerzas pol\u00edticas emanadas de la UAdeC.<\/p>\n\n\n\n<p>Por lo menos, la contadora Salinas, tiene experiencia en el \u00e1mbito de la administraci\u00f3n p\u00fablica, pues figur\u00f3 como sindica de minoria\u00a0en la administraci\u00f3n a cargo del Licenciado Jorge Zerme\u00f1o Infante\u00a0y vaya que le\u00a0dio guerra a su tesorero, Hern\u00e1n Sirgo, evidenciando en reuniones la incompetencia de este \u00faltimo como\u00a0funcionario. Por ahora sigue el per\u00edodo\u00a0en el que\u00a0quienes resulten finalmente designados como candidatos, deber\u00e1n dejar, si tienen, algun cargo bien de elecci\u00f3n popular o forman parte de la burocracia local o estatal.. <\/p>\n\n\n\n<p>Y entre los de &#8220;enfrente&#8221;, en los &#8220;cuadros&#8221; algunos meros cascajos gestados en la IV Transformaci\u00f3n,\u00a0ah\u00ed est\u00e1n ya &#8220;en el aire&#8221; la propaganda m\u00e1s que\u00a0visible, colocada\u00a0en gigantescos espectaculares sobre los techos de edificaciones ubicadas a lo largo de\u00a0las avenidas de mayor tr\u00e1fico en la ciudad, veremos si\u00a0 estas\u00a0pasan\u00a0la prueba del\u00a0 \u00e1cido y su permanencia se advierte pasados los aires de febrero.<\/p>\n\n\n\n<p>Y en la guerra en tierra, pues brigadas ya recorren\u00a0 domicilios, entregando\u00a0copia de singular carta de saludos\u00a0firmada por la Presidenta Claudia Sheinbaum\u00a0y\u00a0para recoger informaci\u00f3n\u00a0sobre si el signatario\u00a0de la misma\u00a0tienen\u00a0o no cobertura alguna\u00a0de servicios de seguridad social, pues &#8220;est\u00e1 pr\u00f3ximo&#8221; un sistema nacional de salud\u00a0con cobertura para quien carezca de tal beneficio, promesas, pues, etc,. etc. Estamos \u00a0 en campa\u00f1a y con ello, la puesta en marcha de\u00a0las guerras sucias que las singularizan, atizada ahora, con el uso de las\u00a0nuevas tecnolog\u00edas y hasta la inteligencia artificial.<\/p>\n\n\n\n<p>Por ahora,\u00a0falta confirmaci\u00f3n sobre qui\u00e9nes ser\u00e1n los candidatos que postule MORENA y sus aliados, y cobra especial interes, quienes ser\u00e1n\u00a0propuestos como suplentes, una vez que la escasez de\u00a0espacios para el acomodo de tanto interes, han hecho de estos artificios, elementos muy apetecibles. Corren\u00a0versiones, de que MORENA\u00a0y sus aliados tienen ya m\u00e1s que desigandos\u00a0a traves de &#8220;f\u00f3rmulas conyugales&#8221; candidatos en\u00a0al menos dos de los cuatro Distritos por Torreon, donde ya se perfilan\u00a0el c\u00f3nyuge de Cintia Cuevas y la c\u00f3nyuge de Shamir\u00a0Fern\u00e1ndez, lo que genera\u00a0resquemor y resentimintos, pues la fila\u00a0es larga de\u00a0parte de quienes se sienten con derechos y capacidades para tal encargo, han quedado asi borrados de la oportunidad en puerta. Dicen que tal metodo\u00a0o estrategia,\u00a0los irrita m\u00e1s que &#8220;la t\u00f3mbola&#8221;,\u00a0donde al menos el azar\u00a0 jugaba, y hoy son meros titiriteros\u00a0los que deciden.<br><\/p>\n","protected":false},"excerpt":{"rendered":"<p>\u00bfPeligro de Extinci\u00f3n?, la que\u00a0ha quedado planteada\u00a0hoy en Coahuila, sobre el destino electoral que\u00a0arroje y defina el destino que espera al\u00a0Partido Acci\u00f3n Nacional,\u00a0con fecha fatal el primer domingo de junio del a\u00f1o en curso, una vez que este mismo d\u00eda, ha quedado cancelada la posibilidad de que tal partido signara alianza con\u00a0el Partido Revolucionario Institucional, pues\u00a0al parecer\u00a0su Comit\u00e9 Estatal, no obtuvo la autorizaci\u00f3n\u00a0correspondiente de su\u00a0dirigencia nacional, y\u00a0 el PRI, solo&#8230;<\/p>\n","protected":false},"author":2,"featured_media":0,"comment_status":"closed","ping_status":"","sticky":false,"template":"","format":"standard","meta":{"footnotes":""},"categories":[8],"tags":[],"class_list":["post-30255","post","type-post","status-publish","format-standard","hentry","category-aqui-laguna","wpcat-8-id"],"_links":{"self":[{"href":"https:\/\/www.aquilaguna.com\/index.php\/wp-json\/wp\/v2\/posts\/30255","targetHints":{"allow":["GET"]}}],"collection":[{"href":"https:\/\/www.aquilaguna.com\/index.php\/wp-json\/wp\/v2\/posts"}],"about":[{"href":"https:\/\/www.aquilaguna.com\/index.php\/wp-json\/wp\/v2\/types\/post"}],"author":[{"embeddable":true,"href":"https:\/\/www.aquilaguna.com\/index.php\/wp-json\/wp\/v2\/users\/2"}],"replies":[{"embeddable":true,"href":"https:\/\/www.aquilaguna.com\/index.php\/wp-json\/wp\/v2\/comments?post=30255"}],"version-history":[{"count":1,"href":"https:\/\/www.aquilaguna.com\/index.php\/wp-json\/wp\/v2\/posts\/30255\/revisions"}],"predecessor-version":[{"id":30256,"href":"https:\/\/www.aquilaguna.com\/index.php\/wp-json\/wp\/v2\/posts\/30255\/revisions\/30256"}],"wp:attachment":[{"href":"https:\/\/www.aquilaguna.com\/index.php\/wp-json\/wp\/v2\/media?parent=30255"}],"wp:term":[{"taxonomy":"category","embeddable":true,"href":"https:\/\/www.aquilaguna.com\/index.php\/wp-json\/wp\/v2\/categories?post=30255"},{"taxonomy":"post_tag","embeddable":true,"href":"https:\/\/www.aquilaguna.com\/index.php\/wp-json\/wp\/v2\/tags?post=30255"}],"curies":[{"name":"wp","href":"https:\/\/api.w.org\/{rel}","templated":true}]}}