{"id":30261,"date":"2026-01-29T17:54:04","date_gmt":"2026-01-29T23:54:04","guid":{"rendered":"https:\/\/www.aquilaguna.com\/?p=30261"},"modified":"2026-01-29T17:54:04","modified_gmt":"2026-01-29T23:54:04","slug":"ofrece-el-ceii-de-la-uadec-la-maestria-en-promocion-y-desarrollo-cultural-2","status":"publish","type":"post","link":"https:\/\/www.aquilaguna.com\/index.php\/2026\/01\/29\/ofrece-el-ceii-de-la-uadec-la-maestria-en-promocion-y-desarrollo-cultural-2\/","title":{"rendered":"Ofrece el CEII de la UAdeC la Maestr\u00eda en Promoci\u00f3n y Desarrollo Cultural."},"content":{"rendered":"\n<p>SALTILLO, Coahuila. 29 de enero de 2026. La Universidad Aut\u00f3noma de Coahuila a<br>trav\u00e9s del Centro de Estudios e Investigaciones Interdisciplinarias (CEII), convoca a<br>personas interesadas en la comprensi\u00f3n, gesti\u00f3n e intervenci\u00f3n de procesos<br>culturales y comunitarios, mediante la elaboraci\u00f3n de proyectos que fortalezcan los<br>derechos humanos y el desarrollo social y cultural de manera sostenible, a estudiar<br>la Maestr\u00eda en Promoci\u00f3n y Desarrollo Cultural.<\/p>\n\n\n\n<p>El registro y pago de la primera convocatoria es hasta el 30 de enero, para la<br>segunda convocatoria del 23 de febrero al 6 de marzo y de la tercera convocatoria<br>del 21 de abril al 1 de mayo de 2026.<\/p>\n\n\n\n<p>El objetivo del programa es formar profesionales en los procedimientos y<br>herramientas te\u00f3rico-metodol\u00f3gicos de la gesti\u00f3n cultural y las pol\u00edticas culturales,<br>con base en un enfoque intercultural, estrat\u00e9gico, comunitario, profesionalizante y<br>orientado a la transformaci\u00f3n de problemas socioculturales en los territorios, las<br>organizaciones y las comunidades en las cuales interact\u00faan.<\/p>\n\n\n\n<p>El egresado tendr\u00e1 la capacidad de analizar conceptual y operativamente la pr\u00e1ctica<br>de la cultura en distintos niveles y \u00e1mbitos de incidencia, desde la gesti\u00f3n<br>comunitaria, p\u00fablica y privada; dise\u00f1ar\u00e1, planificar\u00e1 y ejecutar\u00e1 pol\u00edticas y proyectos<br>culturales con base en sus conocimientos y en su habilidad en el manejo<br>metodol\u00f3gico de la macro y micro planeaci\u00f3n de la cultura y en la gesti\u00f3n de<br>acciones para la ejecuci\u00f3n y administraci\u00f3n de programas y proyectos culturales.<\/p>\n\n\n\n<p>Para m\u00e1s informaci\u00f3n comunicarse con la coordinadora de la Maestr\u00eda, Dra. Ana<br>Isabel P\u00e9rez Gavil\u00e1n al correo mpdc@uadec.edu.mx y visitar la p\u00e1gina<br><a href=\"http:\/\/ceii.uadec.mx\/mpdc.html\" target=\"_blank\" rel=\"noreferrer noopener\">http:\/\/ceii.uadec.mx\/mpdc.html<\/a>.<\/p>\n","protected":false},"excerpt":{"rendered":"<p>SALTILLO, Coahuila. 29 de enero de 2026. La Universidad Aut\u00f3noma de Coahuila atrav\u00e9s del Centro de Estudios e Investigaciones Interdisciplinarias (CEII), convoca apersonas interesadas en la comprensi\u00f3n, gesti\u00f3n e intervenci\u00f3n de procesosculturales y comunitarios, mediante la elaboraci\u00f3n de proyectos que fortalezcan losderechos humanos y el desarrollo social y cultural de manera sostenible, a estudiarla Maestr\u00eda en Promoci\u00f3n y Desarrollo Cultural. El registro y pago de la primera convocatoria es hasta&#8230;<\/p>\n","protected":false},"author":1,"featured_media":30262,"comment_status":"closed","ping_status":"","sticky":false,"template":"","format":"standard","meta":{"footnotes":""},"categories":[2],"tags":[],"class_list":["post-30261","post","type-post","status-publish","format-standard","has-post-thumbnail","hentry","category-uadec","wpcat-2-id"],"_links":{"self":[{"href":"https:\/\/www.aquilaguna.com\/index.php\/wp-json\/wp\/v2\/posts\/30261","targetHints":{"allow":["GET"]}}],"collection":[{"href":"https:\/\/www.aquilaguna.com\/index.php\/wp-json\/wp\/v2\/posts"}],"about":[{"href":"https:\/\/www.aquilaguna.com\/index.php\/wp-json\/wp\/v2\/types\/post"}],"author":[{"embeddable":true,"href":"https:\/\/www.aquilaguna.com\/index.php\/wp-json\/wp\/v2\/users\/1"}],"replies":[{"embeddable":true,"href":"https:\/\/www.aquilaguna.com\/index.php\/wp-json\/wp\/v2\/comments?post=30261"}],"version-history":[{"count":1,"href":"https:\/\/www.aquilaguna.com\/index.php\/wp-json\/wp\/v2\/posts\/30261\/revisions"}],"predecessor-version":[{"id":30263,"href":"https:\/\/www.aquilaguna.com\/index.php\/wp-json\/wp\/v2\/posts\/30261\/revisions\/30263"}],"wp:featuredmedia":[{"embeddable":true,"href":"https:\/\/www.aquilaguna.com\/index.php\/wp-json\/wp\/v2\/media\/30262"}],"wp:attachment":[{"href":"https:\/\/www.aquilaguna.com\/index.php\/wp-json\/wp\/v2\/media?parent=30261"}],"wp:term":[{"taxonomy":"category","embeddable":true,"href":"https:\/\/www.aquilaguna.com\/index.php\/wp-json\/wp\/v2\/categories?post=30261"},{"taxonomy":"post_tag","embeddable":true,"href":"https:\/\/www.aquilaguna.com\/index.php\/wp-json\/wp\/v2\/tags?post=30261"}],"curies":[{"name":"wp","href":"https:\/\/api.w.org\/{rel}","templated":true}]}}