{"id":30264,"date":"2026-01-29T17:55:56","date_gmt":"2026-01-29T23:55:56","guid":{"rendered":"https:\/\/www.aquilaguna.com\/?p=30264"},"modified":"2026-01-29T17:55:56","modified_gmt":"2026-01-29T23:55:56","slug":"capacitan-a-personal-de-transito-y-vialidad-en-inteligencia-emocional","status":"publish","type":"post","link":"https:\/\/www.aquilaguna.com\/index.php\/2026\/01\/29\/capacitan-a-personal-de-transito-y-vialidad-en-inteligencia-emocional\/","title":{"rendered":"Capacitan a personal de Tr\u00e1nsito y Vialidad en inteligencia emocional."},"content":{"rendered":"\n<p>Torre\u00f3n, Coahuila. A 29 de enero de 2026.<\/p>\n\n\n\n<p>Como parte del seguimiento a las estrategias de capacitaci\u00f3n integral para el<br>personal de la Direcci\u00f3n de Tr\u00e1nsito y Vialidad, esta semana se llev\u00f3 a cabo el<br>taller de \u201cInteligencia Emocional\u201d, dirigida a los agentes y personal administrativo.<\/p>\n\n\n\n<p>Martha Alicia Faz D\u00e1vila, directora de la dependencia, indic\u00f3 que la actividad<br>forma parte de las acciones permanentes impulsadas por la Administraci\u00f3n<br>Municipal del alcalde Rom\u00e1n Alberto Cepeda Gonz\u00e1lez, para fortalecer las<br>competencias profesionales del personal, con el prop\u00f3sito de mejorar la calidad<br>del servicio que se brinda a la ciudadan\u00eda, y fomentar un desempe\u00f1o m\u00e1s<br>eficiente, emp\u00e1tico y responsable en su labor.<\/p>\n\n\n\n<p>Se\u00f1al\u00f3 que el principal objetivo de esta capacitaci\u00f3n es fortalecer el manejo<br>adecuado de las emociones en situaciones cotidianas de trabajo, particularmente<br>en la interacci\u00f3n directa con los conductores.<\/p>\n\n\n\n<p>La funcionaria explic\u00f3 que el desarrollo de habilidades emocionales, permite a los<br>elementos de vialidad responder con mayor profesionalismo ante escenarios de<br>estr\u00e9s o presi\u00f3n, contribuyendo a una atenci\u00f3n m\u00e1s humana y respetuosa hacia<br>los ciudadanos.<\/p>\n\n\n\n<p>Asimismo, indic\u00f3 que con esta actividad se refuerzan los temas relacionados con<br>el desarrollo humano, promoviendo una cultura basada en el autocontrol, la<br>empat\u00eda, la comunicaci\u00f3n efectiva y el trabajo en equipo dentro de la corporaci\u00f3n.<\/p>\n\n\n\n<p>Faz D\u00e1vila destac\u00f3 que la meta es capacitar al 100 por ciento el personal que<br>integra la direcci\u00f3n, incluyendo al de nivel operativo y administrativo.<\/p>\n\n\n\n<p>Inform\u00f3 que en la primera sesi\u00f3n participaron 60 personas, quienes asistieron a<br>las instalaciones del multideportivo de la Direcci\u00f3n de Seguridad P\u00fablica Municipal<br>(DSPM).<\/p>\n","protected":false},"excerpt":{"rendered":"<p>Torre\u00f3n, Coahuila. A 29 de enero de 2026. Como parte del seguimiento a las estrategias de capacitaci\u00f3n integral para elpersonal de la Direcci\u00f3n de Tr\u00e1nsito y Vialidad, esta semana se llev\u00f3 a cabo eltaller de \u201cInteligencia Emocional\u201d, dirigida a los agentes y personal administrativo. Martha Alicia Faz D\u00e1vila, directora de la dependencia, indic\u00f3 que la actividadforma parte de las acciones permanentes impulsadas por la Administraci\u00f3nMunicipal del alcalde Rom\u00e1n Alberto Cepeda&#8230;<\/p>\n","protected":false},"author":1,"featured_media":30265,"comment_status":"closed","ping_status":"","sticky":false,"template":"","format":"standard","meta":{"footnotes":""},"categories":[5,28,7],"tags":[],"class_list":["post-30264","post","type-post","status-publish","format-standard","has-post-thumbnail","hentry","category-coahuila","category-la-laguna","category-torreon","wpcat-5-id","wpcat-28-id","wpcat-7-id"],"_links":{"self":[{"href":"https:\/\/www.aquilaguna.com\/index.php\/wp-json\/wp\/v2\/posts\/30264","targetHints":{"allow":["GET"]}}],"collection":[{"href":"https:\/\/www.aquilaguna.com\/index.php\/wp-json\/wp\/v2\/posts"}],"about":[{"href":"https:\/\/www.aquilaguna.com\/index.php\/wp-json\/wp\/v2\/types\/post"}],"author":[{"embeddable":true,"href":"https:\/\/www.aquilaguna.com\/index.php\/wp-json\/wp\/v2\/users\/1"}],"replies":[{"embeddable":true,"href":"https:\/\/www.aquilaguna.com\/index.php\/wp-json\/wp\/v2\/comments?post=30264"}],"version-history":[{"count":1,"href":"https:\/\/www.aquilaguna.com\/index.php\/wp-json\/wp\/v2\/posts\/30264\/revisions"}],"predecessor-version":[{"id":30266,"href":"https:\/\/www.aquilaguna.com\/index.php\/wp-json\/wp\/v2\/posts\/30264\/revisions\/30266"}],"wp:featuredmedia":[{"embeddable":true,"href":"https:\/\/www.aquilaguna.com\/index.php\/wp-json\/wp\/v2\/media\/30265"}],"wp:attachment":[{"href":"https:\/\/www.aquilaguna.com\/index.php\/wp-json\/wp\/v2\/media?parent=30264"}],"wp:term":[{"taxonomy":"category","embeddable":true,"href":"https:\/\/www.aquilaguna.com\/index.php\/wp-json\/wp\/v2\/categories?post=30264"},{"taxonomy":"post_tag","embeddable":true,"href":"https:\/\/www.aquilaguna.com\/index.php\/wp-json\/wp\/v2\/tags?post=30264"}],"curies":[{"name":"wp","href":"https:\/\/api.w.org\/{rel}","templated":true}]}}