{"id":30267,"date":"2026-01-29T17:57:54","date_gmt":"2026-01-29T23:57:54","guid":{"rendered":"https:\/\/www.aquilaguna.com\/?p=30267"},"modified":"2026-01-29T17:57:54","modified_gmt":"2026-01-29T23:57:54","slug":"roman-alberto-cepeda-gonzalez-firma-convenio-con-tec-milenio","status":"publish","type":"post","link":"https:\/\/www.aquilaguna.com\/index.php\/2026\/01\/29\/roman-alberto-cepeda-gonzalez-firma-convenio-con-tec-milenio\/","title":{"rendered":"Rom\u00e1n Alberto Cepeda Gonz\u00e1lez firma convenio con Tec Milenio."},"content":{"rendered":"\n<p>Torre\u00f3n, Coahuila. A 29 de enero de 2026.<\/p>\n\n\n\n<p>Este jueves el alcalde Rom\u00e1n Alberto Cepeda Gonz\u00e1lez firm\u00f3 un convenio de<br>colaboraci\u00f3n con Tecmilenio Laguna para impulsar, mediante becas a las y los<br>trabajadores municipales y sus familias, el desarrollo profesional y fortalecer el<br>capital humano de la Administraci\u00f3n Municipal, contribuyendo al crecimiento<br>econ\u00f3mico de Torre\u00f3n.<\/p>\n\n\n\n<p>El Presidente Municipal dijo que estas iniciativas son parte de las estrategias para<br>fortalecer la profesionalizaci\u00f3n de los servidores p\u00fablicos, para promover su<br>crecimiento laboral y personal, as\u00ed como el fortalecimiento de sus capacidades y<br>competencias.<\/p>\n\n\n\n<p>\u201cEl acceso a la educaci\u00f3n superior representa una herramienta fundamental para<br>mejorar el desempe\u00f1o laboral, elevar la calidad del servicio p\u00fablico y contribuir al<br>desarrollo institucional, por lo que este tipo de convenios buscan generar mayores<br>oportunidades de formaci\u00f3n acad\u00e9mica para los trabajadores\u201d, dijo el edil.<\/p>\n\n\n\n<p>Por su parte, Marcelo Vald\u00e9s Quintanilla, director de Desarrollo Econ\u00f3mico,<br>explic\u00f3 que el convenio es para nivel preparatoria y profesional, y las becas son de<br>un 30 y 40 por ciento de descuento, seg\u00fan la carrera.<\/p>\n\n\n\n<p>Adem\u00e1s, el Tec Milenio tiene cursos de ingl\u00e9s, Excel, Power BI, Python,<br>habilidades directivas, y preparatoria para adultos, entre otros, que tambi\u00e9n entran<br>en la oferta educativa para los trabajadores municipales o sus familias.<\/p>\n\n\n\n<p>Estuvieron presentes: Iris Carolina M\u00e1rquez S\u00e1nchez, Directora General<br>Tecmilenio Campus Laguna; Ana Ixchel Correa Silva, Directora de Vinculaci\u00f3n;<br>H\u00e9ctor Iv\u00e1n F\u00e9rniza Dur\u00e1n, Director de Servicios de apoyo.<\/p>\n","protected":false},"excerpt":{"rendered":"<p>Torre\u00f3n, Coahuila. A 29 de enero de 2026. Este jueves el alcalde Rom\u00e1n Alberto Cepeda Gonz\u00e1lez firm\u00f3 un convenio decolaboraci\u00f3n con Tecmilenio Laguna para impulsar, mediante becas a las y lostrabajadores municipales y sus familias, el desarrollo profesional y fortalecer elcapital humano de la Administraci\u00f3n Municipal, contribuyendo al crecimientoecon\u00f3mico de Torre\u00f3n. El Presidente Municipal dijo que estas iniciativas son parte de las estrategias parafortalecer la profesionalizaci\u00f3n de los servidores p\u00fablicos,&#8230;<\/p>\n","protected":false},"author":1,"featured_media":30268,"comment_status":"closed","ping_status":"","sticky":false,"template":"","format":"standard","meta":{"footnotes":""},"categories":[5,28,7],"tags":[],"class_list":["post-30267","post","type-post","status-publish","format-standard","has-post-thumbnail","hentry","category-coahuila","category-la-laguna","category-torreon","wpcat-5-id","wpcat-28-id","wpcat-7-id"],"_links":{"self":[{"href":"https:\/\/www.aquilaguna.com\/index.php\/wp-json\/wp\/v2\/posts\/30267","targetHints":{"allow":["GET"]}}],"collection":[{"href":"https:\/\/www.aquilaguna.com\/index.php\/wp-json\/wp\/v2\/posts"}],"about":[{"href":"https:\/\/www.aquilaguna.com\/index.php\/wp-json\/wp\/v2\/types\/post"}],"author":[{"embeddable":true,"href":"https:\/\/www.aquilaguna.com\/index.php\/wp-json\/wp\/v2\/users\/1"}],"replies":[{"embeddable":true,"href":"https:\/\/www.aquilaguna.com\/index.php\/wp-json\/wp\/v2\/comments?post=30267"}],"version-history":[{"count":1,"href":"https:\/\/www.aquilaguna.com\/index.php\/wp-json\/wp\/v2\/posts\/30267\/revisions"}],"predecessor-version":[{"id":30269,"href":"https:\/\/www.aquilaguna.com\/index.php\/wp-json\/wp\/v2\/posts\/30267\/revisions\/30269"}],"wp:featuredmedia":[{"embeddable":true,"href":"https:\/\/www.aquilaguna.com\/index.php\/wp-json\/wp\/v2\/media\/30268"}],"wp:attachment":[{"href":"https:\/\/www.aquilaguna.com\/index.php\/wp-json\/wp\/v2\/media?parent=30267"}],"wp:term":[{"taxonomy":"category","embeddable":true,"href":"https:\/\/www.aquilaguna.com\/index.php\/wp-json\/wp\/v2\/categories?post=30267"},{"taxonomy":"post_tag","embeddable":true,"href":"https:\/\/www.aquilaguna.com\/index.php\/wp-json\/wp\/v2\/tags?post=30267"}],"curies":[{"name":"wp","href":"https:\/\/api.w.org\/{rel}","templated":true}]}}